{"id":1149,"date":"2018-09-17T16:30:45","date_gmt":"2018-09-17T14:30:45","guid":{"rendered":"http:\/\/www.gemeinsame-jugendarbeit.de\/wordpress\/?p=1149"},"modified":"2018-09-17T16:30:45","modified_gmt":"2018-09-17T14:30:45","slug":"eintauchen-in-die-welt-der-filme","status":"publish","type":"post","link":"https:\/\/www.gemeinsame-jugendarbeit.de\/wordpress\/2018\/09\/17\/eintauchen-in-die-welt-der-filme\/","title":{"rendered":"Eintauchen in die Welt der Filme!&#8220;"},"content":{"rendered":"<p>Die X-Konfi- &amp; Mitarbeiterfahrt f\u00fchrte \u00fcber die 30 Teilnehmenden in den Movie Park nach Bottrop. Rasante Fahrgesch\u00e4fte und coole Shows rund um gro\u00dfe Hollywoodfilme konnten einen ganzen Tag genossen und ausprobiert werden. Ein Highlight war auch die Parade, an der 50 besondere US-Cars teilnahmen.<\/p>\n<p>#gemeinsamejugendarbeit #gja #sch\u00f6tmar #sylbach #zusammenunterwegs #x-konfitour #startrekwarcool #dankejesus<\/p>\n<p>&nbsp;<\/p>\n<p>&nbsp;<\/p>\n<p><a href=\"https:\/\/i0.wp.com\/cvjm-sylbach.de\/wp-content\/uploads\/2018\/09\/IMG-20180916-WA0000.jpg\" target=\"_blank\" rel=\"noopener\"><img fetchpriority=\"high\" decoding=\"async\" class=\"alignnone wp-image-1066 size-medium\" src=\"https:\/\/i0.wp.com\/cvjm-sylbach.de\/wp-content\/uploads\/2018\/09\/IMG-20180916-WA0000-300x225.jpg?resize=300%2C225\" alt=\"\" width=\"300\" height=\"225\"  data-recalc-dims=\"1\"><\/a> <a href=\"https:\/\/i0.wp.com\/cvjm-sylbach.de\/wp-content\/uploads\/2018\/09\/20180915_173550.jpg\" target=\"_blank\" rel=\"noopener\"><img decoding=\"async\" class=\"alignnone wp-image-1065 size-medium\" src=\"https:\/\/i0.wp.com\/cvjm-sylbach.de\/wp-content\/uploads\/2018\/09\/20180915_173550-300x225.jpg?resize=300%2C225\" alt=\"\" width=\"300\" height=\"225\"  data-recalc-dims=\"1\"><\/a> <a href=\"https:\/\/i0.wp.com\/cvjm-sylbach.de\/wp-content\/uploads\/2018\/09\/20180915_151539.jpg\" target=\"_blank\" rel=\"noopener\"><img decoding=\"async\" class=\"alignnone wp-image-1068 size-medium\" src=\"https:\/\/i0.wp.com\/cvjm-sylbach.de\/wp-content\/uploads\/2018\/09\/20180915_151539-300x225.jpg?resize=300%2C225\" alt=\"\" width=\"300\" height=\"225\"  data-recalc-dims=\"1\"><\/a> <a href=\"https:\/\/i0.wp.com\/cvjm-sylbach.de\/wp-content\/uploads\/2018\/09\/20180915_130956.jpg\" target=\"_blank\" rel=\"noopener\"><img loading=\"lazy\" decoding=\"async\" class=\"alignnone wp-image-1062 size-medium\" src=\"https:\/\/i0.wp.com\/cvjm-sylbach.de\/wp-content\/uploads\/2018\/09\/20180915_130956-300x225.jpg?resize=300%2C225\" alt=\"\" width=\"300\" height=\"225\"  data-recalc-dims=\"1\"><\/a> <a href=\"https:\/\/i0.wp.com\/cvjm-sylbach.de\/wp-content\/uploads\/2018\/09\/VideoCapture_20180915-180503.jpg\" target=\"_blank\" rel=\"noopener\"><img loading=\"lazy\" decoding=\"async\" class=\"alignnone wp-image-1067 \" src=\"https:\/\/i0.wp.com\/cvjm-sylbach.de\/wp-content\/uploads\/2018\/09\/VideoCapture_20180915-180503-169x300.jpg?resize=300%2C533\" alt=\"\" width=\"300\" height=\"533\"  data-recalc-dims=\"1\"><\/a><\/p>\n","protected":false},"excerpt":{"rendered":"<p>Die X-Konfi- &amp; Mitarbeiterfahrt f\u00fchrte \u00fcber die 30 Teilnehmenden in den Movie Park nach Bottrop. Rasante Fahrgesch\u00e4fte und coole Shows rund um gro\u00dfe Hollywoodfilme konnten einen ganzen Tag genossen und&#8230; <\/p>\n<div class=\"link-more\"><a href=\"https:\/\/www.gemeinsame-jugendarbeit.de\/wordpress\/2018\/09\/17\/eintauchen-in-die-welt-der-filme\/\">Weiterlesen<\/a><\/div>\n","protected":false},"author":1,"featured_media":1150,"comment_status":"closed","ping_status":"closed","sticky":false,"template":"","format":"standard","meta":{"ngg_post_thumbnail":0,"_jetpack_newsletter_access":""},"categories":[1,4],"tags":[],"jetpack_featured_media_url":"https:\/\/i0.wp.com\/www.gemeinsame-jugendarbeit.de\/wordpress\/wp-content\/uploads\/2018\/09\/IMG-20180915-WA0023.jpg?fit=1328%2C747&ssl=1","jetpack_sharing_enabled":true,"jetpack_shortlink":"https:\/\/wp.me\/p8sCNj-ix","jetpack-related-posts":[{"id":923,"url":"https:\/\/www.gemeinsame-jugendarbeit.de\/wordpress\/2018\/04\/25\/kibiwo-2018-bericht\/","url_meta":{"origin":1149,"position":0},"title":"Kibiwo 2018 &#8211; Bericht","author":"schwarze","date":"25. April 2018","format":false,"excerpt":"\u201eZeitreise zu schr\u00e4gen Typen\u201c \u2013 unter diesem Motto stand in diesem Jahr die Kinderbibelwoche (KiBiWo) in der zweiter Osterferienwoche in Sch\u00f6tmar. Diese wird von der Gemeinsamen Jugendarbeit der ev. Kirchengemeinden Sch\u00f6tmar und Sylbach organisiert und veranstaltet. Zusammen mit 16 jugendlichen Mitarbeitern, die teilweise fr\u00fcher selbst Teilnehmer waren, Gemeindep\u00e4dagoge Axel Schwarze\u2026","rel":"","context":"In &quot;Allgemein&quot;","block_context":{"text":"Allgemein","link":"https:\/\/www.gemeinsame-jugendarbeit.de\/wordpress\/category\/allgemein\/"},"img":{"alt_text":"","src":"https:\/\/i0.wp.com\/www.gemeinsame-jugendarbeit.de\/wordpress\/wp-content\/uploads\/2018\/02\/Kibiwo_mauer_bunt_rand.jpg?fit=1082%2C1200&ssl=1&resize=350%2C200","width":350,"height":200,"srcset":"https:\/\/i0.wp.com\/www.gemeinsame-jugendarbeit.de\/wordpress\/wp-content\/uploads\/2018\/02\/Kibiwo_mauer_bunt_rand.jpg?fit=1082%2C1200&ssl=1&resize=350%2C200 1x, https:\/\/i0.wp.com\/www.gemeinsame-jugendarbeit.de\/wordpress\/wp-content\/uploads\/2018\/02\/Kibiwo_mauer_bunt_rand.jpg?fit=1082%2C1200&ssl=1&resize=525%2C300 1.5x, https:\/\/i0.wp.com\/www.gemeinsame-jugendarbeit.de\/wordpress\/wp-content\/uploads\/2018\/02\/Kibiwo_mauer_bunt_rand.jpg?fit=1082%2C1200&ssl=1&resize=700%2C400 2x, https:\/\/i0.wp.com\/www.gemeinsame-jugendarbeit.de\/wordpress\/wp-content\/uploads\/2018\/02\/Kibiwo_mauer_bunt_rand.jpg?fit=1082%2C1200&ssl=1&resize=1050%2C600 3x"},"classes":[]},{"id":609,"url":"https:\/\/www.gemeinsame-jugendarbeit.de\/wordpress\/2017\/09\/14\/churchnight-2017\/","url_meta":{"origin":1149,"position":1},"title":"CHURCHNIGHT 2017 &#8211; Das war&#8217;s!","author":"schwarze","date":"14. September 2017","format":false,"excerpt":"Reformation einmal anders: Glaube und Kirche \u2013 modern, jugendlich und f\u00fcr jeden geeignet! Das war die Churchnight 2017! \u00a0Wie kann man Jugendliche und (junge) Erwachsene f\u00fcr das 500 Jahre alte Thema der Reformation interessieren oder sogar begeistern? Dieser Aufgabe haben sich Mitarbeitende der Gemeinsamen Jugendarbeit in Sylbach und Sch\u00f6tmar und\u2026","rel":"","context":"In &quot;Allgemein&quot;","block_context":{"text":"Allgemein","link":"https:\/\/www.gemeinsame-jugendarbeit.de\/wordpress\/category\/allgemein\/"},"img":{"alt_text":"","src":"https:\/\/i0.wp.com\/www.gemeinsame-jugendarbeit.de\/wordpress\/wp-content\/uploads\/2017\/10\/IMG_1506.jpg?fit=1200%2C800&ssl=1&resize=350%2C200","width":350,"height":200,"srcset":"https:\/\/i0.wp.com\/www.gemeinsame-jugendarbeit.de\/wordpress\/wp-content\/uploads\/2017\/10\/IMG_1506.jpg?fit=1200%2C800&ssl=1&resize=350%2C200 1x, https:\/\/i0.wp.com\/www.gemeinsame-jugendarbeit.de\/wordpress\/wp-content\/uploads\/2017\/10\/IMG_1506.jpg?fit=1200%2C800&ssl=1&resize=525%2C300 1.5x, https:\/\/i0.wp.com\/www.gemeinsame-jugendarbeit.de\/wordpress\/wp-content\/uploads\/2017\/10\/IMG_1506.jpg?fit=1200%2C800&ssl=1&resize=700%2C400 2x, https:\/\/i0.wp.com\/www.gemeinsame-jugendarbeit.de\/wordpress\/wp-content\/uploads\/2017\/10\/IMG_1506.jpg?fit=1200%2C800&ssl=1&resize=1050%2C600 3x"},"classes":[]},{"id":3539,"url":"https:\/\/www.gemeinsame-jugendarbeit.de\/wordpress\/2022\/05\/03\/3539\/","url_meta":{"origin":1149,"position":2},"title":"Kinderbibelwoche 2022 &#8211; ein R\u00fcckblick","author":"schwarze","date":"3. Mai 2022","format":false,"excerpt":"Wie k\u00f6nnen Kinder heutzutage Jesus erleben? Nat\u00fcrlich in der Kinderbibelwoche! \u201eJesus erleben!\u201c lautete der Titel der diesj\u00e4hrigen Kinderbibelwoche in der Woche nach Ostern in Sch\u00f6tmar. Aber was haben die Geschichten vom verlorenen Schaf, die Stillung des Sturms oder das gro\u00dfe Festmahl mit den Menschen von heute zu tun? Zusammen mit\u2026","rel":"","context":"In &quot;Allgemein&quot;","block_context":{"text":"Allgemein","link":"https:\/\/www.gemeinsame-jugendarbeit.de\/wordpress\/category\/allgemein\/"},"img":{"alt_text":"","src":"https:\/\/i0.wp.com\/www.gemeinsame-jugendarbeit.de\/wordpress\/wp-content\/uploads\/2022\/05\/20220422_121414-scaled.jpg?fit=1200%2C675&ssl=1&resize=350%2C200","width":350,"height":200,"srcset":"https:\/\/i0.wp.com\/www.gemeinsame-jugendarbeit.de\/wordpress\/wp-content\/uploads\/2022\/05\/20220422_121414-scaled.jpg?fit=1200%2C675&ssl=1&resize=350%2C200 1x, https:\/\/i0.wp.com\/www.gemeinsame-jugendarbeit.de\/wordpress\/wp-content\/uploads\/2022\/05\/20220422_121414-scaled.jpg?fit=1200%2C675&ssl=1&resize=525%2C300 1.5x, https:\/\/i0.wp.com\/www.gemeinsame-jugendarbeit.de\/wordpress\/wp-content\/uploads\/2022\/05\/20220422_121414-scaled.jpg?fit=1200%2C675&ssl=1&resize=700%2C400 2x, https:\/\/i0.wp.com\/www.gemeinsame-jugendarbeit.de\/wordpress\/wp-content\/uploads\/2022\/05\/20220422_121414-scaled.jpg?fit=1200%2C675&ssl=1&resize=1050%2C600 3x"},"classes":[]},{"id":1343,"url":"https:\/\/www.gemeinsame-jugendarbeit.de\/wordpress\/2019\/05\/01\/das-war-die-kinderbibelwoche-2019\/","url_meta":{"origin":1149,"position":3},"title":"Das war die Kinderbibelwoche 2019","author":"schwarze","date":"1. Mai 2019","format":false,"excerpt":"Eine Woche rund um das Labyrinth von Susa und die mutige K\u00f6nigin Esther - Die gemeinsame Jugendarbeit der evangelischen Kirchengemeinden in Sch\u00f6tmar und Sylbach hatte wieder ein starkes Programm organisiert. Ein Team aus 15 Ehrenamtlichen unter Leitung von Diakon Axel Schwarze und Pfr. Matthias Schmidt hatte f\u00fcr \u00fcber 60 Kinder\u2026","rel":"","context":"In &quot;Allgemein&quot;","block_context":{"text":"Allgemein","link":"https:\/\/www.gemeinsame-jugendarbeit.de\/wordpress\/category\/allgemein\/"},"img":{"alt_text":"","src":"https:\/\/i0.wp.com\/www.gemeinsame-jugendarbeit.de\/wordpress\/wp-content\/uploads\/2019\/02\/kbw2019_plakat.jpg?fit=855%2C1200&ssl=1&resize=350%2C200","width":350,"height":200,"srcset":"https:\/\/i0.wp.com\/www.gemeinsame-jugendarbeit.de\/wordpress\/wp-content\/uploads\/2019\/02\/kbw2019_plakat.jpg?fit=855%2C1200&ssl=1&resize=350%2C200 1x, https:\/\/i0.wp.com\/www.gemeinsame-jugendarbeit.de\/wordpress\/wp-content\/uploads\/2019\/02\/kbw2019_plakat.jpg?fit=855%2C1200&ssl=1&resize=525%2C300 1.5x, https:\/\/i0.wp.com\/www.gemeinsame-jugendarbeit.de\/wordpress\/wp-content\/uploads\/2019\/02\/kbw2019_plakat.jpg?fit=855%2C1200&ssl=1&resize=700%2C400 2x"},"classes":[]},{"id":4756,"url":"https:\/\/www.gemeinsame-jugendarbeit.de\/wordpress\/2025\/01\/07\/weihnachtsspass-fuer-gross-und-klein-ein-nachmittag-voller-musik-freude-und-gemeinschaft-mit-daniel-kallauch\/","url_meta":{"origin":1149,"position":4},"title":"Tolle Adventsshow mit Daniel Kallauch","author":"schwarze","date":"7. Januar 2025","format":false,"excerpt":"Weihnachtsspa\u00df f\u00fcr Gro\u00df und Klein: Ein Nachmittag voller Musik, Freude und Gemeinschaft Am 20. Dezember 2024 verwandelte sich die Aula des Schulzentrums Lohfeld in Bad Salzuflen in eine fr\u00f6hliche Weihnachtsliederwelt, die Gro\u00df und Klein gleicherma\u00dfen begeisterte. Rund 250 Besucher*innen folgten der Einladung zu einem besonderen Adventserlebnis mit Daniel Kallauch und\u2026","rel":"","context":"In &quot;Allgemein&quot;","block_context":{"text":"Allgemein","link":"https:\/\/www.gemeinsame-jugendarbeit.de\/wordpress\/category\/allgemein\/"},"img":{"alt_text":"","src":"https:\/\/i0.wp.com\/www.gemeinsame-jugendarbeit.de\/wordpress\/wp-content\/uploads\/2024\/11\/Kallauch_Foto_Text.jpeg?fit=1200%2C800&ssl=1&resize=350%2C200","width":350,"height":200,"srcset":"https:\/\/i0.wp.com\/www.gemeinsame-jugendarbeit.de\/wordpress\/wp-content\/uploads\/2024\/11\/Kallauch_Foto_Text.jpeg?fit=1200%2C800&ssl=1&resize=350%2C200 1x, https:\/\/i0.wp.com\/www.gemeinsame-jugendarbeit.de\/wordpress\/wp-content\/uploads\/2024\/11\/Kallauch_Foto_Text.jpeg?fit=1200%2C800&ssl=1&resize=525%2C300 1.5x, https:\/\/i0.wp.com\/www.gemeinsame-jugendarbeit.de\/wordpress\/wp-content\/uploads\/2024\/11\/Kallauch_Foto_Text.jpeg?fit=1200%2C800&ssl=1&resize=700%2C400 2x, https:\/\/i0.wp.com\/www.gemeinsame-jugendarbeit.de\/wordpress\/wp-content\/uploads\/2024\/11\/Kallauch_Foto_Text.jpeg?fit=1200%2C800&ssl=1&resize=1050%2C600 3x"},"classes":[]},{"id":5041,"url":"https:\/\/www.gemeinsame-jugendarbeit.de\/wordpress\/2025\/11\/26\/elementor-5041\/","url_meta":{"origin":1149,"position":5},"title":"Holzhauser Adventsmarkt an der Sylbacher Kirche \u2013 29.11.2025","author":"schwarze","date":"26. November 2025","format":false,"excerpt":"Adventsmarkt in Holzhausen \u2013 gemeinsam in denAdvent starten\u00a0Am Samstag vor dem 1. Advent, am 29. November, laden die Holzhauser Vereine und Institutionen herzlich zum Adventsmarkt an der Sylbacher Kirche (Sylbacher Stra\u00dfe 271, Bad Salzuflen) ein.Von 15 bis 18 Uhr verwandelt sich das Kirchengel\u00e4nde in einen gem\u00fctlichen Treffpunkt f\u00fcr Gro\u00df und\u2026","rel":"","context":"In &quot;Allgemein&quot;","block_context":{"text":"Allgemein","link":"https:\/\/www.gemeinsame-jugendarbeit.de\/wordpress\/category\/allgemein\/"},"img":{"alt_text":"","src":"https:\/\/i0.wp.com\/www.gemeinsame-jugendarbeit.de\/wordpress\/wp-content\/uploads\/2025\/11\/Adventsmarkt_2025_ohneBus_Flyer-scaled.jpg?fit=848%2C1200&ssl=1&resize=350%2C200","width":350,"height":200,"srcset":"https:\/\/i0.wp.com\/www.gemeinsame-jugendarbeit.de\/wordpress\/wp-content\/uploads\/2025\/11\/Adventsmarkt_2025_ohneBus_Flyer-scaled.jpg?fit=848%2C1200&ssl=1&resize=350%2C200 1x, https:\/\/i0.wp.com\/www.gemeinsame-jugendarbeit.de\/wordpress\/wp-content\/uploads\/2025\/11\/Adventsmarkt_2025_ohneBus_Flyer-scaled.jpg?fit=848%2C1200&ssl=1&resize=525%2C300 1.5x, https:\/\/i0.wp.com\/www.gemeinsame-jugendarbeit.de\/wordpress\/wp-content\/uploads\/2025\/11\/Adventsmarkt_2025_ohneBus_Flyer-scaled.jpg?fit=848%2C1200&ssl=1&resize=700%2C400 2x"},"classes":[]}],"publishpress_future_action":{"enabled":false,"date":"2026-05-05 20:01:14","action":"change-status","newStatus":"draft","terms":[],"taxonomy":"category"},"publishpress_future_workflow_manual_trigger":{"enabledWorkflows":[]},"_links":{"self":[{"href":"https:\/\/www.gemeinsame-jugendarbeit.de\/wordpress\/wp-json\/wp\/v2\/posts\/1149"}],"collection":[{"href":"https:\/\/www.gemeinsame-jugendarbeit.de\/wordpress\/wp-json\/wp\/v2\/posts"}],"about":[{"href":"https:\/\/www.gemeinsame-jugendarbeit.de\/wordpress\/wp-json\/wp\/v2\/types\/post"}],"author":[{"embeddable":true,"href":"https:\/\/www.gemeinsame-jugendarbeit.de\/wordpress\/wp-json\/wp\/v2\/users\/1"}],"replies":[{"embeddable":true,"href":"https:\/\/www.gemeinsame-jugendarbeit.de\/wordpress\/wp-json\/wp\/v2\/comments?post=1149"}],"version-history":[{"count":1,"href":"https:\/\/www.gemeinsame-jugendarbeit.de\/wordpress\/wp-json\/wp\/v2\/posts\/1149\/revisions"}],"predecessor-version":[{"id":1151,"href":"https:\/\/www.gemeinsame-jugendarbeit.de\/wordpress\/wp-json\/wp\/v2\/posts\/1149\/revisions\/1151"}],"wp:featuredmedia":[{"embeddable":true,"href":"https:\/\/www.gemeinsame-jugendarbeit.de\/wordpress\/wp-json\/wp\/v2\/media\/1150"}],"wp:attachment":[{"href":"https:\/\/www.gemeinsame-jugendarbeit.de\/wordpress\/wp-json\/wp\/v2\/media?parent=1149"}],"wp:term":[{"taxonomy":"category","embeddable":true,"href":"https:\/\/www.gemeinsame-jugendarbeit.de\/wordpress\/wp-json\/wp\/v2\/categories?post=1149"},{"taxonomy":"post_tag","embeddable":true,"href":"https:\/\/www.gemeinsame-jugendarbeit.de\/wordpress\/wp-json\/wp\/v2\/tags?post=1149"}],"curies":[{"name":"wp","href":"https:\/\/api.w.org\/{rel}","templated":true}]}}