{"id":1178,"date":"2018-11-10T07:59:36","date_gmt":"2018-11-10T06:59:36","guid":{"rendered":"http:\/\/www.gemeinsame-jugendarbeit.de\/wordpress\/?p=1178"},"modified":"2018-11-19T08:08:05","modified_gmt":"2018-11-19T07:08:05","slug":"jungscharnachmittag-in-pivitsheide","status":"publish","type":"post","link":"https:\/\/www.gemeinsame-jugendarbeit.de\/wordpress\/2018\/11\/10\/jungscharnachmittag-in-pivitsheide\/","title":{"rendered":"Jungscharnachmittag in Pivitsheide"},"content":{"rendered":"<p>Der CVJM Kreisverband Lippe hat auch dieses Jahr wieder den Jungscharnachmittag in Pivitsheide organisiert. Auch wir aus Sylbach sind mit 10 Kindern im Schlepptau am 16. November aufgebrochen. Nicht nur f\u00fcr uns Mitarbeiter ist es sch\u00f6n alle anderen Jungscharkinder der verschiedenen Jungscharen aus Lippe wieder zu treffen.&nbsp;<\/p>\n<p>Im Vordergrund standen verschiedene Ballspiele, mit verschieden gro\u00dfen B\u00e4llen. Eine Variante von V\u00f6lkerball, ein Zonenballspiel und ein Laufspiel mit B\u00e4llen wurden gespielt. Die 2 Stunden vergingen so wie im Flug. Nat\u00fcrlich durfte die altbekannte Mitarbeiterrunde beim Spielen auch dieses Jahr nicht fehlen. Und so nahm Sylbach den Sieg nach Hause!<\/p>\n<p>Ein bisschen Singen und eine nette Andacht haben den tollen Nachmittag abgerundet.<\/p>\n<p>&nbsp;<\/p>\n<p>Janis Reineke<\/p>\n<p>&nbsp;<\/p>\n<p><a href=\"https:\/\/i0.wp.com\/www.gemeinsame-jugendarbeit.de\/wordpress\/wp-content\/uploads\/2018\/11\/Jungscharnachmittag2018_1.jpeg?ssl=1\" target=\"_blank\" rel=\"noopener\"><img data-attachment-id=\"1179\" data-permalink=\"https:\/\/www.gemeinsame-jugendarbeit.de\/wordpress\/2018\/11\/10\/jungscharnachmittag-in-pivitsheide\/jungscharnachmittag2018_1\/\" data-orig-file=\"https:\/\/i0.wp.com\/www.gemeinsame-jugendarbeit.de\/wordpress\/wp-content\/uploads\/2018\/11\/Jungscharnachmittag2018_1.jpeg?fit=1600%2C1200&amp;ssl=1\" data-orig-size=\"1600,1200\" data-comments-opened=\"0\" data-image-meta=\"{&quot;aperture&quot;:&quot;0&quot;,&quot;credit&quot;:&quot;&quot;,&quot;camera&quot;:&quot;&quot;,&quot;caption&quot;:&quot;&quot;,&quot;created_timestamp&quot;:&quot;0&quot;,&quot;copyright&quot;:&quot;&quot;,&quot;focal_length&quot;:&quot;0&quot;,&quot;iso&quot;:&quot;0&quot;,&quot;shutter_speed&quot;:&quot;0&quot;,&quot;title&quot;:&quot;&quot;,&quot;orientation&quot;:&quot;0&quot;}\" data-image-title=\"Jungscharnachmittag2018_1\" data-image-description=\"\" data-image-caption=\"\" data-medium-file=\"https:\/\/i0.wp.com\/www.gemeinsame-jugendarbeit.de\/wordpress\/wp-content\/uploads\/2018\/11\/Jungscharnachmittag2018_1.jpeg?fit=300%2C225&amp;ssl=1\" data-large-file=\"https:\/\/i0.wp.com\/www.gemeinsame-jugendarbeit.de\/wordpress\/wp-content\/uploads\/2018\/11\/Jungscharnachmittag2018_1.jpeg?fit=1000%2C750&amp;ssl=1\" fetchpriority=\"high\" decoding=\"async\" class=\"alignnone wp-image-1179\" src=\"https:\/\/i0.wp.com\/www.gemeinsame-jugendarbeit.de\/wordpress\/wp-content\/uploads\/2018\/11\/Jungscharnachmittag2018_1.jpeg?resize=496%2C372&#038;ssl=1\" alt=\"\" width=\"496\" height=\"372\" srcset=\"https:\/\/i0.wp.com\/www.gemeinsame-jugendarbeit.de\/wordpress\/wp-content\/uploads\/2018\/11\/Jungscharnachmittag2018_1.jpeg?resize=300%2C225&amp;ssl=1 300w, https:\/\/i0.wp.com\/www.gemeinsame-jugendarbeit.de\/wordpress\/wp-content\/uploads\/2018\/11\/Jungscharnachmittag2018_1.jpeg?resize=768%2C576&amp;ssl=1 768w, https:\/\/i0.wp.com\/www.gemeinsame-jugendarbeit.de\/wordpress\/wp-content\/uploads\/2018\/11\/Jungscharnachmittag2018_1.jpeg?resize=1024%2C768&amp;ssl=1 1024w, https:\/\/i0.wp.com\/www.gemeinsame-jugendarbeit.de\/wordpress\/wp-content\/uploads\/2018\/11\/Jungscharnachmittag2018_1.jpeg?resize=400%2C300&amp;ssl=1 400w, https:\/\/i0.wp.com\/www.gemeinsame-jugendarbeit.de\/wordpress\/wp-content\/uploads\/2018\/11\/Jungscharnachmittag2018_1.jpeg?w=1600&amp;ssl=1 1600w\" sizes=\"(max-width: 496px) 100vw, 496px\" data-recalc-dims=\"1\" \/><\/a><\/p>\n<p><a href=\"https:\/\/i0.wp.com\/www.gemeinsame-jugendarbeit.de\/wordpress\/wp-content\/uploads\/2018\/11\/Jungscharnachmittag2018_3.jpeg?ssl=1\" target=\"_blank\" rel=\"noopener\"><img data-attachment-id=\"1180\" data-permalink=\"https:\/\/www.gemeinsame-jugendarbeit.de\/wordpress\/2018\/11\/10\/jungscharnachmittag-in-pivitsheide\/jungscharnachmittag2018_3\/\" data-orig-file=\"https:\/\/i0.wp.com\/www.gemeinsame-jugendarbeit.de\/wordpress\/wp-content\/uploads\/2018\/11\/Jungscharnachmittag2018_3.jpeg?fit=1200%2C1600&amp;ssl=1\" data-orig-size=\"1200,1600\" data-comments-opened=\"0\" data-image-meta=\"{&quot;aperture&quot;:&quot;0&quot;,&quot;credit&quot;:&quot;&quot;,&quot;camera&quot;:&quot;&quot;,&quot;caption&quot;:&quot;&quot;,&quot;created_timestamp&quot;:&quot;0&quot;,&quot;copyright&quot;:&quot;&quot;,&quot;focal_length&quot;:&quot;0&quot;,&quot;iso&quot;:&quot;0&quot;,&quot;shutter_speed&quot;:&quot;0&quot;,&quot;title&quot;:&quot;&quot;,&quot;orientation&quot;:&quot;0&quot;}\" data-image-title=\"Jungscharnachmittag2018_3\" data-image-description=\"\" data-image-caption=\"\" data-medium-file=\"https:\/\/i0.wp.com\/www.gemeinsame-jugendarbeit.de\/wordpress\/wp-content\/uploads\/2018\/11\/Jungscharnachmittag2018_3.jpeg?fit=225%2C300&amp;ssl=1\" data-large-file=\"https:\/\/i0.wp.com\/www.gemeinsame-jugendarbeit.de\/wordpress\/wp-content\/uploads\/2018\/11\/Jungscharnachmittag2018_3.jpeg?fit=768%2C1024&amp;ssl=1\" decoding=\"async\" class=\"alignnone wp-image-1180 size-medium\" src=\"https:\/\/i0.wp.com\/www.gemeinsame-jugendarbeit.de\/wordpress\/wp-content\/uploads\/2018\/11\/Jungscharnachmittag2018_3.jpeg?resize=225%2C300&#038;ssl=1\" alt=\"\" width=\"225\" height=\"300\" srcset=\"https:\/\/i0.wp.com\/www.gemeinsame-jugendarbeit.de\/wordpress\/wp-content\/uploads\/2018\/11\/Jungscharnachmittag2018_3.jpeg?resize=225%2C300&amp;ssl=1 225w, https:\/\/i0.wp.com\/www.gemeinsame-jugendarbeit.de\/wordpress\/wp-content\/uploads\/2018\/11\/Jungscharnachmittag2018_3.jpeg?resize=768%2C1024&amp;ssl=1 768w, https:\/\/i0.wp.com\/www.gemeinsame-jugendarbeit.de\/wordpress\/wp-content\/uploads\/2018\/11\/Jungscharnachmittag2018_3.jpeg?resize=630%2C840&amp;ssl=1 630w, https:\/\/i0.wp.com\/www.gemeinsame-jugendarbeit.de\/wordpress\/wp-content\/uploads\/2018\/11\/Jungscharnachmittag2018_3.jpeg?resize=960%2C1280&amp;ssl=1 960w, https:\/\/i0.wp.com\/www.gemeinsame-jugendarbeit.de\/wordpress\/wp-content\/uploads\/2018\/11\/Jungscharnachmittag2018_3.jpeg?w=1200&amp;ssl=1 1200w\" sizes=\"(max-width: 225px) 100vw, 225px\" data-recalc-dims=\"1\" \/><\/a> <a href=\"https:\/\/i0.wp.com\/www.gemeinsame-jugendarbeit.de\/wordpress\/wp-content\/uploads\/2018\/11\/Jungscharnachmittag2018_6.jpeg?ssl=1\" target=\"_blank\" rel=\"noopener\"><img data-attachment-id=\"1182\" data-permalink=\"https:\/\/www.gemeinsame-jugendarbeit.de\/wordpress\/2018\/11\/10\/jungscharnachmittag-in-pivitsheide\/jungscharnachmittag2018_6\/\" data-orig-file=\"https:\/\/i0.wp.com\/www.gemeinsame-jugendarbeit.de\/wordpress\/wp-content\/uploads\/2018\/11\/Jungscharnachmittag2018_6.jpeg?fit=1200%2C1600&amp;ssl=1\" data-orig-size=\"1200,1600\" data-comments-opened=\"0\" data-image-meta=\"{&quot;aperture&quot;:&quot;0&quot;,&quot;credit&quot;:&quot;&quot;,&quot;camera&quot;:&quot;&quot;,&quot;caption&quot;:&quot;&quot;,&quot;created_timestamp&quot;:&quot;0&quot;,&quot;copyright&quot;:&quot;&quot;,&quot;focal_length&quot;:&quot;0&quot;,&quot;iso&quot;:&quot;0&quot;,&quot;shutter_speed&quot;:&quot;0&quot;,&quot;title&quot;:&quot;&quot;,&quot;orientation&quot;:&quot;0&quot;}\" data-image-title=\"Jungscharnachmittag2018_6\" data-image-description=\"\" data-image-caption=\"\" data-medium-file=\"https:\/\/i0.wp.com\/www.gemeinsame-jugendarbeit.de\/wordpress\/wp-content\/uploads\/2018\/11\/Jungscharnachmittag2018_6.jpeg?fit=225%2C300&amp;ssl=1\" data-large-file=\"https:\/\/i0.wp.com\/www.gemeinsame-jugendarbeit.de\/wordpress\/wp-content\/uploads\/2018\/11\/Jungscharnachmittag2018_6.jpeg?fit=768%2C1024&amp;ssl=1\" decoding=\"async\" class=\"alignnone wp-image-1182 size-medium\" src=\"https:\/\/i0.wp.com\/www.gemeinsame-jugendarbeit.de\/wordpress\/wp-content\/uploads\/2018\/11\/Jungscharnachmittag2018_6.jpeg?resize=225%2C300&#038;ssl=1\" alt=\"\" width=\"225\" height=\"300\" srcset=\"https:\/\/i0.wp.com\/www.gemeinsame-jugendarbeit.de\/wordpress\/wp-content\/uploads\/2018\/11\/Jungscharnachmittag2018_6.jpeg?resize=225%2C300&amp;ssl=1 225w, https:\/\/i0.wp.com\/www.gemeinsame-jugendarbeit.de\/wordpress\/wp-content\/uploads\/2018\/11\/Jungscharnachmittag2018_6.jpeg?resize=768%2C1024&amp;ssl=1 768w, https:\/\/i0.wp.com\/www.gemeinsame-jugendarbeit.de\/wordpress\/wp-content\/uploads\/2018\/11\/Jungscharnachmittag2018_6.jpeg?resize=630%2C840&amp;ssl=1 630w, https:\/\/i0.wp.com\/www.gemeinsame-jugendarbeit.de\/wordpress\/wp-content\/uploads\/2018\/11\/Jungscharnachmittag2018_6.jpeg?resize=960%2C1280&amp;ssl=1 960w, https:\/\/i0.wp.com\/www.gemeinsame-jugendarbeit.de\/wordpress\/wp-content\/uploads\/2018\/11\/Jungscharnachmittag2018_6.jpeg?w=1200&amp;ssl=1 1200w\" sizes=\"(max-width: 225px) 100vw, 225px\" data-recalc-dims=\"1\" \/><\/a> <a href=\"https:\/\/i0.wp.com\/www.gemeinsame-jugendarbeit.de\/wordpress\/wp-content\/uploads\/2018\/11\/Jungscharnachmittag2018_5.jpeg?ssl=1\" target=\"_blank\" rel=\"noopener\"><img data-attachment-id=\"1183\" data-permalink=\"https:\/\/www.gemeinsame-jugendarbeit.de\/wordpress\/2018\/11\/10\/jungscharnachmittag-in-pivitsheide\/jungscharnachmittag2018_5\/\" data-orig-file=\"https:\/\/i0.wp.com\/www.gemeinsame-jugendarbeit.de\/wordpress\/wp-content\/uploads\/2018\/11\/Jungscharnachmittag2018_5.jpeg?fit=1200%2C1600&amp;ssl=1\" data-orig-size=\"1200,1600\" data-comments-opened=\"0\" data-image-meta=\"{&quot;aperture&quot;:&quot;0&quot;,&quot;credit&quot;:&quot;&quot;,&quot;camera&quot;:&quot;&quot;,&quot;caption&quot;:&quot;&quot;,&quot;created_timestamp&quot;:&quot;0&quot;,&quot;copyright&quot;:&quot;&quot;,&quot;focal_length&quot;:&quot;0&quot;,&quot;iso&quot;:&quot;0&quot;,&quot;shutter_speed&quot;:&quot;0&quot;,&quot;title&quot;:&quot;&quot;,&quot;orientation&quot;:&quot;0&quot;}\" data-image-title=\"Jungscharnachmittag2018_5\" data-image-description=\"\" data-image-caption=\"\" data-medium-file=\"https:\/\/i0.wp.com\/www.gemeinsame-jugendarbeit.de\/wordpress\/wp-content\/uploads\/2018\/11\/Jungscharnachmittag2018_5.jpeg?fit=225%2C300&amp;ssl=1\" data-large-file=\"https:\/\/i0.wp.com\/www.gemeinsame-jugendarbeit.de\/wordpress\/wp-content\/uploads\/2018\/11\/Jungscharnachmittag2018_5.jpeg?fit=768%2C1024&amp;ssl=1\" loading=\"lazy\" decoding=\"async\" class=\"alignnone wp-image-1183 size-medium\" src=\"https:\/\/i0.wp.com\/www.gemeinsame-jugendarbeit.de\/wordpress\/wp-content\/uploads\/2018\/11\/Jungscharnachmittag2018_5.jpeg?resize=225%2C300&#038;ssl=1\" alt=\"\" width=\"225\" height=\"300\" srcset=\"https:\/\/i0.wp.com\/www.gemeinsame-jugendarbeit.de\/wordpress\/wp-content\/uploads\/2018\/11\/Jungscharnachmittag2018_5.jpeg?resize=225%2C300&amp;ssl=1 225w, https:\/\/i0.wp.com\/www.gemeinsame-jugendarbeit.de\/wordpress\/wp-content\/uploads\/2018\/11\/Jungscharnachmittag2018_5.jpeg?resize=768%2C1024&amp;ssl=1 768w, https:\/\/i0.wp.com\/www.gemeinsame-jugendarbeit.de\/wordpress\/wp-content\/uploads\/2018\/11\/Jungscharnachmittag2018_5.jpeg?resize=630%2C840&amp;ssl=1 630w, https:\/\/i0.wp.com\/www.gemeinsame-jugendarbeit.de\/wordpress\/wp-content\/uploads\/2018\/11\/Jungscharnachmittag2018_5.jpeg?resize=960%2C1280&amp;ssl=1 960w, https:\/\/i0.wp.com\/www.gemeinsame-jugendarbeit.de\/wordpress\/wp-content\/uploads\/2018\/11\/Jungscharnachmittag2018_5.jpeg?w=1200&amp;ssl=1 1200w\" sizes=\"(max-width: 225px) 100vw, 225px\" data-recalc-dims=\"1\" \/><\/a><\/p>\n","protected":false},"excerpt":{"rendered":"<p>Der CVJM Kreisverband Lippe hat auch dieses Jahr wieder den Jungscharnachmittag in Pivitsheide organisiert. Auch wir aus Sylbach sind mit 10 Kindern im Schlepptau am 16. November aufgebrochen. Nicht nur&#8230; <\/p>\n<div class=\"link-more\"><a href=\"https:\/\/www.gemeinsame-jugendarbeit.de\/wordpress\/2018\/11\/10\/jungscharnachmittag-in-pivitsheide\/\">Weiterlesen<\/a><\/div>\n","protected":false},"author":1,"featured_media":1179,"comment_status":"closed","ping_status":"closed","sticky":false,"template":"","format":"standard","meta":{"ngg_post_thumbnail":0,"_jetpack_newsletter_access":""},"categories":[1,4],"tags":[],"jetpack_featured_media_url":"https:\/\/i0.wp.com\/www.gemeinsame-jugendarbeit.de\/wordpress\/wp-content\/uploads\/2018\/11\/Jungscharnachmittag2018_1.jpeg?fit=1600%2C1200&ssl=1","jetpack_sharing_enabled":true,"jetpack_shortlink":"https:\/\/wp.me\/p8sCNj-j0","jetpack-related-posts":[{"id":3574,"url":"https:\/\/www.gemeinsame-jugendarbeit.de\/wordpress\/2022\/05\/19\/meisterlicher-auftritt-der-cvjm-sg-sylbach-pivitsheide-im-indiaca\/","url_meta":{"origin":1178,"position":0},"title":"Meisterlicher Auftritt der CVJM SG Sylbach\/Pivitsheide im Indiaca","author":"schwarze","date":"19. Mai 2022","format":false,"excerpt":"Die CVJM SG Sylbach\/Pivitsheide triumphiert erneut bei den Deutschen Indiaca Jugendmeisterschaften im Deutschen Turnerbund (DTB) in D\u00fclmen. Wie in 2018 und 2019 ist es die Jugend Mixed (15-18 Jahre) aus Lippe, die nach dem zweij\u00e4hrigen Aussetzen wegen der Corona Pandemie, dem Mixed-Turnier den Stempel aufdr\u00fcckt. Damit ist der Hattrick perfekt\u2026","rel":"","context":"In &quot;Allgemein&quot;","block_context":{"text":"Allgemein","link":"https:\/\/www.gemeinsame-jugendarbeit.de\/wordpress\/category\/allgemein\/"},"img":{"alt_text":"","src":"https:\/\/i0.wp.com\/www.gemeinsame-jugendarbeit.de\/wordpress\/wp-content\/uploads\/2022\/05\/20220508_143950-rotated-e1652738337963-768x1137-1.jpg?fit=768%2C1137&ssl=1&resize=350%2C200","width":350,"height":200,"srcset":"https:\/\/i0.wp.com\/www.gemeinsame-jugendarbeit.de\/wordpress\/wp-content\/uploads\/2022\/05\/20220508_143950-rotated-e1652738337963-768x1137-1.jpg?fit=768%2C1137&ssl=1&resize=350%2C200 1x, https:\/\/i0.wp.com\/www.gemeinsame-jugendarbeit.de\/wordpress\/wp-content\/uploads\/2022\/05\/20220508_143950-rotated-e1652738337963-768x1137-1.jpg?fit=768%2C1137&ssl=1&resize=525%2C300 1.5x, https:\/\/i0.wp.com\/www.gemeinsame-jugendarbeit.de\/wordpress\/wp-content\/uploads\/2022\/05\/20220508_143950-rotated-e1652738337963-768x1137-1.jpg?fit=768%2C1137&ssl=1&resize=700%2C400 2x"},"classes":[]},{"id":1448,"url":"https:\/\/www.gemeinsame-jugendarbeit.de\/wordpress\/2019\/09\/09\/lippischer-jungschartag-2019-in-sylbach\/","url_meta":{"origin":1178,"position":1},"title":"Lippischer Jungschartag 2019 in Sylbach","author":"schwarze","date":"9. September 2019","format":false,"excerpt":"Das Feuer knistert leise in der Feuerschale vor sich hin, dar\u00fcber drehen sich vorsichtig Stockbrotteige, die langsam goldbraun backen. Man h\u00f6rt vielstimmiges Singen von Kindern, Jugendlichen und Erwachsenen und ab und zu das Tropfen eines Regenschauers. So gem\u00fctlich ging \u00a0der Jungschartag im Garten des Vereinshauses Sylbach zu Ende. Happy birthday,\u2026","rel":"","context":"In &quot;Allgemein&quot;","block_context":{"text":"Allgemein","link":"https:\/\/www.gemeinsame-jugendarbeit.de\/wordpress\/category\/allgemein\/"},"img":{"alt_text":"","src":"https:\/\/i0.wp.com\/www.gemeinsame-jugendarbeit.de\/wordpress\/wp-content\/uploads\/2019\/09\/20190907_132836-Kopie.jpg?fit=1200%2C900&ssl=1&resize=350%2C200","width":350,"height":200,"srcset":"https:\/\/i0.wp.com\/www.gemeinsame-jugendarbeit.de\/wordpress\/wp-content\/uploads\/2019\/09\/20190907_132836-Kopie.jpg?fit=1200%2C900&ssl=1&resize=350%2C200 1x, https:\/\/i0.wp.com\/www.gemeinsame-jugendarbeit.de\/wordpress\/wp-content\/uploads\/2019\/09\/20190907_132836-Kopie.jpg?fit=1200%2C900&ssl=1&resize=525%2C300 1.5x, https:\/\/i0.wp.com\/www.gemeinsame-jugendarbeit.de\/wordpress\/wp-content\/uploads\/2019\/09\/20190907_132836-Kopie.jpg?fit=1200%2C900&ssl=1&resize=700%2C400 2x, https:\/\/i0.wp.com\/www.gemeinsame-jugendarbeit.de\/wordpress\/wp-content\/uploads\/2019\/09\/20190907_132836-Kopie.jpg?fit=1200%2C900&ssl=1&resize=1050%2C600 3x"},"classes":[]},{"id":5029,"url":"https:\/\/www.gemeinsame-jugendarbeit.de\/wordpress\/2025\/10\/24\/kneipenquiz-des-cvjm-sylbach-am-2-november\/","url_meta":{"origin":1178,"position":2},"title":"Kneipenquiz des CVJM Sylbach am 2. November","author":"schwarze","date":"24. Oktober 2025","format":false,"excerpt":"Vom 31. Oktober bis zum 9. November 2025 findet das diesj\u00e4hrige \u201eCVJM erleben\u201c statt! In dieser Zeit laden die verschiedenen CVJM-Ortsvereine in Lippe zu tollen Aktionen und Veranstaltungen ein \u2013 offen f\u00fcr alle, die Lust haben dabei zu sein. Auch der CVJM Sylbach ist mit dabei und veranstaltet am Sonntag,\u2026","rel":"","context":"In &quot;Allgemein&quot;","block_context":{"text":"Allgemein","link":"https:\/\/www.gemeinsame-jugendarbeit.de\/wordpress\/category\/allgemein\/"},"img":{"alt_text":"","src":"https:\/\/i0.wp.com\/www.gemeinsame-jugendarbeit.de\/wordpress\/wp-content\/uploads\/2025\/10\/Kneipenquiz_Sylbach_251102.png?fit=1200%2C848&ssl=1&resize=350%2C200","width":350,"height":200,"srcset":"https:\/\/i0.wp.com\/www.gemeinsame-jugendarbeit.de\/wordpress\/wp-content\/uploads\/2025\/10\/Kneipenquiz_Sylbach_251102.png?fit=1200%2C848&ssl=1&resize=350%2C200 1x, https:\/\/i0.wp.com\/www.gemeinsame-jugendarbeit.de\/wordpress\/wp-content\/uploads\/2025\/10\/Kneipenquiz_Sylbach_251102.png?fit=1200%2C848&ssl=1&resize=525%2C300 1.5x, https:\/\/i0.wp.com\/www.gemeinsame-jugendarbeit.de\/wordpress\/wp-content\/uploads\/2025\/10\/Kneipenquiz_Sylbach_251102.png?fit=1200%2C848&ssl=1&resize=700%2C400 2x, https:\/\/i0.wp.com\/www.gemeinsame-jugendarbeit.de\/wordpress\/wp-content\/uploads\/2025\/10\/Kneipenquiz_Sylbach_251102.png?fit=1200%2C848&ssl=1&resize=1050%2C600 3x"},"classes":[]},{"id":1125,"url":"https:\/\/www.gemeinsame-jugendarbeit.de\/wordpress\/2018\/08\/30\/vater-kind-wochenende-mit-der-ev-jugend-lippe\/","url_meta":{"origin":1178,"position":3},"title":"Vater-Kind-Wochenende mit der Ev. Jugend Lippe","author":"schwarze","date":"30. August 2018","format":false,"excerpt":"Im Kanu unterwegs Kreis Lippe. Jede Menge Spa\u00df hatten V\u00e4ter und ihre Kinder beim Vater-Kind-Wochenende der Evangelischen Jugend Lippe. So starteten Ende Juni acht V\u00e4ter mit ihren Kindern und leichtem Gep\u00e4ck. Mit den Kanus wurde bei bestem Wetter auf Bega, Werre und Weser gepaddelt. Die Sonne strahlte vom Himmel, das\u2026","rel":"","context":"In &quot;Allgemein&quot;","block_context":{"text":"Allgemein","link":"https:\/\/www.gemeinsame-jugendarbeit.de\/wordpress\/category\/allgemein\/"},"img":{"alt_text":"","src":"https:\/\/i0.wp.com\/www.gemeinsame-jugendarbeit.de\/wordpress\/wp-content\/uploads\/2018\/09\/vater-kind-kanutour_2018_foto.jpg?fit=350%2C217&ssl=1&resize=350%2C200","width":350,"height":200},"classes":[]},{"id":346,"url":"https:\/\/www.gemeinsame-jugendarbeit.de\/wordpress\/2017\/03\/20\/hallo-und-guten-tag\/","url_meta":{"origin":1178,"position":4},"title":"Hallo und guten Tag!","author":"schwarze","date":"20. M\u00e4rz 2017","format":false,"excerpt":"Du bist auf der Homepage der Gemeinsamen Jugendarbeit der ev. Kirchengemeinden in Sch\u00f6tmar und Sylbach gelandet. Die ev.-ref. Kirchengemeinde Sch\u00f6tmar, die ev.-ltuh. Kirchengemeinde Sch\u00f6tmar, die ev.-ref. Kirchengemeinde Sylbach und der CVJM Sylbach e.V. arbeiten im Bereich der Arbeit mit Kindern und Jugendlichen seit einigen Jahren eng zusammen. Egal, ob f\u00fcr\u2026","rel":"","context":"In &quot;Allgemein&quot;","block_context":{"text":"Allgemein","link":"https:\/\/www.gemeinsame-jugendarbeit.de\/wordpress\/category\/allgemein\/"},"img":{"alt_text":"","src":"https:\/\/i0.wp.com\/www.gemeinsame-jugendarbeit.de\/wordpress\/wp-content\/uploads\/2020\/08\/gja_logo_2020_web.jpg?fit=614%2C521&ssl=1&resize=350%2C200","width":350,"height":200,"srcset":"https:\/\/i0.wp.com\/www.gemeinsame-jugendarbeit.de\/wordpress\/wp-content\/uploads\/2020\/08\/gja_logo_2020_web.jpg?fit=614%2C521&ssl=1&resize=350%2C200 1x, https:\/\/i0.wp.com\/www.gemeinsame-jugendarbeit.de\/wordpress\/wp-content\/uploads\/2020\/08\/gja_logo_2020_web.jpg?fit=614%2C521&ssl=1&resize=525%2C300 1.5x"},"classes":[]},{"id":3339,"url":"https:\/\/www.gemeinsame-jugendarbeit.de\/wordpress\/2021\/10\/27\/fotos-der-mitarbeitendenfreizeit-in-groemitz\/","url_meta":{"origin":1178,"position":5},"title":"Fotos der Mitarbeitendenfreizeit in Gr\u00f6mitz","author":"schwarze","date":"27. Oktober 2021","format":false,"excerpt":"Lebhafte Tage in Gr\u00f6mitz In der 2. Herbstferienwoche haben elf (\u00fcberwiegend junge und aus Sylbach stammende) Mitarbeiter*innen der Gemeinsamen Jugendarbeit die Zeit genutzt und eine sch\u00f6ne und lebendige Freizeit im CVJM-Feriendorf in Gr\u00f6mitz verlebt. Ein ungebetener Gast, das Sturmtief Ignaz, hat versucht, mit seinem starken Wind nicht nur die Natur,\u2026","rel":"","context":"In &quot;Allgemein&quot;","block_context":{"text":"Allgemein","link":"https:\/\/www.gemeinsame-jugendarbeit.de\/wordpress\/category\/allgemein\/"},"img":{"alt_text":"","src":"https:\/\/i0.wp.com\/www.gemeinsame-jugendarbeit.de\/wordpress\/wp-content\/uploads\/2021\/10\/20211023_105717-scaled.jpg?fit=1200%2C675&ssl=1&resize=350%2C200","width":350,"height":200,"srcset":"https:\/\/i0.wp.com\/www.gemeinsame-jugendarbeit.de\/wordpress\/wp-content\/uploads\/2021\/10\/20211023_105717-scaled.jpg?fit=1200%2C675&ssl=1&resize=350%2C200 1x, https:\/\/i0.wp.com\/www.gemeinsame-jugendarbeit.de\/wordpress\/wp-content\/uploads\/2021\/10\/20211023_105717-scaled.jpg?fit=1200%2C675&ssl=1&resize=525%2C300 1.5x, https:\/\/i0.wp.com\/www.gemeinsame-jugendarbeit.de\/wordpress\/wp-content\/uploads\/2021\/10\/20211023_105717-scaled.jpg?fit=1200%2C675&ssl=1&resize=700%2C400 2x, https:\/\/i0.wp.com\/www.gemeinsame-jugendarbeit.de\/wordpress\/wp-content\/uploads\/2021\/10\/20211023_105717-scaled.jpg?fit=1200%2C675&ssl=1&resize=1050%2C600 3x"},"classes":[]}],"publishpress_future_action":{"enabled":false,"date":"2026-05-05 18:14:04","action":"change-status","newStatus":"draft","terms":[],"taxonomy":"category"},"publishpress_future_workflow_manual_trigger":{"enabledWorkflows":[]},"_links":{"self":[{"href":"https:\/\/www.gemeinsame-jugendarbeit.de\/wordpress\/wp-json\/wp\/v2\/posts\/1178"}],"collection":[{"href":"https:\/\/www.gemeinsame-jugendarbeit.de\/wordpress\/wp-json\/wp\/v2\/posts"}],"about":[{"href":"https:\/\/www.gemeinsame-jugendarbeit.de\/wordpress\/wp-json\/wp\/v2\/types\/post"}],"author":[{"embeddable":true,"href":"https:\/\/www.gemeinsame-jugendarbeit.de\/wordpress\/wp-json\/wp\/v2\/users\/1"}],"replies":[{"embeddable":true,"href":"https:\/\/www.gemeinsame-jugendarbeit.de\/wordpress\/wp-json\/wp\/v2\/comments?post=1178"}],"version-history":[{"count":1,"href":"https:\/\/www.gemeinsame-jugendarbeit.de\/wordpress\/wp-json\/wp\/v2\/posts\/1178\/revisions"}],"predecessor-version":[{"id":1184,"href":"https:\/\/www.gemeinsame-jugendarbeit.de\/wordpress\/wp-json\/wp\/v2\/posts\/1178\/revisions\/1184"}],"wp:featuredmedia":[{"embeddable":true,"href":"https:\/\/www.gemeinsame-jugendarbeit.de\/wordpress\/wp-json\/wp\/v2\/media\/1179"}],"wp:attachment":[{"href":"https:\/\/www.gemeinsame-jugendarbeit.de\/wordpress\/wp-json\/wp\/v2\/media?parent=1178"}],"wp:term":[{"taxonomy":"category","embeddable":true,"href":"https:\/\/www.gemeinsame-jugendarbeit.de\/wordpress\/wp-json\/wp\/v2\/categories?post=1178"},{"taxonomy":"post_tag","embeddable":true,"href":"https:\/\/www.gemeinsame-jugendarbeit.de\/wordpress\/wp-json\/wp\/v2\/tags?post=1178"}],"curies":[{"name":"wp","href":"https:\/\/api.w.org\/{rel}","templated":true}]}}