{"id":1202,"date":"2018-12-03T12:06:47","date_gmt":"2018-12-03T11:06:47","guid":{"rendered":"http:\/\/www.gemeinsame-jugendarbeit.de\/wordpress\/?p=1202"},"modified":"2018-12-03T12:06:47","modified_gmt":"2018-12-03T11:06:47","slug":"churchnight-2018-2","status":"publish","type":"post","link":"https:\/\/www.gemeinsame-jugendarbeit.de\/wordpress\/2018\/12\/03\/churchnight-2018-2\/","title":{"rendered":"Churchnight 2018"},"content":{"rendered":"<p><strong>Mister Joy verzaubert die Kilianskirche<\/strong><\/p>\n<p>F\u00fcr die Churchnight 2018 hat sich das Team rund um Axel Schwarze (Gemeinsame Jugendarbeit Sch\u00f6tmar und Sylbach) und Kerstin Lobenstein (ev. Kirchengemeinden Talle und Retzen) dieses Jahr etwas ganz Zauberhaftes ausgedacht: Der Zauberer und Kleink\u00fcnstler Mr. Joy hat in der Kilianskirche auf seine ganz eigene Art Gottesdienst gefeiert.<\/p>\n<p>Schon zum zweiten Mal lag die Churchnight in den H\u00e4nden der Gemeinden Talle, Retzen, Sch\u00f6tmar und Sylbach und weil Mr. Joy viele Familien mit Kindern, Konfirmanden und Jugendliche zur Churchnight gelockt hat, war die gro\u00dfe Kilianskirche genau der richtige Ort.<br \/>\nSchon um 15 Uhr trafen sich die ersten Helfer zum Aufbauen, denn der Heidelberger kam mit gro\u00dfer Lichttechnik. \u201eIhr seid das Licht der Welt\u201c, sagte Jesus und Mr. Joy strikt um diese Zeilen sein Programm. Illusionen mit Gl\u00fchbirnen, Akrobatik auf dem Einrad und H\u00fctchenspiele mit Kerzen zeichnen das Lichtspektakel aus. Dabei hat der K\u00fcnstler ein H\u00e4ndchen f\u00fcr das Publikum, bezieht es mit ein und bringt es zum Lachen. Gleichzeitig hat Mr. Joy aber zu jedem Trick auch Botschaften im Gep\u00e4ck. \u201eGott f\u00e4ngt dich auf, wenn du f\u00e4llst\u201c, hei\u00dft es beim Einrad-Kunstst\u00fcck. \u201eGlaube befreit dich\u201c, beweist der Zauberer, als er aus einem kleinen Gef\u00e4ngnis ausbricht. G\u00e4nsehaut und Aufregung sind gefolgt von Lachen und Freude. \u201eIch habe bei einem Zauberer noch nie so lachen k\u00f6nnen\u201c, freute sich eine Mutter in der Pause. Selten haben Kinder so gebangt in der Kirche gesessen, aber auch gerade deswegen gibt es Abende, wie die Churchnight.&nbsp; Mit Hilfe einer Lichtillusion verteilte der K\u00fcnstler Gottes Segen bevor die Churchnight offiziell enden sollte, doch das Publikum in der Kilianskirche war noch lange nicht m\u00fcde. Spontan musste Mr. Joy deshalb noch eine Zugabe zeigen.<\/p>\n<p>An den Ausg\u00e4ngen verteilten die Jugendlichen aus dem Helferteam dann noch Wunderkerzen, denn das Kirchenjahr endete am vergangenen Freitag. Ob die folgenden Silvesterfeiern im Dezember die Churchnight toppen k\u00f6nnen ist fraglich.<\/p>\n<p>&nbsp;<\/p>\n<p>Laureen Hannig<\/p>\n<p>&nbsp;<\/p>\n<p><a href=\"https:\/\/i0.wp.com\/www.gemeinsame-jugendarbeit.de\/wordpress\/wp-content\/uploads\/2018\/12\/DSC2909.jpg?ssl=1\" target=\"_blank\" rel=\"noopener\"><img data-attachment-id=\"1204\" data-permalink=\"https:\/\/www.gemeinsame-jugendarbeit.de\/wordpress\/2018\/12\/03\/churchnight-2018-2\/_dsc2909\/\" data-orig-file=\"https:\/\/i0.wp.com\/www.gemeinsame-jugendarbeit.de\/wordpress\/wp-content\/uploads\/2018\/12\/DSC2909.jpg?fit=4928%2C3264&amp;ssl=1\" data-orig-size=\"4928,3264\" data-comments-opened=\"0\" data-image-meta=\"{&quot;aperture&quot;:&quot;5&quot;,&quot;credit&quot;:&quot;&quot;,&quot;camera&quot;:&quot;NIKON D5100&quot;,&quot;caption&quot;:&quot;&quot;,&quot;created_timestamp&quot;:&quot;1543702976&quot;,&quot;copyright&quot;:&quot;&quot;,&quot;focal_length&quot;:&quot;58&quot;,&quot;iso&quot;:&quot;900&quot;,&quot;shutter_speed&quot;:&quot;0.033333333333333&quot;,&quot;title&quot;:&quot;&quot;,&quot;orientation&quot;:&quot;1&quot;}\" data-image-title=\"_DSC2909\" data-image-description=\"\" data-image-caption=\"\" data-medium-file=\"https:\/\/i0.wp.com\/www.gemeinsame-jugendarbeit.de\/wordpress\/wp-content\/uploads\/2018\/12\/DSC2909.jpg?fit=300%2C199&amp;ssl=1\" data-large-file=\"https:\/\/i0.wp.com\/www.gemeinsame-jugendarbeit.de\/wordpress\/wp-content\/uploads\/2018\/12\/DSC2909.jpg?fit=1000%2C662&amp;ssl=1\" fetchpriority=\"high\" decoding=\"async\" class=\"alignnone wp-image-1204\" src=\"https:\/\/i0.wp.com\/www.gemeinsame-jugendarbeit.de\/wordpress\/wp-content\/uploads\/2018\/12\/DSC2909.jpg?resize=611%2C405&#038;ssl=1\" alt=\"\" width=\"611\" height=\"405\" srcset=\"https:\/\/i0.wp.com\/www.gemeinsame-jugendarbeit.de\/wordpress\/wp-content\/uploads\/2018\/12\/DSC2909.jpg?resize=300%2C199&amp;ssl=1 300w, https:\/\/i0.wp.com\/www.gemeinsame-jugendarbeit.de\/wordpress\/wp-content\/uploads\/2018\/12\/DSC2909.jpg?resize=768%2C509&amp;ssl=1 768w, https:\/\/i0.wp.com\/www.gemeinsame-jugendarbeit.de\/wordpress\/wp-content\/uploads\/2018\/12\/DSC2909.jpg?resize=1024%2C678&amp;ssl=1 1024w, https:\/\/i0.wp.com\/www.gemeinsame-jugendarbeit.de\/wordpress\/wp-content\/uploads\/2018\/12\/DSC2909.jpg?resize=453%2C300&amp;ssl=1 453w, https:\/\/i0.wp.com\/www.gemeinsame-jugendarbeit.de\/wordpress\/wp-content\/uploads\/2018\/12\/DSC2909.jpg?w=2000&amp;ssl=1 2000w, https:\/\/i0.wp.com\/www.gemeinsame-jugendarbeit.de\/wordpress\/wp-content\/uploads\/2018\/12\/DSC2909.jpg?w=3000&amp;ssl=1 3000w\" sizes=\"(max-width: 611px) 100vw, 611px\" data-recalc-dims=\"1\" \/><\/a><\/p>\n<p><a href=\"https:\/\/i0.wp.com\/www.gemeinsame-jugendarbeit.de\/wordpress\/wp-content\/uploads\/2018\/12\/DSC2780.jpg?ssl=1\" target=\"_blank\" rel=\"noopener\"><img data-attachment-id=\"1197\" data-permalink=\"https:\/\/www.gemeinsame-jugendarbeit.de\/wordpress\/2018\/12\/03\/churchnight-2018-2\/_dsc2780\/\" data-orig-file=\"https:\/\/i0.wp.com\/www.gemeinsame-jugendarbeit.de\/wordpress\/wp-content\/uploads\/2018\/12\/DSC2780.jpg?fit=4928%2C3264&amp;ssl=1\" data-orig-size=\"4928,3264\" data-comments-opened=\"0\" data-image-meta=\"{&quot;aperture&quot;:&quot;4.2&quot;,&quot;credit&quot;:&quot;&quot;,&quot;camera&quot;:&quot;NIKON D5100&quot;,&quot;caption&quot;:&quot;&quot;,&quot;created_timestamp&quot;:&quot;1543698446&quot;,&quot;copyright&quot;:&quot;&quot;,&quot;focal_length&quot;:&quot;150&quot;,&quot;iso&quot;:&quot;3200&quot;,&quot;shutter_speed&quot;:&quot;0.011111111111111&quot;,&quot;title&quot;:&quot;&quot;,&quot;orientation&quot;:&quot;1&quot;}\" data-image-title=\"_DSC2780\" data-image-description=\"\" data-image-caption=\"\" data-medium-file=\"https:\/\/i0.wp.com\/www.gemeinsame-jugendarbeit.de\/wordpress\/wp-content\/uploads\/2018\/12\/DSC2780.jpg?fit=300%2C199&amp;ssl=1\" data-large-file=\"https:\/\/i0.wp.com\/www.gemeinsame-jugendarbeit.de\/wordpress\/wp-content\/uploads\/2018\/12\/DSC2780.jpg?fit=1000%2C662&amp;ssl=1\" decoding=\"async\" class=\"alignnone wp-image-1197\" src=\"https:\/\/i0.wp.com\/www.gemeinsame-jugendarbeit.de\/wordpress\/wp-content\/uploads\/2018\/12\/DSC2780.jpg?resize=614%2C407&#038;ssl=1\" alt=\"\" width=\"614\" height=\"407\" srcset=\"https:\/\/i0.wp.com\/www.gemeinsame-jugendarbeit.de\/wordpress\/wp-content\/uploads\/2018\/12\/DSC2780.jpg?resize=300%2C199&amp;ssl=1 300w, https:\/\/i0.wp.com\/www.gemeinsame-jugendarbeit.de\/wordpress\/wp-content\/uploads\/2018\/12\/DSC2780.jpg?resize=768%2C509&amp;ssl=1 768w, https:\/\/i0.wp.com\/www.gemeinsame-jugendarbeit.de\/wordpress\/wp-content\/uploads\/2018\/12\/DSC2780.jpg?resize=1024%2C678&amp;ssl=1 1024w, https:\/\/i0.wp.com\/www.gemeinsame-jugendarbeit.de\/wordpress\/wp-content\/uploads\/2018\/12\/DSC2780.jpg?resize=453%2C300&amp;ssl=1 453w, https:\/\/i0.wp.com\/www.gemeinsame-jugendarbeit.de\/wordpress\/wp-content\/uploads\/2018\/12\/DSC2780.jpg?w=2000&amp;ssl=1 2000w, https:\/\/i0.wp.com\/www.gemeinsame-jugendarbeit.de\/wordpress\/wp-content\/uploads\/2018\/12\/DSC2780.jpg?w=3000&amp;ssl=1 3000w\" sizes=\"(max-width: 614px) 100vw, 614px\" data-recalc-dims=\"1\" \/><\/a><\/p>\n<p><a href=\"https:\/\/i0.wp.com\/www.gemeinsame-jugendarbeit.de\/wordpress\/wp-content\/uploads\/2018\/12\/DSC2788.jpg?ssl=1\" target=\"_blank\" rel=\"noopener\"><img data-attachment-id=\"1198\" data-permalink=\"https:\/\/www.gemeinsame-jugendarbeit.de\/wordpress\/2018\/12\/03\/churchnight-2018-2\/_dsc2788\/\" data-orig-file=\"https:\/\/i0.wp.com\/www.gemeinsame-jugendarbeit.de\/wordpress\/wp-content\/uploads\/2018\/12\/DSC2788.jpg?fit=4928%2C3264&amp;ssl=1\" data-orig-size=\"4928,3264\" data-comments-opened=\"0\" data-image-meta=\"{&quot;aperture&quot;:&quot;4.2&quot;,&quot;credit&quot;:&quot;&quot;,&quot;camera&quot;:&quot;NIKON D5100&quot;,&quot;caption&quot;:&quot;&quot;,&quot;created_timestamp&quot;:&quot;1543698777&quot;,&quot;copyright&quot;:&quot;&quot;,&quot;focal_length&quot;:&quot;135&quot;,&quot;iso&quot;:&quot;3200&quot;,&quot;shutter_speed&quot;:&quot;0.008&quot;,&quot;title&quot;:&quot;&quot;,&quot;orientation&quot;:&quot;1&quot;}\" data-image-title=\"_DSC2788\" data-image-description=\"\" data-image-caption=\"\" data-medium-file=\"https:\/\/i0.wp.com\/www.gemeinsame-jugendarbeit.de\/wordpress\/wp-content\/uploads\/2018\/12\/DSC2788.jpg?fit=300%2C199&amp;ssl=1\" data-large-file=\"https:\/\/i0.wp.com\/www.gemeinsame-jugendarbeit.de\/wordpress\/wp-content\/uploads\/2018\/12\/DSC2788.jpg?fit=1000%2C662&amp;ssl=1\" decoding=\"async\" class=\"alignnone wp-image-1198\" src=\"https:\/\/i0.wp.com\/www.gemeinsame-jugendarbeit.de\/wordpress\/wp-content\/uploads\/2018\/12\/DSC2788.jpg?resize=611%2C405&#038;ssl=1\" alt=\"\" width=\"611\" height=\"405\" srcset=\"https:\/\/i0.wp.com\/www.gemeinsame-jugendarbeit.de\/wordpress\/wp-content\/uploads\/2018\/12\/DSC2788.jpg?resize=300%2C199&amp;ssl=1 300w, https:\/\/i0.wp.com\/www.gemeinsame-jugendarbeit.de\/wordpress\/wp-content\/uploads\/2018\/12\/DSC2788.jpg?resize=768%2C509&amp;ssl=1 768w, https:\/\/i0.wp.com\/www.gemeinsame-jugendarbeit.de\/wordpress\/wp-content\/uploads\/2018\/12\/DSC2788.jpg?resize=1024%2C678&amp;ssl=1 1024w, https:\/\/i0.wp.com\/www.gemeinsame-jugendarbeit.de\/wordpress\/wp-content\/uploads\/2018\/12\/DSC2788.jpg?resize=453%2C300&amp;ssl=1 453w, https:\/\/i0.wp.com\/www.gemeinsame-jugendarbeit.de\/wordpress\/wp-content\/uploads\/2018\/12\/DSC2788.jpg?w=2000&amp;ssl=1 2000w, https:\/\/i0.wp.com\/www.gemeinsame-jugendarbeit.de\/wordpress\/wp-content\/uploads\/2018\/12\/DSC2788.jpg?w=3000&amp;ssl=1 3000w\" sizes=\"(max-width: 611px) 100vw, 611px\" data-recalc-dims=\"1\" \/><\/a><\/p>\n<p><a href=\"https:\/\/i0.wp.com\/www.gemeinsame-jugendarbeit.de\/wordpress\/wp-content\/uploads\/2018\/12\/DSC2805.jpg?ssl=1\" target=\"_blank\" rel=\"noopener\"><img data-attachment-id=\"1200\" data-permalink=\"https:\/\/www.gemeinsame-jugendarbeit.de\/wordpress\/2018\/12\/03\/churchnight-2018-2\/_dsc2805\/\" data-orig-file=\"https:\/\/i0.wp.com\/www.gemeinsame-jugendarbeit.de\/wordpress\/wp-content\/uploads\/2018\/12\/DSC2805.jpg?fit=4928%2C3264&amp;ssl=1\" data-orig-size=\"4928,3264\" data-comments-opened=\"0\" data-image-meta=\"{&quot;aperture&quot;:&quot;4.5&quot;,&quot;credit&quot;:&quot;&quot;,&quot;camera&quot;:&quot;NIKON D5100&quot;,&quot;caption&quot;:&quot;&quot;,&quot;created_timestamp&quot;:&quot;1543699083&quot;,&quot;copyright&quot;:&quot;&quot;,&quot;focal_length&quot;:&quot;170&quot;,&quot;iso&quot;:&quot;3200&quot;,&quot;shutter_speed&quot;:&quot;0.016666666666667&quot;,&quot;title&quot;:&quot;&quot;,&quot;orientation&quot;:&quot;1&quot;}\" data-image-title=\"_DSC2805\" data-image-description=\"\" data-image-caption=\"\" data-medium-file=\"https:\/\/i0.wp.com\/www.gemeinsame-jugendarbeit.de\/wordpress\/wp-content\/uploads\/2018\/12\/DSC2805.jpg?fit=300%2C199&amp;ssl=1\" data-large-file=\"https:\/\/i0.wp.com\/www.gemeinsame-jugendarbeit.de\/wordpress\/wp-content\/uploads\/2018\/12\/DSC2805.jpg?fit=1000%2C662&amp;ssl=1\" loading=\"lazy\" decoding=\"async\" class=\"alignnone wp-image-1200\" src=\"https:\/\/i0.wp.com\/www.gemeinsame-jugendarbeit.de\/wordpress\/wp-content\/uploads\/2018\/12\/DSC2805.jpg?resize=611%2C405&#038;ssl=1\" alt=\"\" width=\"611\" height=\"405\" srcset=\"https:\/\/i0.wp.com\/www.gemeinsame-jugendarbeit.de\/wordpress\/wp-content\/uploads\/2018\/12\/DSC2805.jpg?resize=300%2C199&amp;ssl=1 300w, https:\/\/i0.wp.com\/www.gemeinsame-jugendarbeit.de\/wordpress\/wp-content\/uploads\/2018\/12\/DSC2805.jpg?resize=768%2C509&amp;ssl=1 768w, https:\/\/i0.wp.com\/www.gemeinsame-jugendarbeit.de\/wordpress\/wp-content\/uploads\/2018\/12\/DSC2805.jpg?resize=1024%2C678&amp;ssl=1 1024w, https:\/\/i0.wp.com\/www.gemeinsame-jugendarbeit.de\/wordpress\/wp-content\/uploads\/2018\/12\/DSC2805.jpg?resize=453%2C300&amp;ssl=1 453w, https:\/\/i0.wp.com\/www.gemeinsame-jugendarbeit.de\/wordpress\/wp-content\/uploads\/2018\/12\/DSC2805.jpg?w=2000&amp;ssl=1 2000w, https:\/\/i0.wp.com\/www.gemeinsame-jugendarbeit.de\/wordpress\/wp-content\/uploads\/2018\/12\/DSC2805.jpg?w=3000&amp;ssl=1 3000w\" sizes=\"(max-width: 611px) 100vw, 611px\" data-recalc-dims=\"1\" \/><\/a><\/p>\n<p><a href=\"https:\/\/i0.wp.com\/www.gemeinsame-jugendarbeit.de\/wordpress\/wp-content\/uploads\/2018\/12\/DSC2758.jpg?ssl=1\" target=\"_blank\" rel=\"noopener\"><img data-attachment-id=\"1195\" data-permalink=\"https:\/\/www.gemeinsame-jugendarbeit.de\/wordpress\/2018\/12\/03\/churchnight-2018-2\/_dsc2758\/\" data-orig-file=\"https:\/\/i0.wp.com\/www.gemeinsame-jugendarbeit.de\/wordpress\/wp-content\/uploads\/2018\/12\/DSC2758.jpg?fit=4928%2C3264&amp;ssl=1\" data-orig-size=\"4928,3264\" data-comments-opened=\"0\" data-image-meta=\"{&quot;aperture&quot;:&quot;4.2&quot;,&quot;credit&quot;:&quot;&quot;,&quot;camera&quot;:&quot;NIKON D5100&quot;,&quot;caption&quot;:&quot;&quot;,&quot;created_timestamp&quot;:&quot;1543696894&quot;,&quot;copyright&quot;:&quot;&quot;,&quot;focal_length&quot;:&quot;30&quot;,&quot;iso&quot;:&quot;800&quot;,&quot;shutter_speed&quot;:&quot;0.033333333333333&quot;,&quot;title&quot;:&quot;&quot;,&quot;orientation&quot;:&quot;1&quot;}\" data-image-title=\"_DSC2758\" data-image-description=\"\" data-image-caption=\"\" data-medium-file=\"https:\/\/i0.wp.com\/www.gemeinsame-jugendarbeit.de\/wordpress\/wp-content\/uploads\/2018\/12\/DSC2758.jpg?fit=300%2C199&amp;ssl=1\" data-large-file=\"https:\/\/i0.wp.com\/www.gemeinsame-jugendarbeit.de\/wordpress\/wp-content\/uploads\/2018\/12\/DSC2758.jpg?fit=1000%2C662&amp;ssl=1\" loading=\"lazy\" decoding=\"async\" class=\"alignnone wp-image-1195\" src=\"https:\/\/i0.wp.com\/www.gemeinsame-jugendarbeit.de\/wordpress\/wp-content\/uploads\/2018\/12\/DSC2758.jpg?resize=611%2C405&#038;ssl=1\" alt=\"\" width=\"611\" height=\"405\" srcset=\"https:\/\/i0.wp.com\/www.gemeinsame-jugendarbeit.de\/wordpress\/wp-content\/uploads\/2018\/12\/DSC2758.jpg?resize=300%2C199&amp;ssl=1 300w, https:\/\/i0.wp.com\/www.gemeinsame-jugendarbeit.de\/wordpress\/wp-content\/uploads\/2018\/12\/DSC2758.jpg?resize=768%2C509&amp;ssl=1 768w, https:\/\/i0.wp.com\/www.gemeinsame-jugendarbeit.de\/wordpress\/wp-content\/uploads\/2018\/12\/DSC2758.jpg?resize=1024%2C678&amp;ssl=1 1024w, https:\/\/i0.wp.com\/www.gemeinsame-jugendarbeit.de\/wordpress\/wp-content\/uploads\/2018\/12\/DSC2758.jpg?resize=453%2C300&amp;ssl=1 453w, https:\/\/i0.wp.com\/www.gemeinsame-jugendarbeit.de\/wordpress\/wp-content\/uploads\/2018\/12\/DSC2758.jpg?w=2000&amp;ssl=1 2000w, https:\/\/i0.wp.com\/www.gemeinsame-jugendarbeit.de\/wordpress\/wp-content\/uploads\/2018\/12\/DSC2758.jpg?w=3000&amp;ssl=1 3000w\" sizes=\"(max-width: 611px) 100vw, 611px\" data-recalc-dims=\"1\" \/><\/a><\/p>\n<p><a href=\"https:\/\/i0.wp.com\/www.gemeinsame-jugendarbeit.de\/wordpress\/wp-content\/uploads\/2018\/12\/DSC2772.jpg?ssl=1\" target=\"_blank\" rel=\"noopener\"><img data-attachment-id=\"1196\" data-permalink=\"https:\/\/www.gemeinsame-jugendarbeit.de\/wordpress\/2018\/12\/03\/churchnight-2018-2\/_dsc2772\/\" data-orig-file=\"https:\/\/i0.wp.com\/www.gemeinsame-jugendarbeit.de\/wordpress\/wp-content\/uploads\/2018\/12\/DSC2772.jpg?fit=4928%2C3264&amp;ssl=1\" data-orig-size=\"4928,3264\" data-comments-opened=\"0\" data-image-meta=\"{&quot;aperture&quot;:&quot;5&quot;,&quot;credit&quot;:&quot;&quot;,&quot;camera&quot;:&quot;NIKON D5100&quot;,&quot;caption&quot;:&quot;&quot;,&quot;created_timestamp&quot;:&quot;1543697815&quot;,&quot;copyright&quot;:&quot;&quot;,&quot;focal_length&quot;:&quot;52&quot;,&quot;iso&quot;:&quot;3200&quot;,&quot;shutter_speed&quot;:&quot;0.033333333333333&quot;,&quot;title&quot;:&quot;&quot;,&quot;orientation&quot;:&quot;1&quot;}\" data-image-title=\"_DSC2772\" data-image-description=\"\" data-image-caption=\"\" data-medium-file=\"https:\/\/i0.wp.com\/www.gemeinsame-jugendarbeit.de\/wordpress\/wp-content\/uploads\/2018\/12\/DSC2772.jpg?fit=300%2C199&amp;ssl=1\" data-large-file=\"https:\/\/i0.wp.com\/www.gemeinsame-jugendarbeit.de\/wordpress\/wp-content\/uploads\/2018\/12\/DSC2772.jpg?fit=1000%2C662&amp;ssl=1\" loading=\"lazy\" decoding=\"async\" class=\"alignnone wp-image-1196\" src=\"https:\/\/i0.wp.com\/www.gemeinsame-jugendarbeit.de\/wordpress\/wp-content\/uploads\/2018\/12\/DSC2772.jpg?resize=611%2C405&#038;ssl=1\" alt=\"\" width=\"611\" height=\"405\" srcset=\"https:\/\/i0.wp.com\/www.gemeinsame-jugendarbeit.de\/wordpress\/wp-content\/uploads\/2018\/12\/DSC2772.jpg?resize=300%2C199&amp;ssl=1 300w, https:\/\/i0.wp.com\/www.gemeinsame-jugendarbeit.de\/wordpress\/wp-content\/uploads\/2018\/12\/DSC2772.jpg?resize=768%2C509&amp;ssl=1 768w, https:\/\/i0.wp.com\/www.gemeinsame-jugendarbeit.de\/wordpress\/wp-content\/uploads\/2018\/12\/DSC2772.jpg?resize=1024%2C678&amp;ssl=1 1024w, https:\/\/i0.wp.com\/www.gemeinsame-jugendarbeit.de\/wordpress\/wp-content\/uploads\/2018\/12\/DSC2772.jpg?resize=453%2C300&amp;ssl=1 453w, https:\/\/i0.wp.com\/www.gemeinsame-jugendarbeit.de\/wordpress\/wp-content\/uploads\/2018\/12\/DSC2772.jpg?w=2000&amp;ssl=1 2000w, https:\/\/i0.wp.com\/www.gemeinsame-jugendarbeit.de\/wordpress\/wp-content\/uploads\/2018\/12\/DSC2772.jpg?w=3000&amp;ssl=1 3000w\" sizes=\"(max-width: 611px) 100vw, 611px\" data-recalc-dims=\"1\" \/><\/a><\/p>\n<p><a href=\"https:\/\/i0.wp.com\/www.gemeinsame-jugendarbeit.de\/wordpress\/wp-content\/uploads\/2018\/12\/DSC2815.jpg?ssl=1\" target=\"_blank\" rel=\"noopener\"><img data-attachment-id=\"1201\" data-permalink=\"https:\/\/www.gemeinsame-jugendarbeit.de\/wordpress\/2018\/12\/03\/churchnight-2018-2\/_dsc2815\/\" data-orig-file=\"https:\/\/i0.wp.com\/www.gemeinsame-jugendarbeit.de\/wordpress\/wp-content\/uploads\/2018\/12\/DSC2815.jpg?fit=4928%2C3264&amp;ssl=1\" data-orig-size=\"4928,3264\" data-comments-opened=\"0\" data-image-meta=\"{&quot;aperture&quot;:&quot;3.5&quot;,&quot;credit&quot;:&quot;&quot;,&quot;camera&quot;:&quot;NIKON D5100&quot;,&quot;caption&quot;:&quot;&quot;,&quot;created_timestamp&quot;:&quot;1543701357&quot;,&quot;copyright&quot;:&quot;&quot;,&quot;focal_length&quot;:&quot;18&quot;,&quot;iso&quot;:&quot;3200&quot;,&quot;shutter_speed&quot;:&quot;0.05&quot;,&quot;title&quot;:&quot;&quot;,&quot;orientation&quot;:&quot;1&quot;}\" data-image-title=\"_DSC2815\" data-image-description=\"\" data-image-caption=\"\" data-medium-file=\"https:\/\/i0.wp.com\/www.gemeinsame-jugendarbeit.de\/wordpress\/wp-content\/uploads\/2018\/12\/DSC2815.jpg?fit=300%2C199&amp;ssl=1\" data-large-file=\"https:\/\/i0.wp.com\/www.gemeinsame-jugendarbeit.de\/wordpress\/wp-content\/uploads\/2018\/12\/DSC2815.jpg?fit=1000%2C662&amp;ssl=1\" loading=\"lazy\" decoding=\"async\" class=\"alignnone wp-image-1201\" src=\"https:\/\/i0.wp.com\/www.gemeinsame-jugendarbeit.de\/wordpress\/wp-content\/uploads\/2018\/12\/DSC2815.jpg?resize=617%2C409&#038;ssl=1\" alt=\"\" width=\"617\" height=\"409\" srcset=\"https:\/\/i0.wp.com\/www.gemeinsame-jugendarbeit.de\/wordpress\/wp-content\/uploads\/2018\/12\/DSC2815.jpg?resize=300%2C199&amp;ssl=1 300w, https:\/\/i0.wp.com\/www.gemeinsame-jugendarbeit.de\/wordpress\/wp-content\/uploads\/2018\/12\/DSC2815.jpg?resize=768%2C509&amp;ssl=1 768w, https:\/\/i0.wp.com\/www.gemeinsame-jugendarbeit.de\/wordpress\/wp-content\/uploads\/2018\/12\/DSC2815.jpg?resize=1024%2C678&amp;ssl=1 1024w, https:\/\/i0.wp.com\/www.gemeinsame-jugendarbeit.de\/wordpress\/wp-content\/uploads\/2018\/12\/DSC2815.jpg?resize=453%2C300&amp;ssl=1 453w, https:\/\/i0.wp.com\/www.gemeinsame-jugendarbeit.de\/wordpress\/wp-content\/uploads\/2018\/12\/DSC2815.jpg?w=2000&amp;ssl=1 2000w, https:\/\/i0.wp.com\/www.gemeinsame-jugendarbeit.de\/wordpress\/wp-content\/uploads\/2018\/12\/DSC2815.jpg?w=3000&amp;ssl=1 3000w\" sizes=\"(max-width: 617px) 100vw, 617px\" data-recalc-dims=\"1\" \/><\/a> &nbsp;<\/p>\n","protected":false},"excerpt":{"rendered":"<p>Mister Joy verzaubert die Kilianskirche F\u00fcr die Churchnight 2018 hat sich das Team rund um Axel Schwarze (Gemeinsame Jugendarbeit Sch\u00f6tmar und Sylbach) und Kerstin Lobenstein (ev. Kirchengemeinden Talle und Retzen)&#8230; <\/p>\n<div class=\"link-more\"><a href=\"https:\/\/www.gemeinsame-jugendarbeit.de\/wordpress\/2018\/12\/03\/churchnight-2018-2\/\">Weiterlesen<\/a><\/div>\n","protected":false},"author":1,"featured_media":1204,"comment_status":"closed","ping_status":"closed","sticky":false,"template":"","format":"standard","meta":{"ngg_post_thumbnail":0,"_jetpack_newsletter_access":""},"categories":[1],"tags":[],"jetpack_featured_media_url":"https:\/\/i0.wp.com\/www.gemeinsame-jugendarbeit.de\/wordpress\/wp-content\/uploads\/2018\/12\/DSC2909.jpg?fit=4928%2C3264&ssl=1","jetpack_sharing_enabled":true,"jetpack_shortlink":"https:\/\/wp.me\/p8sCNj-jo","jetpack-related-posts":[{"id":3718,"url":"https:\/\/www.gemeinsame-jugendarbeit.de\/wordpress\/2024\/05\/28\/kikiki-findet-wieder-statt\/","url_meta":{"origin":1202,"position":0},"title":"KiKiKi &#8211; der Kindergottesdienst in der Kilianskirche","author":"schwarze","date":"28. Mai 2024","format":false,"excerpt":"Hey liebe Kinder und Eltern! Die KiliansKinderKirche findet an jedem 3. Sonntag im Monat ab 10 Uhr in der ev. Kilianskirche statt. Die Kinder treffen sich mit den Mitarbeitenden in der Kilianskirche und gehen von dort aus gemeinsam ins Gemeindehaus. Es wird dort gespielt, gebastelt und gemeinsam gekocht und gegessen.\u2026","rel":"","context":"In &quot;Allgemein&quot;","block_context":{"text":"Allgemein","link":"https:\/\/www.gemeinsame-jugendarbeit.de\/wordpress\/category\/allgemein\/"},"img":{"alt_text":"","src":"https:\/\/i0.wp.com\/www.gemeinsame-jugendarbeit.de\/wordpress\/wp-content\/uploads\/2024\/01\/kikiki_24-01_angepasst.jpg?fit=855%2C1200&ssl=1&resize=350%2C200","width":350,"height":200,"srcset":"https:\/\/i0.wp.com\/www.gemeinsame-jugendarbeit.de\/wordpress\/wp-content\/uploads\/2024\/01\/kikiki_24-01_angepasst.jpg?fit=855%2C1200&ssl=1&resize=350%2C200 1x, https:\/\/i0.wp.com\/www.gemeinsame-jugendarbeit.de\/wordpress\/wp-content\/uploads\/2024\/01\/kikiki_24-01_angepasst.jpg?fit=855%2C1200&ssl=1&resize=525%2C300 1.5x, https:\/\/i0.wp.com\/www.gemeinsame-jugendarbeit.de\/wordpress\/wp-content\/uploads\/2024\/01\/kikiki_24-01_angepasst.jpg?fit=855%2C1200&ssl=1&resize=700%2C400 2x"},"classes":[]},{"id":923,"url":"https:\/\/www.gemeinsame-jugendarbeit.de\/wordpress\/2018\/04\/25\/kibiwo-2018-bericht\/","url_meta":{"origin":1202,"position":1},"title":"Kibiwo 2018 &#8211; Bericht","author":"schwarze","date":"25. April 2018","format":false,"excerpt":"\u201eZeitreise zu schr\u00e4gen Typen\u201c \u2013 unter diesem Motto stand in diesem Jahr die Kinderbibelwoche (KiBiWo) in der zweiter Osterferienwoche in Sch\u00f6tmar. Diese wird von der Gemeinsamen Jugendarbeit der ev. Kirchengemeinden Sch\u00f6tmar und Sylbach organisiert und veranstaltet. Zusammen mit 16 jugendlichen Mitarbeitern, die teilweise fr\u00fcher selbst Teilnehmer waren, Gemeindep\u00e4dagoge Axel Schwarze\u2026","rel":"","context":"In &quot;Allgemein&quot;","block_context":{"text":"Allgemein","link":"https:\/\/www.gemeinsame-jugendarbeit.de\/wordpress\/category\/allgemein\/"},"img":{"alt_text":"","src":"https:\/\/i0.wp.com\/www.gemeinsame-jugendarbeit.de\/wordpress\/wp-content\/uploads\/2018\/02\/Kibiwo_mauer_bunt_rand.jpg?fit=1082%2C1200&ssl=1&resize=350%2C200","width":350,"height":200,"srcset":"https:\/\/i0.wp.com\/www.gemeinsame-jugendarbeit.de\/wordpress\/wp-content\/uploads\/2018\/02\/Kibiwo_mauer_bunt_rand.jpg?fit=1082%2C1200&ssl=1&resize=350%2C200 1x, https:\/\/i0.wp.com\/www.gemeinsame-jugendarbeit.de\/wordpress\/wp-content\/uploads\/2018\/02\/Kibiwo_mauer_bunt_rand.jpg?fit=1082%2C1200&ssl=1&resize=525%2C300 1.5x, https:\/\/i0.wp.com\/www.gemeinsame-jugendarbeit.de\/wordpress\/wp-content\/uploads\/2018\/02\/Kibiwo_mauer_bunt_rand.jpg?fit=1082%2C1200&ssl=1&resize=700%2C400 2x, https:\/\/i0.wp.com\/www.gemeinsame-jugendarbeit.de\/wordpress\/wp-content\/uploads\/2018\/02\/Kibiwo_mauer_bunt_rand.jpg?fit=1082%2C1200&ssl=1&resize=1050%2C600 3x"},"classes":[]},{"id":4382,"url":"https:\/\/www.gemeinsame-jugendarbeit.de\/wordpress\/2026\/02\/15\/kinderbibelwoche-in-schoetmar\/","url_meta":{"origin":1202,"position":2},"title":"Kinderbibelwoche in Sch\u00f6tmar &#8211; 7.-12. April 2026","author":"schwarze","date":"15. Februar 2026","format":false,"excerpt":"Kinderbibelwoche 2025 in Sch\u00f6tmar7.-12. April 2026\u00a0Alles gut im Schneckenhaus?!?Tiffany und Theodor - zwei Personen, die unterschiedlicher nicht sein k\u00f6nnten. Theodor ist ein Erfinder mit Leib und Seele. Was es noch nicht gibt oder gebraucht wird, wird kurzerhand erfunden und gebastelt. Tiffany ist eine Schnecke, die alles ganz genau wissen will\u2026","rel":"","context":"In &quot;Allgemein&quot;","block_context":{"text":"Allgemein","link":"https:\/\/www.gemeinsame-jugendarbeit.de\/wordpress\/category\/allgemein\/"},"img":{"alt_text":"","src":"https:\/\/i0.wp.com\/www.gemeinsame-jugendarbeit.de\/wordpress\/wp-content\/uploads\/2026\/01\/kbw2026_plakat.jpg?fit=847%2C1200&ssl=1&resize=350%2C200","width":350,"height":200,"srcset":"https:\/\/i0.wp.com\/www.gemeinsame-jugendarbeit.de\/wordpress\/wp-content\/uploads\/2026\/01\/kbw2026_plakat.jpg?fit=847%2C1200&ssl=1&resize=350%2C200 1x, https:\/\/i0.wp.com\/www.gemeinsame-jugendarbeit.de\/wordpress\/wp-content\/uploads\/2026\/01\/kbw2026_plakat.jpg?fit=847%2C1200&ssl=1&resize=525%2C300 1.5x, https:\/\/i0.wp.com\/www.gemeinsame-jugendarbeit.de\/wordpress\/wp-content\/uploads\/2026\/01\/kbw2026_plakat.jpg?fit=847%2C1200&ssl=1&resize=700%2C400 2x"},"classes":[]},{"id":609,"url":"https:\/\/www.gemeinsame-jugendarbeit.de\/wordpress\/2017\/09\/14\/churchnight-2017\/","url_meta":{"origin":1202,"position":3},"title":"CHURCHNIGHT 2017 &#8211; Das war&#8217;s!","author":"schwarze","date":"14. September 2017","format":false,"excerpt":"Reformation einmal anders: Glaube und Kirche \u2013 modern, jugendlich und f\u00fcr jeden geeignet! Das war die Churchnight 2017! \u00a0Wie kann man Jugendliche und (junge) Erwachsene f\u00fcr das 500 Jahre alte Thema der Reformation interessieren oder sogar begeistern? Dieser Aufgabe haben sich Mitarbeitende der Gemeinsamen Jugendarbeit in Sylbach und Sch\u00f6tmar und\u2026","rel":"","context":"In &quot;Allgemein&quot;","block_context":{"text":"Allgemein","link":"https:\/\/www.gemeinsame-jugendarbeit.de\/wordpress\/category\/allgemein\/"},"img":{"alt_text":"","src":"https:\/\/i0.wp.com\/www.gemeinsame-jugendarbeit.de\/wordpress\/wp-content\/uploads\/2017\/10\/IMG_1506.jpg?fit=1200%2C800&ssl=1&resize=350%2C200","width":350,"height":200,"srcset":"https:\/\/i0.wp.com\/www.gemeinsame-jugendarbeit.de\/wordpress\/wp-content\/uploads\/2017\/10\/IMG_1506.jpg?fit=1200%2C800&ssl=1&resize=350%2C200 1x, https:\/\/i0.wp.com\/www.gemeinsame-jugendarbeit.de\/wordpress\/wp-content\/uploads\/2017\/10\/IMG_1506.jpg?fit=1200%2C800&ssl=1&resize=525%2C300 1.5x, https:\/\/i0.wp.com\/www.gemeinsame-jugendarbeit.de\/wordpress\/wp-content\/uploads\/2017\/10\/IMG_1506.jpg?fit=1200%2C800&ssl=1&resize=700%2C400 2x, https:\/\/i0.wp.com\/www.gemeinsame-jugendarbeit.de\/wordpress\/wp-content\/uploads\/2017\/10\/IMG_1506.jpg?fit=1200%2C800&ssl=1&resize=1050%2C600 3x"},"classes":[]},{"id":4457,"url":"https:\/\/www.gemeinsame-jugendarbeit.de\/wordpress\/2024\/05\/18\/ku37-neuer-konfiunterricht-der-ev-kirchengemeinden-in-schoetmar\/","url_meta":{"origin":1202,"position":4},"title":"KU3+7 &#8211; Neuer Konfiunterricht der ev. Kirchengemeinden in Sch\u00f6tmar","author":"schwarze","date":"18. Mai 2024","format":false,"excerpt":"Liebe Familien!Bisher besuchen die Jugendlichen in der 6. und 7. Klasse den Konfiunterricht und werden zum Abschluss in der Kirche konfirmiert.Auf dem Weg zur Konfirmation gibt es etwas Neues in den evangelisch reformierten und lutherischen Kirchengemeinden in Sch\u00f6tmar.\u201eKonfi 3+7\" - der zweigeteilte Konfiunterricht in der Zeit der 3. und der\u2026","rel":"","context":"In &quot;Allgemein&quot;","block_context":{"text":"Allgemein","link":"https:\/\/www.gemeinsame-jugendarbeit.de\/wordpress\/category\/allgemein\/"},"img":{"alt_text":"","src":"https:\/\/i0.wp.com\/www.gemeinsame-jugendarbeit.de\/wordpress\/wp-content\/uploads\/2024\/05\/AdobeStock_104875527-1024x684.jpeg?resize=350%2C200","width":350,"height":200,"srcset":"https:\/\/i0.wp.com\/www.gemeinsame-jugendarbeit.de\/wordpress\/wp-content\/uploads\/2024\/05\/AdobeStock_104875527-1024x684.jpeg?resize=350%2C200 1x, https:\/\/i0.wp.com\/www.gemeinsame-jugendarbeit.de\/wordpress\/wp-content\/uploads\/2024\/05\/AdobeStock_104875527-1024x684.jpeg?resize=525%2C300 1.5x, https:\/\/i0.wp.com\/www.gemeinsame-jugendarbeit.de\/wordpress\/wp-content\/uploads\/2024\/05\/AdobeStock_104875527-1024x684.jpeg?resize=700%2C400 2x"},"classes":[]},{"id":1143,"url":"https:\/\/www.gemeinsame-jugendarbeit.de\/wordpress\/2018\/05\/09\/ausflug-der-katechumenen-der-kilianskirche-ins-kloster-loccum-steinhuder-meer\/","url_meta":{"origin":1202,"position":5},"title":"Ausflug der Katechumenen  der Kilianskirche ins Kloster Loccum\/Steinhuder Meer","author":"schwarze","date":"9. Mai 2018","format":false,"excerpt":"In der ev. ref. Kirchengemeinde Sch\u00f6tmar bereiten sich zur Zeit achtzehn Katechumenen, neun M\u00e4dchen und neun Jungs, auf ihre Konfirmation im n\u00e4chsten Jahr vor. Gemeinsam hei\u00dft es alle vier Wochen samst\u00e4glich die Kirchengemeinde kennenzulernen, Glaubensinhalten nachzugehen und Lieder zu singen. Anfang Mai konnten die Katechumenen dabei zusammen mit einigen Elternteilen\u2026","rel":"","context":"In &quot;Allgemein&quot;","block_context":{"text":"Allgemein","link":"https:\/\/www.gemeinsame-jugendarbeit.de\/wordpress\/category\/allgemein\/"},"img":{"alt_text":"","src":"","width":0,"height":0},"classes":[]}],"publishpress_future_action":{"enabled":false,"date":"2026-05-07 13:48:03","action":"change-status","newStatus":"draft","terms":[],"taxonomy":"category"},"publishpress_future_workflow_manual_trigger":{"enabledWorkflows":[]},"_links":{"self":[{"href":"https:\/\/www.gemeinsame-jugendarbeit.de\/wordpress\/wp-json\/wp\/v2\/posts\/1202"}],"collection":[{"href":"https:\/\/www.gemeinsame-jugendarbeit.de\/wordpress\/wp-json\/wp\/v2\/posts"}],"about":[{"href":"https:\/\/www.gemeinsame-jugendarbeit.de\/wordpress\/wp-json\/wp\/v2\/types\/post"}],"author":[{"embeddable":true,"href":"https:\/\/www.gemeinsame-jugendarbeit.de\/wordpress\/wp-json\/wp\/v2\/users\/1"}],"replies":[{"embeddable":true,"href":"https:\/\/www.gemeinsame-jugendarbeit.de\/wordpress\/wp-json\/wp\/v2\/comments?post=1202"}],"version-history":[{"count":1,"href":"https:\/\/www.gemeinsame-jugendarbeit.de\/wordpress\/wp-json\/wp\/v2\/posts\/1202\/revisions"}],"predecessor-version":[{"id":1205,"href":"https:\/\/www.gemeinsame-jugendarbeit.de\/wordpress\/wp-json\/wp\/v2\/posts\/1202\/revisions\/1205"}],"wp:featuredmedia":[{"embeddable":true,"href":"https:\/\/www.gemeinsame-jugendarbeit.de\/wordpress\/wp-json\/wp\/v2\/media\/1204"}],"wp:attachment":[{"href":"https:\/\/www.gemeinsame-jugendarbeit.de\/wordpress\/wp-json\/wp\/v2\/media?parent=1202"}],"wp:term":[{"taxonomy":"category","embeddable":true,"href":"https:\/\/www.gemeinsame-jugendarbeit.de\/wordpress\/wp-json\/wp\/v2\/categories?post=1202"},{"taxonomy":"post_tag","embeddable":true,"href":"https:\/\/www.gemeinsame-jugendarbeit.de\/wordpress\/wp-json\/wp\/v2\/tags?post=1202"}],"curies":[{"name":"wp","href":"https:\/\/api.w.org\/{rel}","templated":true}]}}