{"id":1343,"date":"2019-05-01T08:52:59","date_gmt":"2019-05-01T06:52:59","guid":{"rendered":"http:\/\/www.gemeinsame-jugendarbeit.de\/wordpress\/?p=1343"},"modified":"2019-06-06T08:59:08","modified_gmt":"2019-06-06T06:59:08","slug":"das-war-die-kinderbibelwoche-2019","status":"publish","type":"post","link":"https:\/\/www.gemeinsame-jugendarbeit.de\/wordpress\/2019\/05\/01\/das-war-die-kinderbibelwoche-2019\/","title":{"rendered":"Das war die Kinderbibelwoche 2019"},"content":{"rendered":"<p>Eine Woche rund um das Labyrinth von Susa und die mutige K\u00f6nigin Esther &#8211; Die gemeinsame Jugendarbeit der evangelischen Kirchengemeinden in Sch\u00f6tmar und Sylbach hatte wieder ein starkes Programm organisiert. Ein Team aus 15 Ehrenamtlichen unter Leitung von Diakon Axel Schwarze und Pfr. Matthias Schmidt hatte f\u00fcr \u00fcber 60 Kinder eine aufregende Woche organisiert.<\/p>\n<p>\u201eMut tut gut\u201c \u2013 war das diesj\u00e4hrige Motto, bei dem diesmal die Geschichte von Esther im Mittelpunkt stand. Ein Attentat und ein geplanter V\u00f6lkermord sind der Hintergrund der biblischen Geschichte im alttestamentlichen Buch Esther. Zivilcourage und Gottvertrauen retten ein ganzes Volk. Die Kinder der Klassen 1-6 konnten in der Kinderbibelwoche auch erfahren, wie wichtig diese Eigenschaften heutzutage noch sind. So feierten sie mit ihren Liedern, Bildern und Szenen zum Abschluss gemeinsam Gottesdienst, der Mut machte, an der richtigen Stelle den Mund f\u00fcr diejenigen aufzumachen, deren Leben gef\u00e4hrdet ist. Gott schenkt dazu die Kraft und segnet diejenigen, die sich von ihm dazu beauftragen lassen. Schon Esther die junge Frau an der Seite des K\u00f6nigs Ahasveros in Susa stritt f\u00fcr die Menschenrechte ihres Volkes ein.&nbsp; So hat die Woche den Kindern mit Spielen im Garten, Basteln und sogar erstmalig einer H\u00fcpfburg nicht nur eine wichtige Botschaft, sondern auch ganz viel Spa\u00df gemacht.<\/p>\n<p>&nbsp;<\/p>\n<p>Laureen Hannig \/ Matthias Schmidt<\/p>\n<p><a href=\"https:\/\/www.gemeinsame-jugendarbeit.de\/wordpress\/wp-content\/uploads\/2019\/06\/kbw2019_1.jpg\">&nbsp; <\/a><a href=\"https:\/\/i0.wp.com\/www.gemeinsame-jugendarbeit.de\/wordpress\/wp-content\/uploads\/2019\/06\/kbw2019_3.jpg?ssl=1\" target=\"_blank\" rel=\"noopener noreferrer\"><img data-attachment-id=\"1345\" data-permalink=\"https:\/\/www.gemeinsame-jugendarbeit.de\/wordpress\/2019\/05\/01\/das-war-die-kinderbibelwoche-2019\/kbw2019_3\/\" data-orig-file=\"https:\/\/i0.wp.com\/www.gemeinsame-jugendarbeit.de\/wordpress\/wp-content\/uploads\/2019\/06\/kbw2019_3.jpg?fit=4032%2C3024&amp;ssl=1\" data-orig-size=\"4032,3024\" data-comments-opened=\"0\" data-image-meta=\"{&quot;aperture&quot;:&quot;2.4&quot;,&quot;credit&quot;:&quot;&quot;,&quot;camera&quot;:&quot;SM-G960F&quot;,&quot;caption&quot;:&quot;&quot;,&quot;created_timestamp&quot;:&quot;1556100048&quot;,&quot;copyright&quot;:&quot;&quot;,&quot;focal_length&quot;:&quot;4.3&quot;,&quot;iso&quot;:&quot;125&quot;,&quot;shutter_speed&quot;:&quot;0.02&quot;,&quot;title&quot;:&quot;&quot;,&quot;orientation&quot;:&quot;1&quot;}\" data-image-title=\"kbw2019_3\" data-image-description=\"\" data-image-caption=\"\" data-medium-file=\"https:\/\/i0.wp.com\/www.gemeinsame-jugendarbeit.de\/wordpress\/wp-content\/uploads\/2019\/06\/kbw2019_3.jpg?fit=300%2C225&amp;ssl=1\" data-large-file=\"https:\/\/i0.wp.com\/www.gemeinsame-jugendarbeit.de\/wordpress\/wp-content\/uploads\/2019\/06\/kbw2019_3.jpg?fit=1000%2C750&amp;ssl=1\" fetchpriority=\"high\" decoding=\"async\" class=\"alignnone wp-image-1345 size-medium\" src=\"https:\/\/i0.wp.com\/www.gemeinsame-jugendarbeit.de\/wordpress\/wp-content\/uploads\/2019\/06\/kbw2019_3.jpg?resize=300%2C225&#038;ssl=1\" alt=\"\" width=\"300\" height=\"225\" srcset=\"https:\/\/i0.wp.com\/www.gemeinsame-jugendarbeit.de\/wordpress\/wp-content\/uploads\/2019\/06\/kbw2019_3.jpg?resize=300%2C225&amp;ssl=1 300w, https:\/\/i0.wp.com\/www.gemeinsame-jugendarbeit.de\/wordpress\/wp-content\/uploads\/2019\/06\/kbw2019_3.jpg?resize=768%2C576&amp;ssl=1 768w, https:\/\/i0.wp.com\/www.gemeinsame-jugendarbeit.de\/wordpress\/wp-content\/uploads\/2019\/06\/kbw2019_3.jpg?resize=1024%2C768&amp;ssl=1 1024w, https:\/\/i0.wp.com\/www.gemeinsame-jugendarbeit.de\/wordpress\/wp-content\/uploads\/2019\/06\/kbw2019_3.jpg?resize=400%2C300&amp;ssl=1 400w, https:\/\/i0.wp.com\/www.gemeinsame-jugendarbeit.de\/wordpress\/wp-content\/uploads\/2019\/06\/kbw2019_3.jpg?w=2000&amp;ssl=1 2000w, https:\/\/i0.wp.com\/www.gemeinsame-jugendarbeit.de\/wordpress\/wp-content\/uploads\/2019\/06\/kbw2019_3.jpg?w=3000&amp;ssl=1 3000w\" sizes=\"(max-width: 300px) 100vw, 300px\" data-recalc-dims=\"1\" \/><\/a> &nbsp; <a href=\"https:\/\/www.gemeinsame-jugendarbeit.de\/wordpress\/wp-content\/uploads\/2019\/06\/kbw2019_2.jpg\">&nbsp;&nbsp;<\/a><a href=\"https:\/\/i0.wp.com\/www.gemeinsame-jugendarbeit.de\/wordpress\/wp-content\/uploads\/2019\/06\/kbw2019_2.jpg?ssl=1\" target=\"_blank\" rel=\"noopener noreferrer\"><img data-attachment-id=\"1344\" data-permalink=\"https:\/\/www.gemeinsame-jugendarbeit.de\/wordpress\/2019\/05\/01\/das-war-die-kinderbibelwoche-2019\/kbw2019_2\/\" data-orig-file=\"https:\/\/i0.wp.com\/www.gemeinsame-jugendarbeit.de\/wordpress\/wp-content\/uploads\/2019\/06\/kbw2019_2.jpg?fit=4032%2C3024&amp;ssl=1\" data-orig-size=\"4032,3024\" data-comments-opened=\"0\" data-image-meta=\"{&quot;aperture&quot;:&quot;2.4&quot;,&quot;credit&quot;:&quot;&quot;,&quot;camera&quot;:&quot;SM-G960F&quot;,&quot;caption&quot;:&quot;&quot;,&quot;created_timestamp&quot;:&quot;1556279256&quot;,&quot;copyright&quot;:&quot;&quot;,&quot;focal_length&quot;:&quot;4.3&quot;,&quot;iso&quot;:&quot;250&quot;,&quot;shutter_speed&quot;:&quot;0.071428571428571&quot;,&quot;title&quot;:&quot;&quot;,&quot;orientation&quot;:&quot;1&quot;}\" data-image-title=\"kbw2019_2\" data-image-description=\"\" data-image-caption=\"\" data-medium-file=\"https:\/\/i0.wp.com\/www.gemeinsame-jugendarbeit.de\/wordpress\/wp-content\/uploads\/2019\/06\/kbw2019_2.jpg?fit=300%2C225&amp;ssl=1\" data-large-file=\"https:\/\/i0.wp.com\/www.gemeinsame-jugendarbeit.de\/wordpress\/wp-content\/uploads\/2019\/06\/kbw2019_2.jpg?fit=1000%2C750&amp;ssl=1\" decoding=\"async\" class=\"alignnone wp-image-1344 size-medium\" src=\"https:\/\/i0.wp.com\/www.gemeinsame-jugendarbeit.de\/wordpress\/wp-content\/uploads\/2019\/06\/kbw2019_2.jpg?resize=300%2C225&#038;ssl=1\" alt=\"\" width=\"300\" height=\"225\" srcset=\"https:\/\/i0.wp.com\/www.gemeinsame-jugendarbeit.de\/wordpress\/wp-content\/uploads\/2019\/06\/kbw2019_2.jpg?resize=300%2C225&amp;ssl=1 300w, https:\/\/i0.wp.com\/www.gemeinsame-jugendarbeit.de\/wordpress\/wp-content\/uploads\/2019\/06\/kbw2019_2.jpg?resize=768%2C576&amp;ssl=1 768w, https:\/\/i0.wp.com\/www.gemeinsame-jugendarbeit.de\/wordpress\/wp-content\/uploads\/2019\/06\/kbw2019_2.jpg?resize=1024%2C768&amp;ssl=1 1024w, https:\/\/i0.wp.com\/www.gemeinsame-jugendarbeit.de\/wordpress\/wp-content\/uploads\/2019\/06\/kbw2019_2.jpg?resize=400%2C300&amp;ssl=1 400w, https:\/\/i0.wp.com\/www.gemeinsame-jugendarbeit.de\/wordpress\/wp-content\/uploads\/2019\/06\/kbw2019_2.jpg?w=2000&amp;ssl=1 2000w, https:\/\/i0.wp.com\/www.gemeinsame-jugendarbeit.de\/wordpress\/wp-content\/uploads\/2019\/06\/kbw2019_2.jpg?w=3000&amp;ssl=1 3000w\" sizes=\"(max-width: 300px) 100vw, 300px\" data-recalc-dims=\"1\" \/><\/a> <a href=\"https:\/\/i0.wp.com\/www.gemeinsame-jugendarbeit.de\/wordpress\/wp-content\/uploads\/2019\/06\/IMG-20190427-WA0033.jpg?ssl=1\" target=\"_blank\" rel=\"noopener noreferrer\"><img data-attachment-id=\"1339\" data-permalink=\"https:\/\/www.gemeinsame-jugendarbeit.de\/wordpress\/2019\/05\/01\/das-war-die-kinderbibelwoche-2019\/img-20190427-wa0033\/\" data-orig-file=\"https:\/\/i0.wp.com\/www.gemeinsame-jugendarbeit.de\/wordpress\/wp-content\/uploads\/2019\/06\/IMG-20190427-WA0033.jpg?fit=1200%2C1600&amp;ssl=1\" data-orig-size=\"1200,1600\" data-comments-opened=\"0\" data-image-meta=\"{&quot;aperture&quot;:&quot;0&quot;,&quot;credit&quot;:&quot;&quot;,&quot;camera&quot;:&quot;&quot;,&quot;caption&quot;:&quot;&quot;,&quot;created_timestamp&quot;:&quot;0&quot;,&quot;copyright&quot;:&quot;&quot;,&quot;focal_length&quot;:&quot;0&quot;,&quot;iso&quot;:&quot;0&quot;,&quot;shutter_speed&quot;:&quot;0&quot;,&quot;title&quot;:&quot;&quot;,&quot;orientation&quot;:&quot;0&quot;}\" data-image-title=\"IMG-20190427-WA0033\" data-image-description=\"\" data-image-caption=\"\" data-medium-file=\"https:\/\/i0.wp.com\/www.gemeinsame-jugendarbeit.de\/wordpress\/wp-content\/uploads\/2019\/06\/IMG-20190427-WA0033.jpg?fit=225%2C300&amp;ssl=1\" data-large-file=\"https:\/\/i0.wp.com\/www.gemeinsame-jugendarbeit.de\/wordpress\/wp-content\/uploads\/2019\/06\/IMG-20190427-WA0033.jpg?fit=768%2C1024&amp;ssl=1\" decoding=\"async\" class=\"alignnone wp-image-1339\" src=\"https:\/\/i0.wp.com\/www.gemeinsame-jugendarbeit.de\/wordpress\/wp-content\/uploads\/2019\/06\/IMG-20190427-WA0033.jpg?resize=170%2C227&#038;ssl=1\" alt=\"\" width=\"170\" height=\"227\" srcset=\"https:\/\/i0.wp.com\/www.gemeinsame-jugendarbeit.de\/wordpress\/wp-content\/uploads\/2019\/06\/IMG-20190427-WA0033.jpg?resize=225%2C300&amp;ssl=1 225w, https:\/\/i0.wp.com\/www.gemeinsame-jugendarbeit.de\/wordpress\/wp-content\/uploads\/2019\/06\/IMG-20190427-WA0033.jpg?resize=768%2C1024&amp;ssl=1 768w, https:\/\/i0.wp.com\/www.gemeinsame-jugendarbeit.de\/wordpress\/wp-content\/uploads\/2019\/06\/IMG-20190427-WA0033.jpg?resize=630%2C840&amp;ssl=1 630w, https:\/\/i0.wp.com\/www.gemeinsame-jugendarbeit.de\/wordpress\/wp-content\/uploads\/2019\/06\/IMG-20190427-WA0033.jpg?resize=960%2C1280&amp;ssl=1 960w, https:\/\/i0.wp.com\/www.gemeinsame-jugendarbeit.de\/wordpress\/wp-content\/uploads\/2019\/06\/IMG-20190427-WA0033.jpg?w=1200&amp;ssl=1 1200w\" sizes=\"(max-width: 170px) 100vw, 170px\" data-recalc-dims=\"1\" \/><\/a><\/p>\n","protected":false},"excerpt":{"rendered":"<p>Eine Woche rund um das Labyrinth von Susa und die mutige K\u00f6nigin Esther &#8211; Die gemeinsame Jugendarbeit der evangelischen Kirchengemeinden in Sch\u00f6tmar und Sylbach hatte wieder ein starkes Programm organisiert&#8230;. <\/p>\n<div class=\"link-more\"><a href=\"https:\/\/www.gemeinsame-jugendarbeit.de\/wordpress\/2019\/05\/01\/das-war-die-kinderbibelwoche-2019\/\">Weiterlesen<\/a><\/div>\n","protected":false},"author":1,"featured_media":1250,"comment_status":"closed","ping_status":"closed","sticky":false,"template":"","format":"standard","meta":{"ngg_post_thumbnail":0,"_jetpack_newsletter_access":""},"categories":[1,4],"tags":[],"jetpack_featured_media_url":"https:\/\/i0.wp.com\/www.gemeinsame-jugendarbeit.de\/wordpress\/wp-content\/uploads\/2019\/02\/kbw2019_plakat.jpg?fit=2552%2C3580&ssl=1","jetpack_sharing_enabled":true,"jetpack_shortlink":"https:\/\/wp.me\/p8sCNj-lF","jetpack-related-posts":[{"id":3539,"url":"https:\/\/www.gemeinsame-jugendarbeit.de\/wordpress\/2022\/05\/03\/3539\/","url_meta":{"origin":1343,"position":0},"title":"Kinderbibelwoche 2022 &#8211; ein R\u00fcckblick","author":"schwarze","date":"3. Mai 2022","format":false,"excerpt":"Wie k\u00f6nnen Kinder heutzutage Jesus erleben? Nat\u00fcrlich in der Kinderbibelwoche! \u201eJesus erleben!\u201c lautete der Titel der diesj\u00e4hrigen Kinderbibelwoche in der Woche nach Ostern in Sch\u00f6tmar. Aber was haben die Geschichten vom verlorenen Schaf, die Stillung des Sturms oder das gro\u00dfe Festmahl mit den Menschen von heute zu tun? Zusammen mit\u2026","rel":"","context":"In &quot;Allgemein&quot;","block_context":{"text":"Allgemein","link":"https:\/\/www.gemeinsame-jugendarbeit.de\/wordpress\/category\/allgemein\/"},"img":{"alt_text":"","src":"https:\/\/i0.wp.com\/www.gemeinsame-jugendarbeit.de\/wordpress\/wp-content\/uploads\/2022\/05\/20220422_121414-scaled.jpg?fit=1200%2C675&ssl=1&resize=350%2C200","width":350,"height":200,"srcset":"https:\/\/i0.wp.com\/www.gemeinsame-jugendarbeit.de\/wordpress\/wp-content\/uploads\/2022\/05\/20220422_121414-scaled.jpg?fit=1200%2C675&ssl=1&resize=350%2C200 1x, https:\/\/i0.wp.com\/www.gemeinsame-jugendarbeit.de\/wordpress\/wp-content\/uploads\/2022\/05\/20220422_121414-scaled.jpg?fit=1200%2C675&ssl=1&resize=525%2C300 1.5x, https:\/\/i0.wp.com\/www.gemeinsame-jugendarbeit.de\/wordpress\/wp-content\/uploads\/2022\/05\/20220422_121414-scaled.jpg?fit=1200%2C675&ssl=1&resize=700%2C400 2x, https:\/\/i0.wp.com\/www.gemeinsame-jugendarbeit.de\/wordpress\/wp-content\/uploads\/2022\/05\/20220422_121414-scaled.jpg?fit=1200%2C675&ssl=1&resize=1050%2C600 3x"},"classes":[]},{"id":923,"url":"https:\/\/www.gemeinsame-jugendarbeit.de\/wordpress\/2018\/04\/25\/kibiwo-2018-bericht\/","url_meta":{"origin":1343,"position":1},"title":"Kibiwo 2018 &#8211; Bericht","author":"schwarze","date":"25. April 2018","format":false,"excerpt":"\u201eZeitreise zu schr\u00e4gen Typen\u201c \u2013 unter diesem Motto stand in diesem Jahr die Kinderbibelwoche (KiBiWo) in der zweiter Osterferienwoche in Sch\u00f6tmar. Diese wird von der Gemeinsamen Jugendarbeit der ev. Kirchengemeinden Sch\u00f6tmar und Sylbach organisiert und veranstaltet. Zusammen mit 16 jugendlichen Mitarbeitern, die teilweise fr\u00fcher selbst Teilnehmer waren, Gemeindep\u00e4dagoge Axel Schwarze\u2026","rel":"","context":"In &quot;Allgemein&quot;","block_context":{"text":"Allgemein","link":"https:\/\/www.gemeinsame-jugendarbeit.de\/wordpress\/category\/allgemein\/"},"img":{"alt_text":"","src":"https:\/\/i0.wp.com\/www.gemeinsame-jugendarbeit.de\/wordpress\/wp-content\/uploads\/2018\/02\/Kibiwo_mauer_bunt_rand.jpg?fit=1082%2C1200&ssl=1&resize=350%2C200","width":350,"height":200,"srcset":"https:\/\/i0.wp.com\/www.gemeinsame-jugendarbeit.de\/wordpress\/wp-content\/uploads\/2018\/02\/Kibiwo_mauer_bunt_rand.jpg?fit=1082%2C1200&ssl=1&resize=350%2C200 1x, https:\/\/i0.wp.com\/www.gemeinsame-jugendarbeit.de\/wordpress\/wp-content\/uploads\/2018\/02\/Kibiwo_mauer_bunt_rand.jpg?fit=1082%2C1200&ssl=1&resize=525%2C300 1.5x, https:\/\/i0.wp.com\/www.gemeinsame-jugendarbeit.de\/wordpress\/wp-content\/uploads\/2018\/02\/Kibiwo_mauer_bunt_rand.jpg?fit=1082%2C1200&ssl=1&resize=700%2C400 2x, https:\/\/i0.wp.com\/www.gemeinsame-jugendarbeit.de\/wordpress\/wp-content\/uploads\/2018\/02\/Kibiwo_mauer_bunt_rand.jpg?fit=1082%2C1200&ssl=1&resize=1050%2C600 3x"},"classes":[]},{"id":4382,"url":"https:\/\/www.gemeinsame-jugendarbeit.de\/wordpress\/2026\/02\/15\/kinderbibelwoche-in-schoetmar\/","url_meta":{"origin":1343,"position":2},"title":"Kinderbibelwoche in Sch\u00f6tmar &#8211; 7.-12. April 2026","author":"schwarze","date":"15. Februar 2026","format":false,"excerpt":"Kinderbibelwoche 2025 in Sch\u00f6tmar7.-12. April 2026\u00a0Alles gut im Schneckenhaus?!?Tiffany und Theodor - zwei Personen, die unterschiedlicher nicht sein k\u00f6nnten. Theodor ist ein Erfinder mit Leib und Seele. Was es noch nicht gibt oder gebraucht wird, wird kurzerhand erfunden und gebastelt. Tiffany ist eine Schnecke, die alles ganz genau wissen will\u2026","rel":"","context":"In &quot;Allgemein&quot;","block_context":{"text":"Allgemein","link":"https:\/\/www.gemeinsame-jugendarbeit.de\/wordpress\/category\/allgemein\/"},"img":{"alt_text":"","src":"https:\/\/i0.wp.com\/www.gemeinsame-jugendarbeit.de\/wordpress\/wp-content\/uploads\/2026\/01\/kbw2026_plakat.jpg?fit=847%2C1200&ssl=1&resize=350%2C200","width":350,"height":200,"srcset":"https:\/\/i0.wp.com\/www.gemeinsame-jugendarbeit.de\/wordpress\/wp-content\/uploads\/2026\/01\/kbw2026_plakat.jpg?fit=847%2C1200&ssl=1&resize=350%2C200 1x, https:\/\/i0.wp.com\/www.gemeinsame-jugendarbeit.de\/wordpress\/wp-content\/uploads\/2026\/01\/kbw2026_plakat.jpg?fit=847%2C1200&ssl=1&resize=525%2C300 1.5x, https:\/\/i0.wp.com\/www.gemeinsame-jugendarbeit.de\/wordpress\/wp-content\/uploads\/2026\/01\/kbw2026_plakat.jpg?fit=847%2C1200&ssl=1&resize=700%2C400 2x"},"classes":[]},{"id":481,"url":"https:\/\/www.gemeinsame-jugendarbeit.de\/wordpress\/2017\/04\/29\/das-war-die-kibiwo2017\/","url_meta":{"origin":1343,"position":3},"title":"Das war die KIBIWO 2017","author":"schwarze","date":"29. April 2017","format":false,"excerpt":"Tanzen, Lachen und Gott loben - Das war die Kinder-Bibel-Woche 2017. Die Kinder-Bibel-Woche im diesj\u00e4hrigen Lutherjahr hatte das Motto \u201eMit Martin auf Entdeckertour\u201c. Diese Tour f\u00fchrte bei der gro\u00dfen Rallye von der Trinitatiskirche durch den Schlosspark bis hin zur gro\u00dfen Kilianskirche. Die Lieder zum Start und zum Abschluss jeden Tages\u2026","rel":"","context":"In &quot;Archiv&quot;","block_context":{"text":"Archiv","link":"https:\/\/www.gemeinsame-jugendarbeit.de\/wordpress\/category\/archiv\/"},"img":{"alt_text":"","src":"https:\/\/i0.wp.com\/www.gemeinsame-jugendarbeit.de\/wordpress\/wp-content\/uploads\/2017\/04\/kbw2017logo_rand.jpg?fit=848%2C1200&ssl=1&resize=350%2C200","width":350,"height":200,"srcset":"https:\/\/i0.wp.com\/www.gemeinsame-jugendarbeit.de\/wordpress\/wp-content\/uploads\/2017\/04\/kbw2017logo_rand.jpg?fit=848%2C1200&ssl=1&resize=350%2C200 1x, https:\/\/i0.wp.com\/www.gemeinsame-jugendarbeit.de\/wordpress\/wp-content\/uploads\/2017\/04\/kbw2017logo_rand.jpg?fit=848%2C1200&ssl=1&resize=525%2C300 1.5x, https:\/\/i0.wp.com\/www.gemeinsame-jugendarbeit.de\/wordpress\/wp-content\/uploads\/2017\/04\/kbw2017logo_rand.jpg?fit=848%2C1200&ssl=1&resize=700%2C400 2x"},"classes":[]},{"id":2540,"url":"https:\/\/www.gemeinsame-jugendarbeit.de\/wordpress\/2021\/03\/08\/kibiwo-2021-zu-hause-erleben\/","url_meta":{"origin":1343,"position":4},"title":"KiBiWo 2021 zu Hause erleben","author":"schwarze","date":"8. M\u00e4rz 2021","format":false,"excerpt":"Dieses Jahr gibt es eine Kinderbibelwoche, die du zu Hause erleben kannst. F\u00fcr\u00a0 Kinder zwischen 6 und 12 Jahren. \u201eAlles gut im Schneckenhaus\u201c \u2013 dahinter verbergen sich Gespr\u00e4che der Schnecke Tiffany und dem K\u00fcnstler Theodor. Es geht dabei um Gottes wunderbare Sch\u00f6pfung und was das mit unserem Leben zu tun\u2026","rel":"","context":"In &quot;Allgemein&quot;","block_context":{"text":"Allgemein","link":"https:\/\/www.gemeinsame-jugendarbeit.de\/wordpress\/category\/allgemein\/"},"img":{"alt_text":"","src":"https:\/\/i0.wp.com\/www.gemeinsame-jugendarbeit.de\/wordpress\/wp-content\/uploads\/2021\/04\/kbw2021_plakat_neu_ohneDatum-scaled.jpg?fit=849%2C1200&ssl=1&resize=350%2C200","width":350,"height":200,"srcset":"https:\/\/i0.wp.com\/www.gemeinsame-jugendarbeit.de\/wordpress\/wp-content\/uploads\/2021\/04\/kbw2021_plakat_neu_ohneDatum-scaled.jpg?fit=849%2C1200&ssl=1&resize=350%2C200 1x, https:\/\/i0.wp.com\/www.gemeinsame-jugendarbeit.de\/wordpress\/wp-content\/uploads\/2021\/04\/kbw2021_plakat_neu_ohneDatum-scaled.jpg?fit=849%2C1200&ssl=1&resize=525%2C300 1.5x, https:\/\/i0.wp.com\/www.gemeinsame-jugendarbeit.de\/wordpress\/wp-content\/uploads\/2021\/04\/kbw2021_plakat_neu_ohneDatum-scaled.jpg?fit=849%2C1200&ssl=1&resize=700%2C400 2x"},"classes":[]},{"id":5184,"url":"https:\/\/www.gemeinsame-jugendarbeit.de\/wordpress\/2026\/04\/13\/minigottesdienst-am-25-april\/","url_meta":{"origin":1343,"position":5},"title":"Minigottesdienst am 25. April","author":"schwarze","date":"13. April 2026","format":false,"excerpt":"Minigottesdienst in der Kirche Sylbach \u2013 Zach\u00e4us: Jesus sieht dich! Herzliche Einladung an alle Kinder von 0 bis 6 Jahren und ihren Familien zu unserem liebevoll gestalteten Minigottesdienst! Am\u00a0Samstag, 25. April 2026 um 10.00 Uhr\u00a0feiern wir gemeinsam in der Kirche Sylbach einen Gottesdienst, der ganz auf die Bed\u00fcrfnisse der Kleinsten\u2026","rel":"","context":"In &quot;Allgemein&quot;","block_context":{"text":"Allgemein","link":"https:\/\/www.gemeinsame-jugendarbeit.de\/wordpress\/category\/allgemein\/"},"img":{"alt_text":"","src":"https:\/\/i0.wp.com\/www.gemeinsame-jugendarbeit.de\/wordpress\/wp-content\/uploads\/2026\/04\/mgdeinladung260425_.jpg?fit=860%2C1200&ssl=1&resize=350%2C200","width":350,"height":200,"srcset":"https:\/\/i0.wp.com\/www.gemeinsame-jugendarbeit.de\/wordpress\/wp-content\/uploads\/2026\/04\/mgdeinladung260425_.jpg?fit=860%2C1200&ssl=1&resize=350%2C200 1x, https:\/\/i0.wp.com\/www.gemeinsame-jugendarbeit.de\/wordpress\/wp-content\/uploads\/2026\/04\/mgdeinladung260425_.jpg?fit=860%2C1200&ssl=1&resize=525%2C300 1.5x, https:\/\/i0.wp.com\/www.gemeinsame-jugendarbeit.de\/wordpress\/wp-content\/uploads\/2026\/04\/mgdeinladung260425_.jpg?fit=860%2C1200&ssl=1&resize=700%2C400 2x"},"classes":[]}],"publishpress_future_action":{"enabled":false,"date":"2026-05-05 18:26:11","action":"change-status","newStatus":"draft","terms":[],"taxonomy":"category"},"publishpress_future_workflow_manual_trigger":{"enabledWorkflows":[]},"_links":{"self":[{"href":"https:\/\/www.gemeinsame-jugendarbeit.de\/wordpress\/wp-json\/wp\/v2\/posts\/1343"}],"collection":[{"href":"https:\/\/www.gemeinsame-jugendarbeit.de\/wordpress\/wp-json\/wp\/v2\/posts"}],"about":[{"href":"https:\/\/www.gemeinsame-jugendarbeit.de\/wordpress\/wp-json\/wp\/v2\/types\/post"}],"author":[{"embeddable":true,"href":"https:\/\/www.gemeinsame-jugendarbeit.de\/wordpress\/wp-json\/wp\/v2\/users\/1"}],"replies":[{"embeddable":true,"href":"https:\/\/www.gemeinsame-jugendarbeit.de\/wordpress\/wp-json\/wp\/v2\/comments?post=1343"}],"version-history":[{"count":2,"href":"https:\/\/www.gemeinsame-jugendarbeit.de\/wordpress\/wp-json\/wp\/v2\/posts\/1343\/revisions"}],"predecessor-version":[{"id":1351,"href":"https:\/\/www.gemeinsame-jugendarbeit.de\/wordpress\/wp-json\/wp\/v2\/posts\/1343\/revisions\/1351"}],"wp:featuredmedia":[{"embeddable":true,"href":"https:\/\/www.gemeinsame-jugendarbeit.de\/wordpress\/wp-json\/wp\/v2\/media\/1250"}],"wp:attachment":[{"href":"https:\/\/www.gemeinsame-jugendarbeit.de\/wordpress\/wp-json\/wp\/v2\/media?parent=1343"}],"wp:term":[{"taxonomy":"category","embeddable":true,"href":"https:\/\/www.gemeinsame-jugendarbeit.de\/wordpress\/wp-json\/wp\/v2\/categories?post=1343"},{"taxonomy":"post_tag","embeddable":true,"href":"https:\/\/www.gemeinsame-jugendarbeit.de\/wordpress\/wp-json\/wp\/v2\/tags?post=1343"}],"curies":[{"name":"wp","href":"https:\/\/api.w.org\/{rel}","templated":true}]}}