{"id":1448,"date":"2019-09-09T12:05:41","date_gmt":"2019-09-09T10:05:41","guid":{"rendered":"http:\/\/www.gemeinsame-jugendarbeit.de\/wordpress\/?p=1448"},"modified":"2019-09-09T12:08:24","modified_gmt":"2019-09-09T10:08:24","slug":"lippischer-jungschartag-2019-in-sylbach","status":"publish","type":"post","link":"https:\/\/www.gemeinsame-jugendarbeit.de\/wordpress\/2019\/09\/09\/lippischer-jungschartag-2019-in-sylbach\/","title":{"rendered":"Lippischer Jungschartag 2019 in Sylbach"},"content":{"rendered":"<p>Das Feuer knistert leise in der Feuerschale vor sich hin, dar\u00fcber drehen sich vorsichtig Stockbrotteige, die langsam goldbraun backen. Man h\u00f6rt vielstimmiges Singen von Kindern, Jugendlichen und Erwachsenen und ab und zu das Tropfen eines Regenschauers. So gem\u00fctlich ging &nbsp;der Jungschartag im Garten des Vereinshauses Sylbach zu Ende.<\/p>\n<p><strong><em>Happy birthday, lieber CVJM Lippe!<\/em><br \/>\n<\/strong>Als ein Highlight der lippischer Jungscharbeit wurde am 7. und 8.9. in und rund um die Sylbacher Kirche mit 120 Kindern und jungen (und fast jungen) Mitarbeitenden beim Lippischen Jungschartag der 125. Geburtstag des CVJM Lippe gefeiert.<\/p>\n<p>Tolle Spielaktionen, ein anregender Gottesdienst, leckeres Essen, eine verschwundene und danach leckere Torte, viel gute Laune und Glaube und Optimismus haben diese tolle Aktion gepr\u00e4gt. Auch den nicht so guten Wettervorhersagen zum Trotz fanden alle geplanten Aktionen im Freien statt und die wenigen Regenschauer haben den Lippischen Jungschartag nicht weiter gest\u00f6rt.<\/p>\n<p>Vorbereitet vom Jungscharbeirat des CVJM Lippe, in Zusammenarbeit mit der Kirchengemeinde Sylbach und dem CVJM Sylbach, konnten wieder einmal alle herzhaft sagen: &#8222;Mit Jesus Christus mutig voran!&#8220;.<\/p>\n<p><em><strong>Du kennt die Jungschar noch nicht?<\/strong><\/em><br \/>\nWenn du ein M\u00e4dchen oder Junge zwischen 6 und 10 Jahren bist komm doch auch zur Jungschar Rasselbande nach Sch\u00f6tmar. Jeden Donnerstag von 16.00 bis 17.30 Uhr wird im Gemeindezentrum der Trinitatiskirche (Eduard-Wolff-Stra\u00dfe 19 in Bad Salzuflen-Sch\u00f6tmar) gespielt, gebastelt, gesungen und spannende Geschichten aus der Bibel erz\u00e4hlt. Axel Schwarze und die Jungscharkinder freuen sich auf Deinen Besuch.<\/p>\n<p><em><strong>Oder wenn Du aus Sylbach kommst:<\/strong><\/em><br \/>\nDort trifft sich die Minijungschar mit Kindern zwischen 6 und 9 Jahren, mittwochs von 17.00 bis 18.00 Uhr.<br \/>\nUnd die Jungschar f\u00fcr Kinder zwischen 9 und 12 Jahren jeden Freitag von 17.00 bis 18.30 Uhr.<br \/>\nJeweils im Vereinshaus Sylbach (Lambrachtweg 10 in Lage).<\/p>\n<p>&nbsp;<\/p>\n<p><a href=\"https:\/\/i0.wp.com\/www.gemeinsame-jugendarbeit.de\/wordpress\/wp-content\/uploads\/2019\/09\/20190907_132836-Kopie.jpg?ssl=1\" target=\"_blank\" rel=\"noopener noreferrer\"><img data-attachment-id=\"1446\" data-permalink=\"https:\/\/www.gemeinsame-jugendarbeit.de\/wordpress\/2019\/09\/09\/lippischer-jungschartag-2019-in-sylbach\/20190907_132836-kopie\/\" data-orig-file=\"https:\/\/i0.wp.com\/www.gemeinsame-jugendarbeit.de\/wordpress\/wp-content\/uploads\/2019\/09\/20190907_132836-Kopie.jpg?fit=4032%2C3024&amp;ssl=1\" data-orig-size=\"4032,3024\" data-comments-opened=\"0\" data-image-meta=\"{&quot;aperture&quot;:&quot;2.4&quot;,&quot;credit&quot;:&quot;&quot;,&quot;camera&quot;:&quot;SM-G960F&quot;,&quot;caption&quot;:&quot;&quot;,&quot;created_timestamp&quot;:&quot;1567862915&quot;,&quot;copyright&quot;:&quot;&quot;,&quot;focal_length&quot;:&quot;4.3&quot;,&quot;iso&quot;:&quot;50&quot;,&quot;shutter_speed&quot;:&quot;0.00041528239202658&quot;,&quot;title&quot;:&quot;&quot;,&quot;orientation&quot;:&quot;1&quot;}\" data-image-title=\"20190907_132836 &#8211; Kopie\" data-image-description=\"\" data-image-caption=\"\" data-medium-file=\"https:\/\/i0.wp.com\/www.gemeinsame-jugendarbeit.de\/wordpress\/wp-content\/uploads\/2019\/09\/20190907_132836-Kopie.jpg?fit=300%2C225&amp;ssl=1\" data-large-file=\"https:\/\/i0.wp.com\/www.gemeinsame-jugendarbeit.de\/wordpress\/wp-content\/uploads\/2019\/09\/20190907_132836-Kopie.jpg?fit=1000%2C750&amp;ssl=1\" fetchpriority=\"high\" decoding=\"async\" class=\"alignnone wp-image-1446 size-medium\" src=\"https:\/\/i0.wp.com\/www.gemeinsame-jugendarbeit.de\/wordpress\/wp-content\/uploads\/2019\/09\/20190907_132836-Kopie.jpg?resize=300%2C225&#038;ssl=1\" alt=\"\" width=\"300\" height=\"225\" srcset=\"https:\/\/i0.wp.com\/www.gemeinsame-jugendarbeit.de\/wordpress\/wp-content\/uploads\/2019\/09\/20190907_132836-Kopie.jpg?resize=300%2C225&amp;ssl=1 300w, https:\/\/i0.wp.com\/www.gemeinsame-jugendarbeit.de\/wordpress\/wp-content\/uploads\/2019\/09\/20190907_132836-Kopie.jpg?resize=768%2C576&amp;ssl=1 768w, https:\/\/i0.wp.com\/www.gemeinsame-jugendarbeit.de\/wordpress\/wp-content\/uploads\/2019\/09\/20190907_132836-Kopie.jpg?resize=1024%2C768&amp;ssl=1 1024w, https:\/\/i0.wp.com\/www.gemeinsame-jugendarbeit.de\/wordpress\/wp-content\/uploads\/2019\/09\/20190907_132836-Kopie.jpg?resize=400%2C300&amp;ssl=1 400w, https:\/\/i0.wp.com\/www.gemeinsame-jugendarbeit.de\/wordpress\/wp-content\/uploads\/2019\/09\/20190907_132836-Kopie.jpg?w=2000&amp;ssl=1 2000w, https:\/\/i0.wp.com\/www.gemeinsame-jugendarbeit.de\/wordpress\/wp-content\/uploads\/2019\/09\/20190907_132836-Kopie.jpg?w=3000&amp;ssl=1 3000w\" sizes=\"(max-width: 300px) 100vw, 300px\" data-recalc-dims=\"1\" \/> <\/a> <a href=\"https:\/\/i0.wp.com\/www.gemeinsame-jugendarbeit.de\/wordpress\/wp-content\/uploads\/2019\/09\/20190907_105843-Kopie.jpg?ssl=1\" target=\"_blank\" rel=\"noopener noreferrer\"><img data-attachment-id=\"1444\" data-permalink=\"https:\/\/www.gemeinsame-jugendarbeit.de\/wordpress\/2019\/09\/09\/lippischer-jungschartag-2019-in-sylbach\/20190907_105843-kopie\/\" data-orig-file=\"https:\/\/i0.wp.com\/www.gemeinsame-jugendarbeit.de\/wordpress\/wp-content\/uploads\/2019\/09\/20190907_105843-Kopie.jpg?fit=4032%2C3024&amp;ssl=1\" data-orig-size=\"4032,3024\" data-comments-opened=\"0\" data-image-meta=\"{&quot;aperture&quot;:&quot;2.4&quot;,&quot;credit&quot;:&quot;&quot;,&quot;camera&quot;:&quot;SM-G960F&quot;,&quot;caption&quot;:&quot;&quot;,&quot;created_timestamp&quot;:&quot;1567853922&quot;,&quot;copyright&quot;:&quot;&quot;,&quot;focal_length&quot;:&quot;4.3&quot;,&quot;iso&quot;:&quot;320&quot;,&quot;shutter_speed&quot;:&quot;0.02&quot;,&quot;title&quot;:&quot;&quot;,&quot;orientation&quot;:&quot;1&quot;}\" data-image-title=\"20190907_105843 &#8211; Kopie\" data-image-description=\"\" data-image-caption=\"\" data-medium-file=\"https:\/\/i0.wp.com\/www.gemeinsame-jugendarbeit.de\/wordpress\/wp-content\/uploads\/2019\/09\/20190907_105843-Kopie.jpg?fit=300%2C225&amp;ssl=1\" data-large-file=\"https:\/\/i0.wp.com\/www.gemeinsame-jugendarbeit.de\/wordpress\/wp-content\/uploads\/2019\/09\/20190907_105843-Kopie.jpg?fit=1000%2C750&amp;ssl=1\" decoding=\"async\" class=\"alignnone wp-image-1444 size-medium\" src=\"https:\/\/i0.wp.com\/www.gemeinsame-jugendarbeit.de\/wordpress\/wp-content\/uploads\/2019\/09\/20190907_105843-Kopie.jpg?resize=300%2C225&#038;ssl=1\" alt=\"\" width=\"300\" height=\"225\" srcset=\"https:\/\/i0.wp.com\/www.gemeinsame-jugendarbeit.de\/wordpress\/wp-content\/uploads\/2019\/09\/20190907_105843-Kopie.jpg?resize=300%2C225&amp;ssl=1 300w, https:\/\/i0.wp.com\/www.gemeinsame-jugendarbeit.de\/wordpress\/wp-content\/uploads\/2019\/09\/20190907_105843-Kopie.jpg?resize=768%2C576&amp;ssl=1 768w, https:\/\/i0.wp.com\/www.gemeinsame-jugendarbeit.de\/wordpress\/wp-content\/uploads\/2019\/09\/20190907_105843-Kopie.jpg?resize=1024%2C768&amp;ssl=1 1024w, https:\/\/i0.wp.com\/www.gemeinsame-jugendarbeit.de\/wordpress\/wp-content\/uploads\/2019\/09\/20190907_105843-Kopie.jpg?resize=400%2C300&amp;ssl=1 400w, https:\/\/i0.wp.com\/www.gemeinsame-jugendarbeit.de\/wordpress\/wp-content\/uploads\/2019\/09\/20190907_105843-Kopie.jpg?w=2000&amp;ssl=1 2000w, https:\/\/i0.wp.com\/www.gemeinsame-jugendarbeit.de\/wordpress\/wp-content\/uploads\/2019\/09\/20190907_105843-Kopie.jpg?w=3000&amp;ssl=1 3000w\" sizes=\"(max-width: 300px) 100vw, 300px\" data-recalc-dims=\"1\" \/><\/a> <a href=\"https:\/\/www.gemeinsame-jugendarbeit.de\/wordpress\/wp-content\/uploads\/2019\/09\/20190907_165811-Kopie.jpg\">&nbsp;<\/a><a href=\"https:\/\/i0.wp.com\/www.gemeinsame-jugendarbeit.de\/wordpress\/wp-content\/uploads\/2019\/09\/20190907_165811-Kopie.jpg?ssl=1\" target=\"_blank\" rel=\"noopener noreferrer\"><img data-attachment-id=\"1451\" data-permalink=\"https:\/\/www.gemeinsame-jugendarbeit.de\/wordpress\/2019\/09\/09\/lippischer-jungschartag-2019-in-sylbach\/20190907_165811-kopie\/\" data-orig-file=\"https:\/\/i0.wp.com\/www.gemeinsame-jugendarbeit.de\/wordpress\/wp-content\/uploads\/2019\/09\/20190907_165811-Kopie.jpg?fit=4032%2C3024&amp;ssl=1\" data-orig-size=\"4032,3024\" data-comments-opened=\"0\" data-image-meta=\"{&quot;aperture&quot;:&quot;1.5&quot;,&quot;credit&quot;:&quot;&quot;,&quot;camera&quot;:&quot;SM-G960F&quot;,&quot;caption&quot;:&quot;&quot;,&quot;created_timestamp&quot;:&quot;1567875490&quot;,&quot;copyright&quot;:&quot;&quot;,&quot;focal_length&quot;:&quot;4.3&quot;,&quot;iso&quot;:&quot;125&quot;,&quot;shutter_speed&quot;:&quot;0.02&quot;,&quot;title&quot;:&quot;&quot;,&quot;orientation&quot;:&quot;1&quot;}\" data-image-title=\"20190907_165811 &#8211; Kopie\" data-image-description=\"\" data-image-caption=\"\" data-medium-file=\"https:\/\/i0.wp.com\/www.gemeinsame-jugendarbeit.de\/wordpress\/wp-content\/uploads\/2019\/09\/20190907_165811-Kopie.jpg?fit=300%2C225&amp;ssl=1\" data-large-file=\"https:\/\/i0.wp.com\/www.gemeinsame-jugendarbeit.de\/wordpress\/wp-content\/uploads\/2019\/09\/20190907_165811-Kopie.jpg?fit=1000%2C750&amp;ssl=1\" decoding=\"async\" class=\"alignnone wp-image-1451 size-medium\" src=\"https:\/\/i0.wp.com\/www.gemeinsame-jugendarbeit.de\/wordpress\/wp-content\/uploads\/2019\/09\/20190907_165811-Kopie.jpg?resize=300%2C225&#038;ssl=1\" alt=\"\" width=\"300\" height=\"225\" srcset=\"https:\/\/i0.wp.com\/www.gemeinsame-jugendarbeit.de\/wordpress\/wp-content\/uploads\/2019\/09\/20190907_165811-Kopie.jpg?resize=300%2C225&amp;ssl=1 300w, https:\/\/i0.wp.com\/www.gemeinsame-jugendarbeit.de\/wordpress\/wp-content\/uploads\/2019\/09\/20190907_165811-Kopie.jpg?resize=768%2C576&amp;ssl=1 768w, https:\/\/i0.wp.com\/www.gemeinsame-jugendarbeit.de\/wordpress\/wp-content\/uploads\/2019\/09\/20190907_165811-Kopie.jpg?resize=1024%2C768&amp;ssl=1 1024w, https:\/\/i0.wp.com\/www.gemeinsame-jugendarbeit.de\/wordpress\/wp-content\/uploads\/2019\/09\/20190907_165811-Kopie.jpg?resize=400%2C300&amp;ssl=1 400w, https:\/\/i0.wp.com\/www.gemeinsame-jugendarbeit.de\/wordpress\/wp-content\/uploads\/2019\/09\/20190907_165811-Kopie.jpg?w=2000&amp;ssl=1 2000w, https:\/\/i0.wp.com\/www.gemeinsame-jugendarbeit.de\/wordpress\/wp-content\/uploads\/2019\/09\/20190907_165811-Kopie.jpg?w=3000&amp;ssl=1 3000w\" sizes=\"(max-width: 300px) 100vw, 300px\" data-recalc-dims=\"1\" \/><\/a> <a href=\"https:\/\/i0.wp.com\/www.gemeinsame-jugendarbeit.de\/wordpress\/wp-content\/uploads\/2019\/09\/20190907_164507-Kopie.jpg?ssl=1\" target=\"_blank\" rel=\"noopener noreferrer\"><img data-attachment-id=\"1452\" data-permalink=\"https:\/\/www.gemeinsame-jugendarbeit.de\/wordpress\/2019\/09\/09\/lippischer-jungschartag-2019-in-sylbach\/20190907_180220-kopie\/\" data-orig-file=\"https:\/\/i0.wp.com\/www.gemeinsame-jugendarbeit.de\/wordpress\/wp-content\/uploads\/2019\/09\/20190907_180220-Kopie.jpg?fit=4032%2C3024&amp;ssl=1\" data-orig-size=\"4032,3024\" data-comments-opened=\"0\" data-image-meta=\"{&quot;aperture&quot;:&quot;1.5&quot;,&quot;credit&quot;:&quot;&quot;,&quot;camera&quot;:&quot;SM-G960F&quot;,&quot;caption&quot;:&quot;&quot;,&quot;created_timestamp&quot;:&quot;1567879339&quot;,&quot;copyright&quot;:&quot;&quot;,&quot;focal_length&quot;:&quot;4.3&quot;,&quot;iso&quot;:&quot;250&quot;,&quot;shutter_speed&quot;:&quot;0.02&quot;,&quot;title&quot;:&quot;&quot;,&quot;orientation&quot;:&quot;1&quot;}\" data-image-title=\"20190907_180220 &#8211; Kopie\" data-image-description=\"\" data-image-caption=\"\" data-medium-file=\"https:\/\/i0.wp.com\/www.gemeinsame-jugendarbeit.de\/wordpress\/wp-content\/uploads\/2019\/09\/20190907_180220-Kopie.jpg?fit=300%2C225&amp;ssl=1\" data-large-file=\"https:\/\/i0.wp.com\/www.gemeinsame-jugendarbeit.de\/wordpress\/wp-content\/uploads\/2019\/09\/20190907_180220-Kopie.jpg?fit=1000%2C750&amp;ssl=1\" loading=\"lazy\" decoding=\"async\" class=\"alignnone wp-image-1452 size-medium\" src=\"https:\/\/i0.wp.com\/www.gemeinsame-jugendarbeit.de\/wordpress\/wp-content\/uploads\/2019\/09\/20190907_180220-Kopie.jpg?resize=300%2C225&#038;ssl=1\" alt=\"\" width=\"300\" height=\"225\" srcset=\"https:\/\/i0.wp.com\/www.gemeinsame-jugendarbeit.de\/wordpress\/wp-content\/uploads\/2019\/09\/20190907_180220-Kopie.jpg?resize=300%2C225&amp;ssl=1 300w, https:\/\/i0.wp.com\/www.gemeinsame-jugendarbeit.de\/wordpress\/wp-content\/uploads\/2019\/09\/20190907_180220-Kopie.jpg?resize=768%2C576&amp;ssl=1 768w, https:\/\/i0.wp.com\/www.gemeinsame-jugendarbeit.de\/wordpress\/wp-content\/uploads\/2019\/09\/20190907_180220-Kopie.jpg?resize=1024%2C768&amp;ssl=1 1024w, https:\/\/i0.wp.com\/www.gemeinsame-jugendarbeit.de\/wordpress\/wp-content\/uploads\/2019\/09\/20190907_180220-Kopie.jpg?resize=400%2C300&amp;ssl=1 400w, https:\/\/i0.wp.com\/www.gemeinsame-jugendarbeit.de\/wordpress\/wp-content\/uploads\/2019\/09\/20190907_180220-Kopie.jpg?w=2000&amp;ssl=1 2000w, https:\/\/i0.wp.com\/www.gemeinsame-jugendarbeit.de\/wordpress\/wp-content\/uploads\/2019\/09\/20190907_180220-Kopie.jpg?w=3000&amp;ssl=1 3000w\" sizes=\"(max-width: 300px) 100vw, 300px\" data-recalc-dims=\"1\" \/><\/a><a href=\"https:\/\/i0.wp.com\/www.gemeinsame-jugendarbeit.de\/wordpress\/wp-content\/uploads\/2019\/09\/20190907_124127-Kopie.jpg?ssl=1\" target=\"_blank\" rel=\"noopener noreferrer\"><img data-attachment-id=\"1445\" data-permalink=\"https:\/\/www.gemeinsame-jugendarbeit.de\/wordpress\/2019\/09\/09\/lippischer-jungschartag-2019-in-sylbach\/20190907_124127-kopie\/\" data-orig-file=\"https:\/\/i0.wp.com\/www.gemeinsame-jugendarbeit.de\/wordpress\/wp-content\/uploads\/2019\/09\/20190907_124127-Kopie.jpg?fit=4032%2C3024&amp;ssl=1\" data-orig-size=\"4032,3024\" data-comments-opened=\"0\" data-image-meta=\"{&quot;aperture&quot;:&quot;2.4&quot;,&quot;credit&quot;:&quot;&quot;,&quot;camera&quot;:&quot;SM-G960F&quot;,&quot;caption&quot;:&quot;&quot;,&quot;created_timestamp&quot;:&quot;1567860086&quot;,&quot;copyright&quot;:&quot;&quot;,&quot;focal_length&quot;:&quot;4.3&quot;,&quot;iso&quot;:&quot;50&quot;,&quot;shutter_speed&quot;:&quot;0.0075757575757576&quot;,&quot;title&quot;:&quot;&quot;,&quot;orientation&quot;:&quot;1&quot;}\" data-image-title=\"20190907_124127 &#8211; Kopie\" data-image-description=\"\" data-image-caption=\"\" data-medium-file=\"https:\/\/i0.wp.com\/www.gemeinsame-jugendarbeit.de\/wordpress\/wp-content\/uploads\/2019\/09\/20190907_124127-Kopie.jpg?fit=300%2C225&amp;ssl=1\" data-large-file=\"https:\/\/i0.wp.com\/www.gemeinsame-jugendarbeit.de\/wordpress\/wp-content\/uploads\/2019\/09\/20190907_124127-Kopie.jpg?fit=1000%2C750&amp;ssl=1\" loading=\"lazy\" decoding=\"async\" class=\"alignnone wp-image-1445 size-medium\" src=\"https:\/\/i0.wp.com\/www.gemeinsame-jugendarbeit.de\/wordpress\/wp-content\/uploads\/2019\/09\/20190907_124127-Kopie.jpg?resize=300%2C225&#038;ssl=1\" alt=\"\" width=\"300\" height=\"225\" srcset=\"https:\/\/i0.wp.com\/www.gemeinsame-jugendarbeit.de\/wordpress\/wp-content\/uploads\/2019\/09\/20190907_124127-Kopie.jpg?resize=300%2C225&amp;ssl=1 300w, https:\/\/i0.wp.com\/www.gemeinsame-jugendarbeit.de\/wordpress\/wp-content\/uploads\/2019\/09\/20190907_124127-Kopie.jpg?resize=768%2C576&amp;ssl=1 768w, https:\/\/i0.wp.com\/www.gemeinsame-jugendarbeit.de\/wordpress\/wp-content\/uploads\/2019\/09\/20190907_124127-Kopie.jpg?resize=1024%2C768&amp;ssl=1 1024w, https:\/\/i0.wp.com\/www.gemeinsame-jugendarbeit.de\/wordpress\/wp-content\/uploads\/2019\/09\/20190907_124127-Kopie.jpg?resize=400%2C300&amp;ssl=1 400w, https:\/\/i0.wp.com\/www.gemeinsame-jugendarbeit.de\/wordpress\/wp-content\/uploads\/2019\/09\/20190907_124127-Kopie.jpg?w=2000&amp;ssl=1 2000w, https:\/\/i0.wp.com\/www.gemeinsame-jugendarbeit.de\/wordpress\/wp-content\/uploads\/2019\/09\/20190907_124127-Kopie.jpg?w=3000&amp;ssl=1 3000w\" sizes=\"(max-width: 300px) 100vw, 300px\" data-recalc-dims=\"1\" \/><\/a> <a href=\"https:\/\/i0.wp.com\/www.gemeinsame-jugendarbeit.de\/wordpress\/wp-content\/uploads\/2019\/09\/20190907_161635-Kopie.jpg?ssl=1\"> <img data-attachment-id=\"1450\" data-permalink=\"https:\/\/www.gemeinsame-jugendarbeit.de\/wordpress\/2019\/09\/09\/lippischer-jungschartag-2019-in-sylbach\/20190907_164507-kopie\/\" data-orig-file=\"https:\/\/i0.wp.com\/www.gemeinsame-jugendarbeit.de\/wordpress\/wp-content\/uploads\/2019\/09\/20190907_164507-Kopie.jpg?fit=4032%2C3024&amp;ssl=1\" data-orig-size=\"4032,3024\" data-comments-opened=\"0\" data-image-meta=\"{&quot;aperture&quot;:&quot;2.4&quot;,&quot;credit&quot;:&quot;&quot;,&quot;camera&quot;:&quot;SM-G960F&quot;,&quot;caption&quot;:&quot;&quot;,&quot;created_timestamp&quot;:&quot;1567874706&quot;,&quot;copyright&quot;:&quot;&quot;,&quot;focal_length&quot;:&quot;4.3&quot;,&quot;iso&quot;:&quot;50&quot;,&quot;shutter_speed&quot;:&quot;0.00081168831168831&quot;,&quot;title&quot;:&quot;&quot;,&quot;orientation&quot;:&quot;1&quot;}\" data-image-title=\"20190907_164507 &#8211; Kopie\" data-image-description=\"\" data-image-caption=\"\" data-medium-file=\"https:\/\/i0.wp.com\/www.gemeinsame-jugendarbeit.de\/wordpress\/wp-content\/uploads\/2019\/09\/20190907_164507-Kopie.jpg?fit=300%2C225&amp;ssl=1\" data-large-file=\"https:\/\/i0.wp.com\/www.gemeinsame-jugendarbeit.de\/wordpress\/wp-content\/uploads\/2019\/09\/20190907_164507-Kopie.jpg?fit=1000%2C750&amp;ssl=1\" loading=\"lazy\" decoding=\"async\" class=\"alignnone size-medium wp-image-1450\" src=\"https:\/\/i0.wp.com\/www.gemeinsame-jugendarbeit.de\/wordpress\/wp-content\/uploads\/2019\/09\/20190907_164507-Kopie.jpg?resize=300%2C225&#038;ssl=1\" alt=\"\" width=\"300\" height=\"225\" srcset=\"https:\/\/i0.wp.com\/www.gemeinsame-jugendarbeit.de\/wordpress\/wp-content\/uploads\/2019\/09\/20190907_164507-Kopie.jpg?resize=300%2C225&amp;ssl=1 300w, https:\/\/i0.wp.com\/www.gemeinsame-jugendarbeit.de\/wordpress\/wp-content\/uploads\/2019\/09\/20190907_164507-Kopie.jpg?resize=768%2C576&amp;ssl=1 768w, https:\/\/i0.wp.com\/www.gemeinsame-jugendarbeit.de\/wordpress\/wp-content\/uploads\/2019\/09\/20190907_164507-Kopie.jpg?resize=1024%2C768&amp;ssl=1 1024w, https:\/\/i0.wp.com\/www.gemeinsame-jugendarbeit.de\/wordpress\/wp-content\/uploads\/2019\/09\/20190907_164507-Kopie.jpg?resize=400%2C300&amp;ssl=1 400w, https:\/\/i0.wp.com\/www.gemeinsame-jugendarbeit.de\/wordpress\/wp-content\/uploads\/2019\/09\/20190907_164507-Kopie.jpg?w=2000&amp;ssl=1 2000w, https:\/\/i0.wp.com\/www.gemeinsame-jugendarbeit.de\/wordpress\/wp-content\/uploads\/2019\/09\/20190907_164507-Kopie.jpg?w=3000&amp;ssl=1 3000w\" sizes=\"(max-width: 300px) 100vw, 300px\" data-recalc-dims=\"1\" \/><\/a> <a href=\"https:\/\/i0.wp.com\/www.gemeinsame-jugendarbeit.de\/wordpress\/wp-content\/uploads\/2019\/09\/20190907_161635-Kopie.jpg?ssl=1\" target=\"_blank\" rel=\"noopener noreferrer\"><img data-attachment-id=\"1449\" data-permalink=\"https:\/\/www.gemeinsame-jugendarbeit.de\/wordpress\/2019\/09\/09\/lippischer-jungschartag-2019-in-sylbach\/20190907_161635-kopie\/\" data-orig-file=\"https:\/\/i0.wp.com\/www.gemeinsame-jugendarbeit.de\/wordpress\/wp-content\/uploads\/2019\/09\/20190907_161635-Kopie.jpg?fit=4032%2C3024&amp;ssl=1\" data-orig-size=\"4032,3024\" data-comments-opened=\"0\" data-image-meta=\"{&quot;aperture&quot;:&quot;2.4&quot;,&quot;credit&quot;:&quot;&quot;,&quot;camera&quot;:&quot;SM-G960F&quot;,&quot;caption&quot;:&quot;&quot;,&quot;created_timestamp&quot;:&quot;1567872994&quot;,&quot;copyright&quot;:&quot;&quot;,&quot;focal_length&quot;:&quot;4.3&quot;,&quot;iso&quot;:&quot;50&quot;,&quot;shutter_speed&quot;:&quot;0.001063829787234&quot;,&quot;title&quot;:&quot;&quot;,&quot;orientation&quot;:&quot;1&quot;}\" data-image-title=\"20190907_161635 &#8211; Kopie\" data-image-description=\"\" data-image-caption=\"\" data-medium-file=\"https:\/\/i0.wp.com\/www.gemeinsame-jugendarbeit.de\/wordpress\/wp-content\/uploads\/2019\/09\/20190907_161635-Kopie.jpg?fit=300%2C225&amp;ssl=1\" data-large-file=\"https:\/\/i0.wp.com\/www.gemeinsame-jugendarbeit.de\/wordpress\/wp-content\/uploads\/2019\/09\/20190907_161635-Kopie.jpg?fit=1000%2C750&amp;ssl=1\" loading=\"lazy\" decoding=\"async\" class=\"alignnone wp-image-1449 size-medium\" src=\"https:\/\/i0.wp.com\/www.gemeinsame-jugendarbeit.de\/wordpress\/wp-content\/uploads\/2019\/09\/20190907_161635-Kopie.jpg?resize=300%2C225&#038;ssl=1\" alt=\"\" width=\"300\" height=\"225\" srcset=\"https:\/\/i0.wp.com\/www.gemeinsame-jugendarbeit.de\/wordpress\/wp-content\/uploads\/2019\/09\/20190907_161635-Kopie.jpg?resize=300%2C225&amp;ssl=1 300w, https:\/\/i0.wp.com\/www.gemeinsame-jugendarbeit.de\/wordpress\/wp-content\/uploads\/2019\/09\/20190907_161635-Kopie.jpg?resize=768%2C576&amp;ssl=1 768w, https:\/\/i0.wp.com\/www.gemeinsame-jugendarbeit.de\/wordpress\/wp-content\/uploads\/2019\/09\/20190907_161635-Kopie.jpg?resize=1024%2C768&amp;ssl=1 1024w, https:\/\/i0.wp.com\/www.gemeinsame-jugendarbeit.de\/wordpress\/wp-content\/uploads\/2019\/09\/20190907_161635-Kopie.jpg?resize=400%2C300&amp;ssl=1 400w, https:\/\/i0.wp.com\/www.gemeinsame-jugendarbeit.de\/wordpress\/wp-content\/uploads\/2019\/09\/20190907_161635-Kopie.jpg?w=2000&amp;ssl=1 2000w, https:\/\/i0.wp.com\/www.gemeinsame-jugendarbeit.de\/wordpress\/wp-content\/uploads\/2019\/09\/20190907_161635-Kopie.jpg?w=3000&amp;ssl=1 3000w\" sizes=\"(max-width: 300px) 100vw, 300px\" data-recalc-dims=\"1\" \/><\/a><a href=\"https:\/\/www.gemeinsame-jugendarbeit.de\/wordpress\/wp-content\/uploads\/2019\/09\/20190907_161635-Kopie.jpg\">&nbsp;<\/a> <a href=\"https:\/\/i0.wp.com\/www.gemeinsame-jugendarbeit.de\/wordpress\/wp-content\/uploads\/2019\/09\/20190907_152215-Kopie.jpg?ssl=1\"><img data-attachment-id=\"1453\" data-permalink=\"https:\/\/www.gemeinsame-jugendarbeit.de\/wordpress\/2019\/09\/09\/lippischer-jungschartag-2019-in-sylbach\/img_20190907_185409-kopie\/\" data-orig-file=\"https:\/\/i0.wp.com\/www.gemeinsame-jugendarbeit.de\/wordpress\/wp-content\/uploads\/2019\/09\/IMG_20190907_185409-Kopie.jpg?fit=2976%2C3968&amp;ssl=1\" data-orig-size=\"2976,3968\" data-comments-opened=\"0\" data-image-meta=\"{&quot;aperture&quot;:&quot;1.6&quot;,&quot;credit&quot;:&quot;&quot;,&quot;camera&quot;:&quot;BLA-L29&quot;,&quot;caption&quot;:&quot;&quot;,&quot;created_timestamp&quot;:&quot;1567882449&quot;,&quot;copyright&quot;:&quot;&quot;,&quot;focal_length&quot;:&quot;3.95&quot;,&quot;iso&quot;:&quot;50&quot;,&quot;shutter_speed&quot;:&quot;0.000752&quot;,&quot;title&quot;:&quot;&quot;,&quot;orientation&quot;:&quot;0&quot;}\" data-image-title=\"IMG_20190907_185409 &#8211; Kopie\" data-image-description=\"\" data-image-caption=\"\" data-medium-file=\"https:\/\/i0.wp.com\/www.gemeinsame-jugendarbeit.de\/wordpress\/wp-content\/uploads\/2019\/09\/IMG_20190907_185409-Kopie.jpg?fit=225%2C300&amp;ssl=1\" data-large-file=\"https:\/\/i0.wp.com\/www.gemeinsame-jugendarbeit.de\/wordpress\/wp-content\/uploads\/2019\/09\/IMG_20190907_185409-Kopie.jpg?fit=768%2C1024&amp;ssl=1\" loading=\"lazy\" decoding=\"async\" class=\"alignnone wp-image-1453 size-medium\" src=\"https:\/\/i0.wp.com\/www.gemeinsame-jugendarbeit.de\/wordpress\/wp-content\/uploads\/2019\/09\/IMG_20190907_185409-Kopie.jpg?resize=225%2C300&#038;ssl=1\" alt=\"\" width=\"225\" height=\"300\" srcset=\"https:\/\/i0.wp.com\/www.gemeinsame-jugendarbeit.de\/wordpress\/wp-content\/uploads\/2019\/09\/IMG_20190907_185409-Kopie.jpg?resize=225%2C300&amp;ssl=1 225w, https:\/\/i0.wp.com\/www.gemeinsame-jugendarbeit.de\/wordpress\/wp-content\/uploads\/2019\/09\/IMG_20190907_185409-Kopie.jpg?resize=768%2C1024&amp;ssl=1 768w, https:\/\/i0.wp.com\/www.gemeinsame-jugendarbeit.de\/wordpress\/wp-content\/uploads\/2019\/09\/IMG_20190907_185409-Kopie.jpg?resize=630%2C840&amp;ssl=1 630w, https:\/\/i0.wp.com\/www.gemeinsame-jugendarbeit.de\/wordpress\/wp-content\/uploads\/2019\/09\/IMG_20190907_185409-Kopie.jpg?resize=960%2C1280&amp;ssl=1 960w, https:\/\/i0.wp.com\/www.gemeinsame-jugendarbeit.de\/wordpress\/wp-content\/uploads\/2019\/09\/IMG_20190907_185409-Kopie.jpg?w=2000&amp;ssl=1 2000w\" sizes=\"(max-width: 225px) 100vw, 225px\" data-recalc-dims=\"1\" \/>&nbsp;<\/a> <img data-attachment-id=\"1453\" data-permalink=\"https:\/\/www.gemeinsame-jugendarbeit.de\/wordpress\/2019\/09\/09\/lippischer-jungschartag-2019-in-sylbach\/img_20190907_185409-kopie\/\" data-orig-file=\"https:\/\/i0.wp.com\/www.gemeinsame-jugendarbeit.de\/wordpress\/wp-content\/uploads\/2019\/09\/IMG_20190907_185409-Kopie.jpg?fit=2976%2C3968&amp;ssl=1\" data-orig-size=\"2976,3968\" data-comments-opened=\"0\" data-image-meta=\"{&quot;aperture&quot;:&quot;1.6&quot;,&quot;credit&quot;:&quot;&quot;,&quot;camera&quot;:&quot;BLA-L29&quot;,&quot;caption&quot;:&quot;&quot;,&quot;created_timestamp&quot;:&quot;1567882449&quot;,&quot;copyright&quot;:&quot;&quot;,&quot;focal_length&quot;:&quot;3.95&quot;,&quot;iso&quot;:&quot;50&quot;,&quot;shutter_speed&quot;:&quot;0.000752&quot;,&quot;title&quot;:&quot;&quot;,&quot;orientation&quot;:&quot;0&quot;}\" data-image-title=\"IMG_20190907_185409 &#8211; Kopie\" data-image-description=\"\" data-image-caption=\"\" data-medium-file=\"https:\/\/i0.wp.com\/www.gemeinsame-jugendarbeit.de\/wordpress\/wp-content\/uploads\/2019\/09\/IMG_20190907_185409-Kopie.jpg?fit=225%2C300&amp;ssl=1\" data-large-file=\"https:\/\/i0.wp.com\/www.gemeinsame-jugendarbeit.de\/wordpress\/wp-content\/uploads\/2019\/09\/IMG_20190907_185409-Kopie.jpg?fit=768%2C1024&amp;ssl=1\" loading=\"lazy\" decoding=\"async\" class=\"alignnone size-medium wp-image-1453\" src=\"https:\/\/i0.wp.com\/www.gemeinsame-jugendarbeit.de\/wordpress\/wp-content\/uploads\/2019\/09\/IMG_20190907_185409-Kopie.jpg?resize=225%2C300&#038;ssl=1\" alt=\"\" width=\"225\" height=\"300\" srcset=\"https:\/\/i0.wp.com\/www.gemeinsame-jugendarbeit.de\/wordpress\/wp-content\/uploads\/2019\/09\/IMG_20190907_185409-Kopie.jpg?resize=225%2C300&amp;ssl=1 225w, https:\/\/i0.wp.com\/www.gemeinsame-jugendarbeit.de\/wordpress\/wp-content\/uploads\/2019\/09\/IMG_20190907_185409-Kopie.jpg?resize=768%2C1024&amp;ssl=1 768w, https:\/\/i0.wp.com\/www.gemeinsame-jugendarbeit.de\/wordpress\/wp-content\/uploads\/2019\/09\/IMG_20190907_185409-Kopie.jpg?resize=630%2C840&amp;ssl=1 630w, https:\/\/i0.wp.com\/www.gemeinsame-jugendarbeit.de\/wordpress\/wp-content\/uploads\/2019\/09\/IMG_20190907_185409-Kopie.jpg?resize=960%2C1280&amp;ssl=1 960w, https:\/\/i0.wp.com\/www.gemeinsame-jugendarbeit.de\/wordpress\/wp-content\/uploads\/2019\/09\/IMG_20190907_185409-Kopie.jpg?w=2000&amp;ssl=1 2000w\" sizes=\"(max-width: 225px) 100vw, 225px\" data-recalc-dims=\"1\" \/><\/p>\n<div style=\"width: 1000px;\" class=\"wp-video\"><!--[if lt IE 9]><script>document.createElement('video');<\/script><![endif]-->\n<video class=\"wp-video-shortcode\" id=\"video-1448-1\" width=\"1000\" height=\"563\" autoplay=\"1\" preload=\"metadata\" controls=\"controls\"><source type=\"video\/mp4\" src=\"https:\/\/www.gemeinsame-jugendarbeit.de\/wordpress\/wp-content\/uploads\/2019\/09\/20190907_105609-Kopie.mp4?_=1\" \/><a href=\"https:\/\/www.gemeinsame-jugendarbeit.de\/wordpress\/wp-content\/uploads\/2019\/09\/20190907_105609-Kopie.mp4\">https:\/\/www.gemeinsame-jugendarbeit.de\/wordpress\/wp-content\/uploads\/2019\/09\/20190907_105609-Kopie.mp4<\/a><\/video><\/div>\n<p>&nbsp;<\/p>\n<p>Text: Axel Schwarze<br \/>\nFotos \/ Video: Axel Schwarze \/ Matthias Dabisch (Turm mit Regenbogen)<\/p>\n","protected":false},"excerpt":{"rendered":"<p>Das Feuer knistert leise in der Feuerschale vor sich hin, dar\u00fcber drehen sich vorsichtig Stockbrotteige, die langsam goldbraun backen. Man h\u00f6rt vielstimmiges Singen von Kindern, Jugendlichen und Erwachsenen und ab&#8230; <\/p>\n<div class=\"link-more\"><a href=\"https:\/\/www.gemeinsame-jugendarbeit.de\/wordpress\/2019\/09\/09\/lippischer-jungschartag-2019-in-sylbach\/\">Weiterlesen<\/a><\/div>\n","protected":false},"author":1,"featured_media":1446,"comment_status":"closed","ping_status":"closed","sticky":false,"template":"","format":"standard","meta":{"ngg_post_thumbnail":0,"_jetpack_newsletter_access":""},"categories":[1],"tags":[],"jetpack_featured_media_url":"https:\/\/i0.wp.com\/www.gemeinsame-jugendarbeit.de\/wordpress\/wp-content\/uploads\/2019\/09\/20190907_132836-Kopie.jpg?fit=4032%2C3024&ssl=1","jetpack_sharing_enabled":true,"jetpack_shortlink":"https:\/\/wp.me\/p8sCNj-nm","jetpack-related-posts":[{"id":5029,"url":"https:\/\/www.gemeinsame-jugendarbeit.de\/wordpress\/2025\/10\/24\/kneipenquiz-des-cvjm-sylbach-am-2-november\/","url_meta":{"origin":1448,"position":0},"title":"Kneipenquiz des CVJM Sylbach am 2. November","author":"schwarze","date":"24. Oktober 2025","format":false,"excerpt":"Vom 31. Oktober bis zum 9. November 2025 findet das diesj\u00e4hrige \u201eCVJM erleben\u201c statt! In dieser Zeit laden die verschiedenen CVJM-Ortsvereine in Lippe zu tollen Aktionen und Veranstaltungen ein \u2013 offen f\u00fcr alle, die Lust haben dabei zu sein. Auch der CVJM Sylbach ist mit dabei und veranstaltet am Sonntag,\u2026","rel":"","context":"In &quot;Allgemein&quot;","block_context":{"text":"Allgemein","link":"https:\/\/www.gemeinsame-jugendarbeit.de\/wordpress\/category\/allgemein\/"},"img":{"alt_text":"","src":"https:\/\/i0.wp.com\/www.gemeinsame-jugendarbeit.de\/wordpress\/wp-content\/uploads\/2025\/10\/Kneipenquiz_Sylbach_251102.png?fit=1200%2C848&ssl=1&resize=350%2C200","width":350,"height":200,"srcset":"https:\/\/i0.wp.com\/www.gemeinsame-jugendarbeit.de\/wordpress\/wp-content\/uploads\/2025\/10\/Kneipenquiz_Sylbach_251102.png?fit=1200%2C848&ssl=1&resize=350%2C200 1x, https:\/\/i0.wp.com\/www.gemeinsame-jugendarbeit.de\/wordpress\/wp-content\/uploads\/2025\/10\/Kneipenquiz_Sylbach_251102.png?fit=1200%2C848&ssl=1&resize=525%2C300 1.5x, https:\/\/i0.wp.com\/www.gemeinsame-jugendarbeit.de\/wordpress\/wp-content\/uploads\/2025\/10\/Kneipenquiz_Sylbach_251102.png?fit=1200%2C848&ssl=1&resize=700%2C400 2x, https:\/\/i0.wp.com\/www.gemeinsame-jugendarbeit.de\/wordpress\/wp-content\/uploads\/2025\/10\/Kneipenquiz_Sylbach_251102.png?fit=1200%2C848&ssl=1&resize=1050%2C600 3x"},"classes":[]},{"id":346,"url":"https:\/\/www.gemeinsame-jugendarbeit.de\/wordpress\/2017\/03\/20\/hallo-und-guten-tag\/","url_meta":{"origin":1448,"position":1},"title":"Hallo und guten Tag!","author":"schwarze","date":"20. M\u00e4rz 2017","format":false,"excerpt":"Du bist auf der Homepage der Gemeinsamen Jugendarbeit der ev. Kirchengemeinden in Sch\u00f6tmar und Sylbach gelandet. Die ev.-ref. Kirchengemeinde Sch\u00f6tmar, die ev.-ltuh. Kirchengemeinde Sch\u00f6tmar, die ev.-ref. Kirchengemeinde Sylbach und der CVJM Sylbach e.V. arbeiten im Bereich der Arbeit mit Kindern und Jugendlichen seit einigen Jahren eng zusammen. Egal, ob f\u00fcr\u2026","rel":"","context":"In &quot;Allgemein&quot;","block_context":{"text":"Allgemein","link":"https:\/\/www.gemeinsame-jugendarbeit.de\/wordpress\/category\/allgemein\/"},"img":{"alt_text":"","src":"https:\/\/i0.wp.com\/www.gemeinsame-jugendarbeit.de\/wordpress\/wp-content\/uploads\/2020\/08\/gja_logo_2020_web.jpg?fit=614%2C521&ssl=1&resize=350%2C200","width":350,"height":200,"srcset":"https:\/\/i0.wp.com\/www.gemeinsame-jugendarbeit.de\/wordpress\/wp-content\/uploads\/2020\/08\/gja_logo_2020_web.jpg?fit=614%2C521&ssl=1&resize=350%2C200 1x, https:\/\/i0.wp.com\/www.gemeinsame-jugendarbeit.de\/wordpress\/wp-content\/uploads\/2020\/08\/gja_logo_2020_web.jpg?fit=614%2C521&ssl=1&resize=525%2C300 1.5x"},"classes":[]},{"id":3574,"url":"https:\/\/www.gemeinsame-jugendarbeit.de\/wordpress\/2022\/05\/19\/meisterlicher-auftritt-der-cvjm-sg-sylbach-pivitsheide-im-indiaca\/","url_meta":{"origin":1448,"position":2},"title":"Meisterlicher Auftritt der CVJM SG Sylbach\/Pivitsheide im Indiaca","author":"schwarze","date":"19. Mai 2022","format":false,"excerpt":"Die CVJM SG Sylbach\/Pivitsheide triumphiert erneut bei den Deutschen Indiaca Jugendmeisterschaften im Deutschen Turnerbund (DTB) in D\u00fclmen. Wie in 2018 und 2019 ist es die Jugend Mixed (15-18 Jahre) aus Lippe, die nach dem zweij\u00e4hrigen Aussetzen wegen der Corona Pandemie, dem Mixed-Turnier den Stempel aufdr\u00fcckt. Damit ist der Hattrick perfekt\u2026","rel":"","context":"In &quot;Allgemein&quot;","block_context":{"text":"Allgemein","link":"https:\/\/www.gemeinsame-jugendarbeit.de\/wordpress\/category\/allgemein\/"},"img":{"alt_text":"","src":"https:\/\/i0.wp.com\/www.gemeinsame-jugendarbeit.de\/wordpress\/wp-content\/uploads\/2022\/05\/20220508_143950-rotated-e1652738337963-768x1137-1.jpg?fit=768%2C1137&ssl=1&resize=350%2C200","width":350,"height":200,"srcset":"https:\/\/i0.wp.com\/www.gemeinsame-jugendarbeit.de\/wordpress\/wp-content\/uploads\/2022\/05\/20220508_143950-rotated-e1652738337963-768x1137-1.jpg?fit=768%2C1137&ssl=1&resize=350%2C200 1x, https:\/\/i0.wp.com\/www.gemeinsame-jugendarbeit.de\/wordpress\/wp-content\/uploads\/2022\/05\/20220508_143950-rotated-e1652738337963-768x1137-1.jpg?fit=768%2C1137&ssl=1&resize=525%2C300 1.5x, https:\/\/i0.wp.com\/www.gemeinsame-jugendarbeit.de\/wordpress\/wp-content\/uploads\/2022\/05\/20220508_143950-rotated-e1652738337963-768x1137-1.jpg?fit=768%2C1137&ssl=1&resize=700%2C400 2x"},"classes":[]},{"id":1178,"url":"https:\/\/www.gemeinsame-jugendarbeit.de\/wordpress\/2018\/11\/10\/jungscharnachmittag-in-pivitsheide\/","url_meta":{"origin":1448,"position":3},"title":"Jungscharnachmittag in Pivitsheide","author":"schwarze","date":"10. November 2018","format":false,"excerpt":"Der CVJM Kreisverband Lippe hat auch dieses Jahr wieder den Jungscharnachmittag in Pivitsheide organisiert. Auch wir aus Sylbach sind mit 10 Kindern im Schlepptau am 16. November aufgebrochen. Nicht nur f\u00fcr uns Mitarbeiter ist es sch\u00f6n alle anderen Jungscharkinder der verschiedenen Jungscharen aus Lippe wieder zu treffen.\u00a0 Im Vordergrund standen\u2026","rel":"","context":"In &quot;Allgemein&quot;","block_context":{"text":"Allgemein","link":"https:\/\/www.gemeinsame-jugendarbeit.de\/wordpress\/category\/allgemein\/"},"img":{"alt_text":"","src":"https:\/\/i0.wp.com\/www.gemeinsame-jugendarbeit.de\/wordpress\/wp-content\/uploads\/2018\/11\/Jungscharnachmittag2018_1.jpeg?fit=1200%2C900&ssl=1&resize=350%2C200","width":350,"height":200,"srcset":"https:\/\/i0.wp.com\/www.gemeinsame-jugendarbeit.de\/wordpress\/wp-content\/uploads\/2018\/11\/Jungscharnachmittag2018_1.jpeg?fit=1200%2C900&ssl=1&resize=350%2C200 1x, https:\/\/i0.wp.com\/www.gemeinsame-jugendarbeit.de\/wordpress\/wp-content\/uploads\/2018\/11\/Jungscharnachmittag2018_1.jpeg?fit=1200%2C900&ssl=1&resize=525%2C300 1.5x, https:\/\/i0.wp.com\/www.gemeinsame-jugendarbeit.de\/wordpress\/wp-content\/uploads\/2018\/11\/Jungscharnachmittag2018_1.jpeg?fit=1200%2C900&ssl=1&resize=700%2C400 2x, https:\/\/i0.wp.com\/www.gemeinsame-jugendarbeit.de\/wordpress\/wp-content\/uploads\/2018\/11\/Jungscharnachmittag2018_1.jpeg?fit=1200%2C900&ssl=1&resize=1050%2C600 3x"},"classes":[]},{"id":3339,"url":"https:\/\/www.gemeinsame-jugendarbeit.de\/wordpress\/2021\/10\/27\/fotos-der-mitarbeitendenfreizeit-in-groemitz\/","url_meta":{"origin":1448,"position":4},"title":"Fotos der Mitarbeitendenfreizeit in Gr\u00f6mitz","author":"schwarze","date":"27. Oktober 2021","format":false,"excerpt":"Lebhafte Tage in Gr\u00f6mitz In der 2. Herbstferienwoche haben elf (\u00fcberwiegend junge und aus Sylbach stammende) Mitarbeiter*innen der Gemeinsamen Jugendarbeit die Zeit genutzt und eine sch\u00f6ne und lebendige Freizeit im CVJM-Feriendorf in Gr\u00f6mitz verlebt. Ein ungebetener Gast, das Sturmtief Ignaz, hat versucht, mit seinem starken Wind nicht nur die Natur,\u2026","rel":"","context":"In &quot;Allgemein&quot;","block_context":{"text":"Allgemein","link":"https:\/\/www.gemeinsame-jugendarbeit.de\/wordpress\/category\/allgemein\/"},"img":{"alt_text":"","src":"https:\/\/i0.wp.com\/www.gemeinsame-jugendarbeit.de\/wordpress\/wp-content\/uploads\/2021\/10\/20211023_105717-scaled.jpg?fit=1200%2C675&ssl=1&resize=350%2C200","width":350,"height":200,"srcset":"https:\/\/i0.wp.com\/www.gemeinsame-jugendarbeit.de\/wordpress\/wp-content\/uploads\/2021\/10\/20211023_105717-scaled.jpg?fit=1200%2C675&ssl=1&resize=350%2C200 1x, https:\/\/i0.wp.com\/www.gemeinsame-jugendarbeit.de\/wordpress\/wp-content\/uploads\/2021\/10\/20211023_105717-scaled.jpg?fit=1200%2C675&ssl=1&resize=525%2C300 1.5x, https:\/\/i0.wp.com\/www.gemeinsame-jugendarbeit.de\/wordpress\/wp-content\/uploads\/2021\/10\/20211023_105717-scaled.jpg?fit=1200%2C675&ssl=1&resize=700%2C400 2x, https:\/\/i0.wp.com\/www.gemeinsame-jugendarbeit.de\/wordpress\/wp-content\/uploads\/2021\/10\/20211023_105717-scaled.jpg?fit=1200%2C675&ssl=1&resize=1050%2C600 3x"},"classes":[]},{"id":2386,"url":"https:\/\/www.gemeinsame-jugendarbeit.de\/wordpress\/2021\/02\/11\/spieleverleih-des-cvjm-sylbach\/","url_meta":{"origin":1448,"position":5},"title":"Spieleverleih des CVJM Sylbach","author":"schwarze","date":"11. Februar 2021","format":false,"excerpt":"Der Lockdown wird immer mehr gelockert.Aber der Spieleverleih des CVJM Sylbach kann weiterhin genutzt werden. Ca. 80 Gesellschaftsspiele stehen f\u00fcr Euch zum Ausleihen im Vereinshaus Sylbach bereit -- Kartenspiel, Brettspiele, und ieles mehr. Unten findet Ihr eine \u00dcbersicht der Spiele, die zur Auswahl stehen.Die Ausleihe wird kostenlos\u00a0 kontaktarm und coronakonform\u2026","rel":"","context":"In &quot;Allgemein&quot;","block_context":{"text":"Allgemein","link":"https:\/\/www.gemeinsame-jugendarbeit.de\/wordpress\/category\/allgemein\/"},"img":{"alt_text":"","src":"https:\/\/i0.wp.com\/www.gemeinsame-jugendarbeit.de\/wordpress\/wp-content\/uploads\/2020\/12\/board-games-460340_1920.jpg?fit=1200%2C799&ssl=1&resize=350%2C200","width":350,"height":200,"srcset":"https:\/\/i0.wp.com\/www.gemeinsame-jugendarbeit.de\/wordpress\/wp-content\/uploads\/2020\/12\/board-games-460340_1920.jpg?fit=1200%2C799&ssl=1&resize=350%2C200 1x, https:\/\/i0.wp.com\/www.gemeinsame-jugendarbeit.de\/wordpress\/wp-content\/uploads\/2020\/12\/board-games-460340_1920.jpg?fit=1200%2C799&ssl=1&resize=525%2C300 1.5x, https:\/\/i0.wp.com\/www.gemeinsame-jugendarbeit.de\/wordpress\/wp-content\/uploads\/2020\/12\/board-games-460340_1920.jpg?fit=1200%2C799&ssl=1&resize=700%2C400 2x, https:\/\/i0.wp.com\/www.gemeinsame-jugendarbeit.de\/wordpress\/wp-content\/uploads\/2020\/12\/board-games-460340_1920.jpg?fit=1200%2C799&ssl=1&resize=1050%2C600 3x"},"classes":[]}],"publishpress_future_action":{"enabled":false,"date":"2026-05-09 01:23:32","action":"change-status","newStatus":"draft","terms":[],"taxonomy":"category"},"publishpress_future_workflow_manual_trigger":{"enabledWorkflows":[]},"_links":{"self":[{"href":"https:\/\/www.gemeinsame-jugendarbeit.de\/wordpress\/wp-json\/wp\/v2\/posts\/1448"}],"collection":[{"href":"https:\/\/www.gemeinsame-jugendarbeit.de\/wordpress\/wp-json\/wp\/v2\/posts"}],"about":[{"href":"https:\/\/www.gemeinsame-jugendarbeit.de\/wordpress\/wp-json\/wp\/v2\/types\/post"}],"author":[{"embeddable":true,"href":"https:\/\/www.gemeinsame-jugendarbeit.de\/wordpress\/wp-json\/wp\/v2\/users\/1"}],"replies":[{"embeddable":true,"href":"https:\/\/www.gemeinsame-jugendarbeit.de\/wordpress\/wp-json\/wp\/v2\/comments?post=1448"}],"version-history":[{"count":3,"href":"https:\/\/www.gemeinsame-jugendarbeit.de\/wordpress\/wp-json\/wp\/v2\/posts\/1448\/revisions"}],"predecessor-version":[{"id":1458,"href":"https:\/\/www.gemeinsame-jugendarbeit.de\/wordpress\/wp-json\/wp\/v2\/posts\/1448\/revisions\/1458"}],"wp:featuredmedia":[{"embeddable":true,"href":"https:\/\/www.gemeinsame-jugendarbeit.de\/wordpress\/wp-json\/wp\/v2\/media\/1446"}],"wp:attachment":[{"href":"https:\/\/www.gemeinsame-jugendarbeit.de\/wordpress\/wp-json\/wp\/v2\/media?parent=1448"}],"wp:term":[{"taxonomy":"category","embeddable":true,"href":"https:\/\/www.gemeinsame-jugendarbeit.de\/wordpress\/wp-json\/wp\/v2\/categories?post=1448"},{"taxonomy":"post_tag","embeddable":true,"href":"https:\/\/www.gemeinsame-jugendarbeit.de\/wordpress\/wp-json\/wp\/v2\/tags?post=1448"}],"curies":[{"name":"wp","href":"https:\/\/api.w.org\/{rel}","templated":true}]}}