{"id":1460,"date":"2019-09-11T21:43:51","date_gmt":"2019-09-11T19:43:51","guid":{"rendered":"http:\/\/www.gemeinsame-jugendarbeit.de\/wordpress\/?p=1460"},"modified":"2019-09-12T21:24:28","modified_gmt":"2019-09-12T19:24:28","slug":"queensgarden-gewinnt-sunnys","status":"publish","type":"post","link":"https:\/\/www.gemeinsame-jugendarbeit.de\/wordpress\/2019\/09\/11\/queensgarden-gewinnt-sunnys\/","title":{"rendered":"Queensgarden gewinnt Sunnys"},"content":{"rendered":"<p>Im Juni hatte die B\u00e4ckerei Lechtermann \/ Pollmeier einen Promotion-Wettbewerb ausgeschrieben, bei dem sich Gruppen kreativ vorstellen konnten. Der sch\u00f6tmaraner M\u00e4dchenkreis Queensgarden hat es als Anlass genommen, ein Werbevideo \u00fcber ihre Gruppe zu drehen. Es wurde gefilmt, fotografiert, geschnitten, abgestimmt und neu geschnitten &#8211; und dann war es fertig.<br \/>\nDas Video hat der B\u00e4ckerei-Jury gut gefallen und die M\u00e4dchen mit einer Menge Sunnys (= Br\u00f6tchen) belohnt.<\/p>\n<p>Diese wurden zur Feier des Erfolgs und zum Start in die Ferienzeit beim letzen Treff vor den Sommerfest gemeinsam verspeist.<\/p>\n<p><a href=\"https:\/\/i0.wp.com\/www.gemeinsame-jugendarbeit.de\/wordpress\/wp-content\/uploads\/2019\/09\/WhatsApp-Image-2019-09-11-at-21.37.222.jpeg?ssl=1\" target=\"_blank\" rel=\"noopener noreferrer\"><img data-attachment-id=\"1462\" data-permalink=\"https:\/\/www.gemeinsame-jugendarbeit.de\/wordpress\/2019\/09\/11\/queensgarden-gewinnt-sunnys\/whatsapp-image-2019-09-11-at-21-37-222\/\" data-orig-file=\"https:\/\/i0.wp.com\/www.gemeinsame-jugendarbeit.de\/wordpress\/wp-content\/uploads\/2019\/09\/WhatsApp-Image-2019-09-11-at-21.37.222.jpeg?fit=1200%2C1600&amp;ssl=1\" data-orig-size=\"1200,1600\" data-comments-opened=\"0\" data-image-meta=\"{&quot;aperture&quot;:&quot;0&quot;,&quot;credit&quot;:&quot;&quot;,&quot;camera&quot;:&quot;&quot;,&quot;caption&quot;:&quot;&quot;,&quot;created_timestamp&quot;:&quot;0&quot;,&quot;copyright&quot;:&quot;&quot;,&quot;focal_length&quot;:&quot;0&quot;,&quot;iso&quot;:&quot;0&quot;,&quot;shutter_speed&quot;:&quot;0&quot;,&quot;title&quot;:&quot;&quot;,&quot;orientation&quot;:&quot;0&quot;}\" data-image-title=\"WhatsApp Image 2019-09-11 at 21.37.22(2)\" data-image-description=\"\" data-image-caption=\"\" data-medium-file=\"https:\/\/i0.wp.com\/www.gemeinsame-jugendarbeit.de\/wordpress\/wp-content\/uploads\/2019\/09\/WhatsApp-Image-2019-09-11-at-21.37.222.jpeg?fit=225%2C300&amp;ssl=1\" data-large-file=\"https:\/\/i0.wp.com\/www.gemeinsame-jugendarbeit.de\/wordpress\/wp-content\/uploads\/2019\/09\/WhatsApp-Image-2019-09-11-at-21.37.222.jpeg?fit=768%2C1024&amp;ssl=1\" fetchpriority=\"high\" decoding=\"async\" class=\"alignnone wp-image-1462 size-medium\" src=\"https:\/\/i0.wp.com\/www.gemeinsame-jugendarbeit.de\/wordpress\/wp-content\/uploads\/2019\/09\/WhatsApp-Image-2019-09-11-at-21.37.222.jpeg?resize=225%2C300&#038;ssl=1\" alt=\"\" width=\"225\" height=\"300\" srcset=\"https:\/\/i0.wp.com\/www.gemeinsame-jugendarbeit.de\/wordpress\/wp-content\/uploads\/2019\/09\/WhatsApp-Image-2019-09-11-at-21.37.222.jpeg?resize=225%2C300&amp;ssl=1 225w, https:\/\/i0.wp.com\/www.gemeinsame-jugendarbeit.de\/wordpress\/wp-content\/uploads\/2019\/09\/WhatsApp-Image-2019-09-11-at-21.37.222.jpeg?resize=768%2C1024&amp;ssl=1 768w, https:\/\/i0.wp.com\/www.gemeinsame-jugendarbeit.de\/wordpress\/wp-content\/uploads\/2019\/09\/WhatsApp-Image-2019-09-11-at-21.37.222.jpeg?resize=630%2C840&amp;ssl=1 630w, https:\/\/i0.wp.com\/www.gemeinsame-jugendarbeit.de\/wordpress\/wp-content\/uploads\/2019\/09\/WhatsApp-Image-2019-09-11-at-21.37.222.jpeg?resize=960%2C1280&amp;ssl=1 960w, https:\/\/i0.wp.com\/www.gemeinsame-jugendarbeit.de\/wordpress\/wp-content\/uploads\/2019\/09\/WhatsApp-Image-2019-09-11-at-21.37.222.jpeg?w=1200&amp;ssl=1 1200w\" sizes=\"(max-width: 225px) 100vw, 225px\" data-recalc-dims=\"1\" \/>&nbsp; <\/a><a href=\"https:\/\/i0.wp.com\/www.gemeinsame-jugendarbeit.de\/wordpress\/wp-content\/uploads\/2019\/09\/WhatsApp-Image-2019-09-11-at-21.37.221-e1568231000456.jpeg?ssl=1\"><img data-attachment-id=\"1461\" data-permalink=\"https:\/\/www.gemeinsame-jugendarbeit.de\/wordpress\/2019\/09\/11\/queensgarden-gewinnt-sunnys\/whatsapp-image-2019-09-11-at-21-37-221\/\" data-orig-file=\"https:\/\/i0.wp.com\/www.gemeinsame-jugendarbeit.de\/wordpress\/wp-content\/uploads\/2019\/09\/WhatsApp-Image-2019-09-11-at-21.37.221-e1568231000456.jpeg?fit=1200%2C1600&amp;ssl=1\" data-orig-size=\"1200,1600\" data-comments-opened=\"0\" data-image-meta=\"{&quot;aperture&quot;:&quot;0&quot;,&quot;credit&quot;:&quot;&quot;,&quot;camera&quot;:&quot;&quot;,&quot;caption&quot;:&quot;&quot;,&quot;created_timestamp&quot;:&quot;0&quot;,&quot;copyright&quot;:&quot;&quot;,&quot;focal_length&quot;:&quot;0&quot;,&quot;iso&quot;:&quot;0&quot;,&quot;shutter_speed&quot;:&quot;0&quot;,&quot;title&quot;:&quot;&quot;,&quot;orientation&quot;:&quot;0&quot;}\" data-image-title=\"WhatsApp Image 2019-09-11 at 21.37.22(1)\" data-image-description=\"\" data-image-caption=\"\" data-medium-file=\"https:\/\/i0.wp.com\/www.gemeinsame-jugendarbeit.de\/wordpress\/wp-content\/uploads\/2019\/09\/WhatsApp-Image-2019-09-11-at-21.37.221-e1568231000456.jpeg?fit=225%2C300&amp;ssl=1\" data-large-file=\"https:\/\/i0.wp.com\/www.gemeinsame-jugendarbeit.de\/wordpress\/wp-content\/uploads\/2019\/09\/WhatsApp-Image-2019-09-11-at-21.37.221-e1568231000456.jpeg?fit=768%2C1024&amp;ssl=1\" decoding=\"async\" class=\"alignnone size-medium wp-image-1461\" src=\"https:\/\/i0.wp.com\/www.gemeinsame-jugendarbeit.de\/wordpress\/wp-content\/uploads\/2019\/09\/WhatsApp-Image-2019-09-11-at-21.37.221-e1568231000456-225x300.jpeg?resize=225%2C300&#038;ssl=1\" alt=\"\" width=\"225\" height=\"300\" srcset=\"https:\/\/i0.wp.com\/www.gemeinsame-jugendarbeit.de\/wordpress\/wp-content\/uploads\/2019\/09\/WhatsApp-Image-2019-09-11-at-21.37.221-e1568231000456.jpeg?resize=225%2C300&amp;ssl=1 225w, https:\/\/i0.wp.com\/www.gemeinsame-jugendarbeit.de\/wordpress\/wp-content\/uploads\/2019\/09\/WhatsApp-Image-2019-09-11-at-21.37.221-e1568231000456.jpeg?resize=768%2C1024&amp;ssl=1 768w, https:\/\/i0.wp.com\/www.gemeinsame-jugendarbeit.de\/wordpress\/wp-content\/uploads\/2019\/09\/WhatsApp-Image-2019-09-11-at-21.37.221-e1568231000456.jpeg?resize=630%2C840&amp;ssl=1 630w, https:\/\/i0.wp.com\/www.gemeinsame-jugendarbeit.de\/wordpress\/wp-content\/uploads\/2019\/09\/WhatsApp-Image-2019-09-11-at-21.37.221-e1568231000456.jpeg?resize=960%2C1280&amp;ssl=1 960w, https:\/\/i0.wp.com\/www.gemeinsame-jugendarbeit.de\/wordpress\/wp-content\/uploads\/2019\/09\/WhatsApp-Image-2019-09-11-at-21.37.221-e1568231000456.jpeg?w=1200&amp;ssl=1 1200w\" sizes=\"(max-width: 225px) 100vw, 225px\" data-recalc-dims=\"1\" \/><\/a><\/p>\n<p><em><strong>Danke an Queensgarden f\u00fcr Eure Kreativit\u00e4t und Danke an die B\u00e4ckerei Lechtermann \/ Pollmeier f\u00fcr die tolle Idee des Wettbewerbs.<\/strong><\/em><\/p>\n<p>Hier k\u00f6nnt ihr das Video sehen:<\/p>\n<div style=\"width: 426px;\" class=\"wp-video\"><!--[if lt IE 9]><script>document.createElement('video');<\/script><![endif]-->\n<video class=\"wp-video-shortcode\" id=\"video-1460-1\" width=\"426\" height=\"240\" preload=\"metadata\" controls=\"controls\"><source type=\"video\/mp4\" src=\"https:\/\/www.gemeinsame-jugendarbeit.de\/wordpress\/wp-content\/uploads\/2019\/09\/Queensgarde_film_2_Mail.mp4?_=1\" \/><a href=\"https:\/\/www.gemeinsame-jugendarbeit.de\/wordpress\/wp-content\/uploads\/2019\/09\/Queensgarde_film_2_Mail.mp4\">https:\/\/www.gemeinsame-jugendarbeit.de\/wordpress\/wp-content\/uploads\/2019\/09\/Queensgarde_film_2_Mail.mp4<\/a><\/video><\/div>\n","protected":false},"excerpt":{"rendered":"<p>Im Juni hatte die B\u00e4ckerei Lechtermann \/ Pollmeier einen Promotion-Wettbewerb ausgeschrieben, bei dem sich Gruppen kreativ vorstellen konnten. Der sch\u00f6tmaraner M\u00e4dchenkreis Queensgarden hat es als Anlass genommen, ein Werbevideo \u00fcber&#8230; <\/p>\n<div class=\"link-more\"><a href=\"https:\/\/www.gemeinsame-jugendarbeit.de\/wordpress\/2019\/09\/11\/queensgarden-gewinnt-sunnys\/\">Weiterlesen<\/a><\/div>\n","protected":false},"author":1,"featured_media":1461,"comment_status":"closed","ping_status":"closed","sticky":false,"template":"","format":"standard","meta":{"ngg_post_thumbnail":0,"_jetpack_newsletter_access":""},"categories":[1],"tags":[],"jetpack_featured_media_url":"https:\/\/i0.wp.com\/www.gemeinsame-jugendarbeit.de\/wordpress\/wp-content\/uploads\/2019\/09\/WhatsApp-Image-2019-09-11-at-21.37.221-e1568231000456.jpeg?fit=1200%2C1600&ssl=1","jetpack_sharing_enabled":true,"jetpack_shortlink":"https:\/\/wp.me\/p8sCNj-ny","jetpack-related-posts":[{"id":1202,"url":"https:\/\/www.gemeinsame-jugendarbeit.de\/wordpress\/2018\/12\/03\/churchnight-2018-2\/","url_meta":{"origin":1460,"position":0},"title":"Churchnight 2018","author":"schwarze","date":"3. Dezember 2018","format":false,"excerpt":"Mister Joy verzaubert die Kilianskirche F\u00fcr die Churchnight 2018 hat sich das Team rund um Axel Schwarze (Gemeinsame Jugendarbeit Sch\u00f6tmar und Sylbach) und Kerstin Lobenstein (ev. Kirchengemeinden Talle und Retzen) dieses Jahr etwas ganz Zauberhaftes ausgedacht: Der Zauberer und Kleink\u00fcnstler Mr. Joy hat in der Kilianskirche auf seine ganz eigene\u2026","rel":"","context":"In &quot;Allgemein&quot;","block_context":{"text":"Allgemein","link":"https:\/\/www.gemeinsame-jugendarbeit.de\/wordpress\/category\/allgemein\/"},"img":{"alt_text":"","src":"https:\/\/i0.wp.com\/www.gemeinsame-jugendarbeit.de\/wordpress\/wp-content\/uploads\/2018\/12\/DSC2909.jpg?fit=1200%2C795&ssl=1&resize=350%2C200","width":350,"height":200,"srcset":"https:\/\/i0.wp.com\/www.gemeinsame-jugendarbeit.de\/wordpress\/wp-content\/uploads\/2018\/12\/DSC2909.jpg?fit=1200%2C795&ssl=1&resize=350%2C200 1x, https:\/\/i0.wp.com\/www.gemeinsame-jugendarbeit.de\/wordpress\/wp-content\/uploads\/2018\/12\/DSC2909.jpg?fit=1200%2C795&ssl=1&resize=525%2C300 1.5x, https:\/\/i0.wp.com\/www.gemeinsame-jugendarbeit.de\/wordpress\/wp-content\/uploads\/2018\/12\/DSC2909.jpg?fit=1200%2C795&ssl=1&resize=700%2C400 2x, https:\/\/i0.wp.com\/www.gemeinsame-jugendarbeit.de\/wordpress\/wp-content\/uploads\/2018\/12\/DSC2909.jpg?fit=1200%2C795&ssl=1&resize=1050%2C600 3x"},"classes":[]},{"id":1343,"url":"https:\/\/www.gemeinsame-jugendarbeit.de\/wordpress\/2019\/05\/01\/das-war-die-kinderbibelwoche-2019\/","url_meta":{"origin":1460,"position":1},"title":"Das war die Kinderbibelwoche 2019","author":"schwarze","date":"1. Mai 2019","format":false,"excerpt":"Eine Woche rund um das Labyrinth von Susa und die mutige K\u00f6nigin Esther - Die gemeinsame Jugendarbeit der evangelischen Kirchengemeinden in Sch\u00f6tmar und Sylbach hatte wieder ein starkes Programm organisiert. Ein Team aus 15 Ehrenamtlichen unter Leitung von Diakon Axel Schwarze und Pfr. Matthias Schmidt hatte f\u00fcr \u00fcber 60 Kinder\u2026","rel":"","context":"In &quot;Allgemein&quot;","block_context":{"text":"Allgemein","link":"https:\/\/www.gemeinsame-jugendarbeit.de\/wordpress\/category\/allgemein\/"},"img":{"alt_text":"","src":"https:\/\/i0.wp.com\/www.gemeinsame-jugendarbeit.de\/wordpress\/wp-content\/uploads\/2019\/02\/kbw2019_plakat.jpg?fit=855%2C1200&ssl=1&resize=350%2C200","width":350,"height":200,"srcset":"https:\/\/i0.wp.com\/www.gemeinsame-jugendarbeit.de\/wordpress\/wp-content\/uploads\/2019\/02\/kbw2019_plakat.jpg?fit=855%2C1200&ssl=1&resize=350%2C200 1x, https:\/\/i0.wp.com\/www.gemeinsame-jugendarbeit.de\/wordpress\/wp-content\/uploads\/2019\/02\/kbw2019_plakat.jpg?fit=855%2C1200&ssl=1&resize=525%2C300 1.5x, https:\/\/i0.wp.com\/www.gemeinsame-jugendarbeit.de\/wordpress\/wp-content\/uploads\/2019\/02\/kbw2019_plakat.jpg?fit=855%2C1200&ssl=1&resize=700%2C400 2x"},"classes":[]},{"id":4382,"url":"https:\/\/www.gemeinsame-jugendarbeit.de\/wordpress\/2026\/02\/15\/kinderbibelwoche-in-schoetmar\/","url_meta":{"origin":1460,"position":2},"title":"Kinderbibelwoche in Sch\u00f6tmar &#8211; 7.-12. April 2026","author":"schwarze","date":"15. Februar 2026","format":false,"excerpt":"Kinderbibelwoche 2025 in Sch\u00f6tmar7.-12. April 2026\u00a0Alles gut im Schneckenhaus?!?Tiffany und Theodor - zwei Personen, die unterschiedlicher nicht sein k\u00f6nnten. Theodor ist ein Erfinder mit Leib und Seele. Was es noch nicht gibt oder gebraucht wird, wird kurzerhand erfunden und gebastelt. Tiffany ist eine Schnecke, die alles ganz genau wissen will\u2026","rel":"","context":"In &quot;Allgemein&quot;","block_context":{"text":"Allgemein","link":"https:\/\/www.gemeinsame-jugendarbeit.de\/wordpress\/category\/allgemein\/"},"img":{"alt_text":"","src":"https:\/\/i0.wp.com\/www.gemeinsame-jugendarbeit.de\/wordpress\/wp-content\/uploads\/2026\/01\/kbw2026_plakat.jpg?fit=847%2C1200&ssl=1&resize=350%2C200","width":350,"height":200,"srcset":"https:\/\/i0.wp.com\/www.gemeinsame-jugendarbeit.de\/wordpress\/wp-content\/uploads\/2026\/01\/kbw2026_plakat.jpg?fit=847%2C1200&ssl=1&resize=350%2C200 1x, https:\/\/i0.wp.com\/www.gemeinsame-jugendarbeit.de\/wordpress\/wp-content\/uploads\/2026\/01\/kbw2026_plakat.jpg?fit=847%2C1200&ssl=1&resize=525%2C300 1.5x, https:\/\/i0.wp.com\/www.gemeinsame-jugendarbeit.de\/wordpress\/wp-content\/uploads\/2026\/01\/kbw2026_plakat.jpg?fit=847%2C1200&ssl=1&resize=700%2C400 2x"},"classes":[]},{"id":3596,"url":"https:\/\/www.gemeinsame-jugendarbeit.de\/wordpress\/2024\/05\/27\/kinderzeltlager-in-sylbach\/","url_meta":{"origin":1460,"position":3},"title":"Kinderzeltlager in Sylbach","author":"schwarze","date":"27. Mai 2024","format":false,"excerpt":"\u201cGott ist stark!\u201dAm 29. & 30. Juni 2024 findet das diesj\u00e4hrige Kinderzeltlager an der Sylbacher Kirche statt.In der Bibel stehen viele Geschichten, die es zu entdecken lohnt. Von Menschen, die mit Gott aufregende Dinge erlebt haben - die total mutig und stark oder sehr \u00e4ngstlich waren; die alleine etwas gemacht\u2026","rel":"","context":"In &quot;Allgemein&quot;","block_context":{"text":"Allgemein","link":"https:\/\/www.gemeinsame-jugendarbeit.de\/wordpress\/category\/allgemein\/"},"img":{"alt_text":"","src":"https:\/\/i0.wp.com\/www.gemeinsame-jugendarbeit.de\/wordpress\/wp-content\/uploads\/2024\/05\/kiz2024_Header_2.jpg?fit=1200%2C846&ssl=1&resize=350%2C200","width":350,"height":200,"srcset":"https:\/\/i0.wp.com\/www.gemeinsame-jugendarbeit.de\/wordpress\/wp-content\/uploads\/2024\/05\/kiz2024_Header_2.jpg?fit=1200%2C846&ssl=1&resize=350%2C200 1x, https:\/\/i0.wp.com\/www.gemeinsame-jugendarbeit.de\/wordpress\/wp-content\/uploads\/2024\/05\/kiz2024_Header_2.jpg?fit=1200%2C846&ssl=1&resize=525%2C300 1.5x, https:\/\/i0.wp.com\/www.gemeinsame-jugendarbeit.de\/wordpress\/wp-content\/uploads\/2024\/05\/kiz2024_Header_2.jpg?fit=1200%2C846&ssl=1&resize=700%2C400 2x, https:\/\/i0.wp.com\/www.gemeinsame-jugendarbeit.de\/wordpress\/wp-content\/uploads\/2024\/05\/kiz2024_Header_2.jpg?fit=1200%2C846&ssl=1&resize=1050%2C600 3x"},"classes":[]},{"id":3210,"url":"https:\/\/www.gemeinsame-jugendarbeit.de\/wordpress\/2021\/09\/24\/eis-jugendseite-ich-bin-sophie-scholl\/","url_meta":{"origin":1460,"position":4},"title":"EIS-Jugendseite: Ich bin Sophie Scholl","author":"schwarze","date":"24. September 2021","format":false,"excerpt":"Crissi hat sich in der aktuellen EIS ein besonderes Thema ausgesucht:\u00a0 Sophie Scholl Eine junge Frau, die sich in der NS-Zeit gegen das Regime und f\u00fcr Freiheit und Selbstbestimmung eingesetzt hat.\u00a0 Ihr fr\u00fcher Tod hat sie bekannt gemacht - aber lest selbst ... \"Ich bin Sophie Scholl\" ist eine beeindruckendes\u2026","rel":"","context":"In &quot;Allgemein&quot;","block_context":{"text":"Allgemein","link":"https:\/\/www.gemeinsame-jugendarbeit.de\/wordpress\/category\/allgemein\/"},"img":{"alt_text":"","src":"https:\/\/i0.wp.com\/www.gemeinsame-jugendarbeit.de\/wordpress\/wp-content\/uploads\/2021\/09\/EIS_Ausgabe26-27_rgb-scaled.jpg?fit=1200%2C851&ssl=1&resize=350%2C200","width":350,"height":200,"srcset":"https:\/\/i0.wp.com\/www.gemeinsame-jugendarbeit.de\/wordpress\/wp-content\/uploads\/2021\/09\/EIS_Ausgabe26-27_rgb-scaled.jpg?fit=1200%2C851&ssl=1&resize=350%2C200 1x, https:\/\/i0.wp.com\/www.gemeinsame-jugendarbeit.de\/wordpress\/wp-content\/uploads\/2021\/09\/EIS_Ausgabe26-27_rgb-scaled.jpg?fit=1200%2C851&ssl=1&resize=525%2C300 1.5x, https:\/\/i0.wp.com\/www.gemeinsame-jugendarbeit.de\/wordpress\/wp-content\/uploads\/2021\/09\/EIS_Ausgabe26-27_rgb-scaled.jpg?fit=1200%2C851&ssl=1&resize=700%2C400 2x, https:\/\/i0.wp.com\/www.gemeinsame-jugendarbeit.de\/wordpress\/wp-content\/uploads\/2021\/09\/EIS_Ausgabe26-27_rgb-scaled.jpg?fit=1200%2C851&ssl=1&resize=1050%2C600 3x"},"classes":[]},{"id":562,"url":"https:\/\/www.gemeinsame-jugendarbeit.de\/wordpress\/2017\/07\/13\/vater-kind-kanutour-2017\/","url_meta":{"origin":1460,"position":5},"title":"Vater-Kind-Kanutour 2017","author":"schwarze","date":"13. Juli 2017","format":false,"excerpt":"Die Sonne ist ein mieser Verr\u00e4ter... \u2026 oder wie ist es zu erkl\u00e4ren, dass sie immer dann geschienen hat, als die V\u00e4ter mit ihren Kindern nicht in den Kanus sa\u00dfen. Aber das konnte der guten Stimmung der Aktion nicht anhaben. Die diesj\u00e4hrige Vater-Kind-Kanutour f\u00fchrte die 8 V\u00e4ter und 11 Kinder\u2026","rel":"","context":"In &quot;Allgemein&quot;","block_context":{"text":"Allgemein","link":"https:\/\/www.gemeinsame-jugendarbeit.de\/wordpress\/category\/allgemein\/"},"img":{"alt_text":"","src":"https:\/\/i0.wp.com\/www.gemeinsame-jugendarbeit.de\/wordpress\/wp-content\/uploads\/2017\/07\/20170702_102504.jpg?fit=1200%2C900&ssl=1&resize=350%2C200","width":350,"height":200,"srcset":"https:\/\/i0.wp.com\/www.gemeinsame-jugendarbeit.de\/wordpress\/wp-content\/uploads\/2017\/07\/20170702_102504.jpg?fit=1200%2C900&ssl=1&resize=350%2C200 1x, https:\/\/i0.wp.com\/www.gemeinsame-jugendarbeit.de\/wordpress\/wp-content\/uploads\/2017\/07\/20170702_102504.jpg?fit=1200%2C900&ssl=1&resize=525%2C300 1.5x, https:\/\/i0.wp.com\/www.gemeinsame-jugendarbeit.de\/wordpress\/wp-content\/uploads\/2017\/07\/20170702_102504.jpg?fit=1200%2C900&ssl=1&resize=700%2C400 2x, https:\/\/i0.wp.com\/www.gemeinsame-jugendarbeit.de\/wordpress\/wp-content\/uploads\/2017\/07\/20170702_102504.jpg?fit=1200%2C900&ssl=1&resize=1050%2C600 3x"},"classes":[]}],"publishpress_future_action":{"enabled":false,"date":"2026-05-09 02:50:22","action":"change-status","newStatus":"draft","terms":[],"taxonomy":"category"},"publishpress_future_workflow_manual_trigger":{"enabledWorkflows":[]},"_links":{"self":[{"href":"https:\/\/www.gemeinsame-jugendarbeit.de\/wordpress\/wp-json\/wp\/v2\/posts\/1460"}],"collection":[{"href":"https:\/\/www.gemeinsame-jugendarbeit.de\/wordpress\/wp-json\/wp\/v2\/posts"}],"about":[{"href":"https:\/\/www.gemeinsame-jugendarbeit.de\/wordpress\/wp-json\/wp\/v2\/types\/post"}],"author":[{"embeddable":true,"href":"https:\/\/www.gemeinsame-jugendarbeit.de\/wordpress\/wp-json\/wp\/v2\/users\/1"}],"replies":[{"embeddable":true,"href":"https:\/\/www.gemeinsame-jugendarbeit.de\/wordpress\/wp-json\/wp\/v2\/comments?post=1460"}],"version-history":[{"count":3,"href":"https:\/\/www.gemeinsame-jugendarbeit.de\/wordpress\/wp-json\/wp\/v2\/posts\/1460\/revisions"}],"predecessor-version":[{"id":1466,"href":"https:\/\/www.gemeinsame-jugendarbeit.de\/wordpress\/wp-json\/wp\/v2\/posts\/1460\/revisions\/1466"}],"wp:featuredmedia":[{"embeddable":true,"href":"https:\/\/www.gemeinsame-jugendarbeit.de\/wordpress\/wp-json\/wp\/v2\/media\/1461"}],"wp:attachment":[{"href":"https:\/\/www.gemeinsame-jugendarbeit.de\/wordpress\/wp-json\/wp\/v2\/media?parent=1460"}],"wp:term":[{"taxonomy":"category","embeddable":true,"href":"https:\/\/www.gemeinsame-jugendarbeit.de\/wordpress\/wp-json\/wp\/v2\/categories?post=1460"},{"taxonomy":"post_tag","embeddable":true,"href":"https:\/\/www.gemeinsame-jugendarbeit.de\/wordpress\/wp-json\/wp\/v2\/tags?post=1460"}],"curies":[{"name":"wp","href":"https:\/\/api.w.org\/{rel}","templated":true}]}}