{"id":1489,"date":"2024-11-04T07:15:38","date_gmt":"2024-11-04T06:15:38","guid":{"rendered":"http:\/\/www.gemeinsame-jugendarbeit.de\/wordpress\/?p=1489"},"modified":"2024-11-08T07:29:30","modified_gmt":"2024-11-08T06:29:30","slug":"oekum-martinsumzug-2019","status":"publish","type":"post","link":"https:\/\/www.gemeinsame-jugendarbeit.de\/wordpress\/2024\/11\/04\/oekum-martinsumzug-2019\/","title":{"rendered":"\u00d6kumenischer Martinsumzug 2024"},"content":{"rendered":"<div class=\"entry-content\">\n<p><strong>Auch in diesem Jahr laden die drei christlichen Kirchengemeinden in Sch\u00f6tmar herzlich zum \u00f6kumenischen Martinsumzug ein. <\/strong><br \/>\n<strong>Der Laternenumzug findet am Samstag, den 16. November 2024, statt und beginnt um 17:00 Uhr auf dem Parkplatz gegen\u00fcber der evangelisch-lutherischen Trinitatiskirche in der Eduard-Wolff-Stra\u00dfe 17, Bad Salzuflen.<\/strong><\/p>\n<p>Angef\u00fchrt wird der Umzug von einem Reiter, verkleidet als der heilige Martin von Tours, der f\u00fcr seine Geste des Mantelteilens mit einem frierenden Bettler bekannt ist. Mit musikalischer Begleitung durch ein Bl\u00e4serensemble werden auf dem Weg zur evangelischen Kilianskirche traditionelle Martinslieder gesungen.<\/p>\n<p>In der Kilianskirche erwartet die Teilnehmenden ein kurzer Gottesdienst in dem ein Theaterst\u00fcck \u00fcber das Leben und Wirken des Sankt Martin aufgef\u00fchrt wird.&nbsp;Die Musikgruppe \u201eKehrvers\u201c wird auch in diesem Jahr wieder Lieder zu Ehren des Sankt Martin singen.<\/p>\n<p>Zum Abschluss werden Stutenkerle verteilt, und es wird eine Kollekte f\u00fcr Kinder in Not gesammelt.<\/p>\n<\/div>\n<p>&nbsp;<\/p>\n<p><a href=\"https:\/\/i0.wp.com\/www.gemeinsame-jugendarbeit.de\/wordpress\/wp-content\/uploads\/2024\/11\/Martinsumzug-2024-EiS.jpg?ssl=1\" target=\"_blank\" rel=\"noopener\"><img data-attachment-id=\"4692\" data-permalink=\"https:\/\/www.gemeinsame-jugendarbeit.de\/wordpress\/2024\/11\/04\/oekum-martinsumzug-2019\/martinsumzug-2024-eis\/\" data-orig-file=\"https:\/\/i0.wp.com\/www.gemeinsame-jugendarbeit.de\/wordpress\/wp-content\/uploads\/2024\/11\/Martinsumzug-2024-EiS.jpg?fit=876%2C1252&amp;ssl=1\" data-orig-size=\"876,1252\" data-comments-opened=\"0\" data-image-meta=\"{&quot;aperture&quot;:&quot;0&quot;,&quot;credit&quot;:&quot;acer&quot;,&quot;camera&quot;:&quot;&quot;,&quot;caption&quot;:&quot;&quot;,&quot;created_timestamp&quot;:&quot;1731050616&quot;,&quot;copyright&quot;:&quot;&quot;,&quot;focal_length&quot;:&quot;0&quot;,&quot;iso&quot;:&quot;0&quot;,&quot;shutter_speed&quot;:&quot;0&quot;,&quot;title&quot;:&quot;&quot;,&quot;orientation&quot;:&quot;0&quot;}\" data-image-title=\"Martinsumzug 2024 EiS\" data-image-description=\"\" data-image-caption=\"\" data-medium-file=\"https:\/\/i0.wp.com\/www.gemeinsame-jugendarbeit.de\/wordpress\/wp-content\/uploads\/2024\/11\/Martinsumzug-2024-EiS.jpg?fit=210%2C300&amp;ssl=1\" data-large-file=\"https:\/\/i0.wp.com\/www.gemeinsame-jugendarbeit.de\/wordpress\/wp-content\/uploads\/2024\/11\/Martinsumzug-2024-EiS.jpg?fit=716%2C1024&amp;ssl=1\" fetchpriority=\"high\" decoding=\"async\" class=\"alignnone wp-image-4692\" src=\"https:\/\/i0.wp.com\/www.gemeinsame-jugendarbeit.de\/wordpress\/wp-content\/uploads\/2024\/11\/Martinsumzug-2024-EiS-210x300.jpg?resize=300%2C429&#038;ssl=1\" alt=\"\" width=\"300\" height=\"429\" srcset=\"https:\/\/i0.wp.com\/www.gemeinsame-jugendarbeit.de\/wordpress\/wp-content\/uploads\/2024\/11\/Martinsumzug-2024-EiS.jpg?resize=210%2C300&amp;ssl=1 210w, https:\/\/i0.wp.com\/www.gemeinsame-jugendarbeit.de\/wordpress\/wp-content\/uploads\/2024\/11\/Martinsumzug-2024-EiS.jpg?resize=716%2C1024&amp;ssl=1 716w, https:\/\/i0.wp.com\/www.gemeinsame-jugendarbeit.de\/wordpress\/wp-content\/uploads\/2024\/11\/Martinsumzug-2024-EiS.jpg?resize=768%2C1098&amp;ssl=1 768w, https:\/\/i0.wp.com\/www.gemeinsame-jugendarbeit.de\/wordpress\/wp-content\/uploads\/2024\/11\/Martinsumzug-2024-EiS.jpg?w=876&amp;ssl=1 876w\" sizes=\"(max-width: 300px) 100vw, 300px\" data-recalc-dims=\"1\" \/><\/a><\/p>\n<p>&nbsp;<\/p>\n","protected":false},"excerpt":{"rendered":"<p>Auch in diesem Jahr laden die drei christlichen Kirchengemeinden in Sch\u00f6tmar herzlich zum \u00f6kumenischen Martinsumzug ein. Der Laternenumzug findet am Samstag, den 16. November 2024, statt und beginnt um 17:00&#8230; <\/p>\n<div class=\"link-more\"><a href=\"https:\/\/www.gemeinsame-jugendarbeit.de\/wordpress\/2024\/11\/04\/oekum-martinsumzug-2019\/\">Weiterlesen<\/a><\/div>\n","protected":false},"author":1,"featured_media":4692,"comment_status":"closed","ping_status":"closed","sticky":false,"template":"","format":"standard","meta":{"ngg_post_thumbnail":0,"_jetpack_newsletter_access":""},"categories":[1],"tags":[6,48,114],"jetpack_featured_media_url":"https:\/\/i0.wp.com\/www.gemeinsame-jugendarbeit.de\/wordpress\/wp-content\/uploads\/2024\/11\/Martinsumzug-2024-EiS.jpg?fit=876%2C1252&ssl=1","jetpack_sharing_enabled":true,"jetpack_shortlink":"https:\/\/wp.me\/p8sCNj-o1","jetpack-related-posts":[{"id":923,"url":"https:\/\/www.gemeinsame-jugendarbeit.de\/wordpress\/2018\/04\/25\/kibiwo-2018-bericht\/","url_meta":{"origin":1489,"position":0},"title":"Kibiwo 2018 &#8211; Bericht","author":"schwarze","date":"25. April 2018","format":false,"excerpt":"\u201eZeitreise zu schr\u00e4gen Typen\u201c \u2013 unter diesem Motto stand in diesem Jahr die Kinderbibelwoche (KiBiWo) in der zweiter Osterferienwoche in Sch\u00f6tmar. Diese wird von der Gemeinsamen Jugendarbeit der ev. Kirchengemeinden Sch\u00f6tmar und Sylbach organisiert und veranstaltet. Zusammen mit 16 jugendlichen Mitarbeitern, die teilweise fr\u00fcher selbst Teilnehmer waren, Gemeindep\u00e4dagoge Axel Schwarze\u2026","rel":"","context":"In &quot;Allgemein&quot;","block_context":{"text":"Allgemein","link":"https:\/\/www.gemeinsame-jugendarbeit.de\/wordpress\/category\/allgemein\/"},"img":{"alt_text":"","src":"https:\/\/i0.wp.com\/www.gemeinsame-jugendarbeit.de\/wordpress\/wp-content\/uploads\/2018\/02\/Kibiwo_mauer_bunt_rand.jpg?fit=1082%2C1200&ssl=1&resize=350%2C200","width":350,"height":200,"srcset":"https:\/\/i0.wp.com\/www.gemeinsame-jugendarbeit.de\/wordpress\/wp-content\/uploads\/2018\/02\/Kibiwo_mauer_bunt_rand.jpg?fit=1082%2C1200&ssl=1&resize=350%2C200 1x, https:\/\/i0.wp.com\/www.gemeinsame-jugendarbeit.de\/wordpress\/wp-content\/uploads\/2018\/02\/Kibiwo_mauer_bunt_rand.jpg?fit=1082%2C1200&ssl=1&resize=525%2C300 1.5x, https:\/\/i0.wp.com\/www.gemeinsame-jugendarbeit.de\/wordpress\/wp-content\/uploads\/2018\/02\/Kibiwo_mauer_bunt_rand.jpg?fit=1082%2C1200&ssl=1&resize=700%2C400 2x, https:\/\/i0.wp.com\/www.gemeinsame-jugendarbeit.de\/wordpress\/wp-content\/uploads\/2018\/02\/Kibiwo_mauer_bunt_rand.jpg?fit=1082%2C1200&ssl=1&resize=1050%2C600 3x"},"classes":[]},{"id":4457,"url":"https:\/\/www.gemeinsame-jugendarbeit.de\/wordpress\/2024\/05\/18\/ku37-neuer-konfiunterricht-der-ev-kirchengemeinden-in-schoetmar\/","url_meta":{"origin":1489,"position":1},"title":"KU3+7 &#8211; Neuer Konfiunterricht der ev. Kirchengemeinden in Sch\u00f6tmar","author":"schwarze","date":"18. Mai 2024","format":false,"excerpt":"Liebe Familien!Bisher besuchen die Jugendlichen in der 6. und 7. Klasse den Konfiunterricht und werden zum Abschluss in der Kirche konfirmiert.Auf dem Weg zur Konfirmation gibt es etwas Neues in den evangelisch reformierten und lutherischen Kirchengemeinden in Sch\u00f6tmar.\u201eKonfi 3+7\" - der zweigeteilte Konfiunterricht in der Zeit der 3. und der\u2026","rel":"","context":"In &quot;Allgemein&quot;","block_context":{"text":"Allgemein","link":"https:\/\/www.gemeinsame-jugendarbeit.de\/wordpress\/category\/allgemein\/"},"img":{"alt_text":"","src":"https:\/\/i0.wp.com\/www.gemeinsame-jugendarbeit.de\/wordpress\/wp-content\/uploads\/2024\/05\/AdobeStock_104875527-1024x684.jpeg?resize=350%2C200","width":350,"height":200,"srcset":"https:\/\/i0.wp.com\/www.gemeinsame-jugendarbeit.de\/wordpress\/wp-content\/uploads\/2024\/05\/AdobeStock_104875527-1024x684.jpeg?resize=350%2C200 1x, https:\/\/i0.wp.com\/www.gemeinsame-jugendarbeit.de\/wordpress\/wp-content\/uploads\/2024\/05\/AdobeStock_104875527-1024x684.jpeg?resize=525%2C300 1.5x, https:\/\/i0.wp.com\/www.gemeinsame-jugendarbeit.de\/wordpress\/wp-content\/uploads\/2024\/05\/AdobeStock_104875527-1024x684.jpeg?resize=700%2C400 2x"},"classes":[]},{"id":1202,"url":"https:\/\/www.gemeinsame-jugendarbeit.de\/wordpress\/2018\/12\/03\/churchnight-2018-2\/","url_meta":{"origin":1489,"position":2},"title":"Churchnight 2018","author":"schwarze","date":"3. Dezember 2018","format":false,"excerpt":"Mister Joy verzaubert die Kilianskirche F\u00fcr die Churchnight 2018 hat sich das Team rund um Axel Schwarze (Gemeinsame Jugendarbeit Sch\u00f6tmar und Sylbach) und Kerstin Lobenstein (ev. Kirchengemeinden Talle und Retzen) dieses Jahr etwas ganz Zauberhaftes ausgedacht: Der Zauberer und Kleink\u00fcnstler Mr. Joy hat in der Kilianskirche auf seine ganz eigene\u2026","rel":"","context":"In &quot;Allgemein&quot;","block_context":{"text":"Allgemein","link":"https:\/\/www.gemeinsame-jugendarbeit.de\/wordpress\/category\/allgemein\/"},"img":{"alt_text":"","src":"https:\/\/i0.wp.com\/www.gemeinsame-jugendarbeit.de\/wordpress\/wp-content\/uploads\/2018\/12\/DSC2909.jpg?fit=1200%2C795&ssl=1&resize=350%2C200","width":350,"height":200,"srcset":"https:\/\/i0.wp.com\/www.gemeinsame-jugendarbeit.de\/wordpress\/wp-content\/uploads\/2018\/12\/DSC2909.jpg?fit=1200%2C795&ssl=1&resize=350%2C200 1x, https:\/\/i0.wp.com\/www.gemeinsame-jugendarbeit.de\/wordpress\/wp-content\/uploads\/2018\/12\/DSC2909.jpg?fit=1200%2C795&ssl=1&resize=525%2C300 1.5x, https:\/\/i0.wp.com\/www.gemeinsame-jugendarbeit.de\/wordpress\/wp-content\/uploads\/2018\/12\/DSC2909.jpg?fit=1200%2C795&ssl=1&resize=700%2C400 2x, https:\/\/i0.wp.com\/www.gemeinsame-jugendarbeit.de\/wordpress\/wp-content\/uploads\/2018\/12\/DSC2909.jpg?fit=1200%2C795&ssl=1&resize=1050%2C600 3x"},"classes":[]},{"id":1143,"url":"https:\/\/www.gemeinsame-jugendarbeit.de\/wordpress\/2018\/05\/09\/ausflug-der-katechumenen-der-kilianskirche-ins-kloster-loccum-steinhuder-meer\/","url_meta":{"origin":1489,"position":3},"title":"Ausflug der Katechumenen  der Kilianskirche ins Kloster Loccum\/Steinhuder Meer","author":"schwarze","date":"9. Mai 2018","format":false,"excerpt":"In der ev. ref. Kirchengemeinde Sch\u00f6tmar bereiten sich zur Zeit achtzehn Katechumenen, neun M\u00e4dchen und neun Jungs, auf ihre Konfirmation im n\u00e4chsten Jahr vor. Gemeinsam hei\u00dft es alle vier Wochen samst\u00e4glich die Kirchengemeinde kennenzulernen, Glaubensinhalten nachzugehen und Lieder zu singen. Anfang Mai konnten die Katechumenen dabei zusammen mit einigen Elternteilen\u2026","rel":"","context":"In &quot;Allgemein&quot;","block_context":{"text":"Allgemein","link":"https:\/\/www.gemeinsame-jugendarbeit.de\/wordpress\/category\/allgemein\/"},"img":{"alt_text":"","src":"","width":0,"height":0},"classes":[]},{"id":3718,"url":"https:\/\/www.gemeinsame-jugendarbeit.de\/wordpress\/2024\/05\/28\/kikiki-findet-wieder-statt\/","url_meta":{"origin":1489,"position":4},"title":"KiKiKi &#8211; der Kindergottesdienst in der Kilianskirche","author":"schwarze","date":"28. Mai 2024","format":false,"excerpt":"Hey liebe Kinder und Eltern! Die KiliansKinderKirche findet an jedem 3. Sonntag im Monat ab 10 Uhr in der ev. Kilianskirche statt. Die Kinder treffen sich mit den Mitarbeitenden in der Kilianskirche und gehen von dort aus gemeinsam ins Gemeindehaus. Es wird dort gespielt, gebastelt und gemeinsam gekocht und gegessen.\u2026","rel":"","context":"In &quot;Allgemein&quot;","block_context":{"text":"Allgemein","link":"https:\/\/www.gemeinsame-jugendarbeit.de\/wordpress\/category\/allgemein\/"},"img":{"alt_text":"","src":"https:\/\/i0.wp.com\/www.gemeinsame-jugendarbeit.de\/wordpress\/wp-content\/uploads\/2024\/01\/kikiki_24-01_angepasst.jpg?fit=855%2C1200&ssl=1&resize=350%2C200","width":350,"height":200,"srcset":"https:\/\/i0.wp.com\/www.gemeinsame-jugendarbeit.de\/wordpress\/wp-content\/uploads\/2024\/01\/kikiki_24-01_angepasst.jpg?fit=855%2C1200&ssl=1&resize=350%2C200 1x, https:\/\/i0.wp.com\/www.gemeinsame-jugendarbeit.de\/wordpress\/wp-content\/uploads\/2024\/01\/kikiki_24-01_angepasst.jpg?fit=855%2C1200&ssl=1&resize=525%2C300 1.5x, https:\/\/i0.wp.com\/www.gemeinsame-jugendarbeit.de\/wordpress\/wp-content\/uploads\/2024\/01\/kikiki_24-01_angepasst.jpg?fit=855%2C1200&ssl=1&resize=700%2C400 2x"},"classes":[]},{"id":3539,"url":"https:\/\/www.gemeinsame-jugendarbeit.de\/wordpress\/2022\/05\/03\/3539\/","url_meta":{"origin":1489,"position":5},"title":"Kinderbibelwoche 2022 &#8211; ein R\u00fcckblick","author":"schwarze","date":"3. Mai 2022","format":false,"excerpt":"Wie k\u00f6nnen Kinder heutzutage Jesus erleben? Nat\u00fcrlich in der Kinderbibelwoche! \u201eJesus erleben!\u201c lautete der Titel der diesj\u00e4hrigen Kinderbibelwoche in der Woche nach Ostern in Sch\u00f6tmar. Aber was haben die Geschichten vom verlorenen Schaf, die Stillung des Sturms oder das gro\u00dfe Festmahl mit den Menschen von heute zu tun? Zusammen mit\u2026","rel":"","context":"In &quot;Allgemein&quot;","block_context":{"text":"Allgemein","link":"https:\/\/www.gemeinsame-jugendarbeit.de\/wordpress\/category\/allgemein\/"},"img":{"alt_text":"","src":"https:\/\/i0.wp.com\/www.gemeinsame-jugendarbeit.de\/wordpress\/wp-content\/uploads\/2022\/05\/20220422_121414-scaled.jpg?fit=1200%2C675&ssl=1&resize=350%2C200","width":350,"height":200,"srcset":"https:\/\/i0.wp.com\/www.gemeinsame-jugendarbeit.de\/wordpress\/wp-content\/uploads\/2022\/05\/20220422_121414-scaled.jpg?fit=1200%2C675&ssl=1&resize=350%2C200 1x, https:\/\/i0.wp.com\/www.gemeinsame-jugendarbeit.de\/wordpress\/wp-content\/uploads\/2022\/05\/20220422_121414-scaled.jpg?fit=1200%2C675&ssl=1&resize=525%2C300 1.5x, https:\/\/i0.wp.com\/www.gemeinsame-jugendarbeit.de\/wordpress\/wp-content\/uploads\/2022\/05\/20220422_121414-scaled.jpg?fit=1200%2C675&ssl=1&resize=700%2C400 2x, https:\/\/i0.wp.com\/www.gemeinsame-jugendarbeit.de\/wordpress\/wp-content\/uploads\/2022\/05\/20220422_121414-scaled.jpg?fit=1200%2C675&ssl=1&resize=1050%2C600 3x"},"classes":[]}],"publishpress_future_action":{"enabled":false,"date":"2026-05-07 00:19:57","action":"change-status","newStatus":"draft","terms":[],"taxonomy":"category"},"publishpress_future_workflow_manual_trigger":{"enabledWorkflows":[]},"_links":{"self":[{"href":"https:\/\/www.gemeinsame-jugendarbeit.de\/wordpress\/wp-json\/wp\/v2\/posts\/1489"}],"collection":[{"href":"https:\/\/www.gemeinsame-jugendarbeit.de\/wordpress\/wp-json\/wp\/v2\/posts"}],"about":[{"href":"https:\/\/www.gemeinsame-jugendarbeit.de\/wordpress\/wp-json\/wp\/v2\/types\/post"}],"author":[{"embeddable":true,"href":"https:\/\/www.gemeinsame-jugendarbeit.de\/wordpress\/wp-json\/wp\/v2\/users\/1"}],"replies":[{"embeddable":true,"href":"https:\/\/www.gemeinsame-jugendarbeit.de\/wordpress\/wp-json\/wp\/v2\/comments?post=1489"}],"version-history":[{"count":8,"href":"https:\/\/www.gemeinsame-jugendarbeit.de\/wordpress\/wp-json\/wp\/v2\/posts\/1489\/revisions"}],"predecessor-version":[{"id":4694,"href":"https:\/\/www.gemeinsame-jugendarbeit.de\/wordpress\/wp-json\/wp\/v2\/posts\/1489\/revisions\/4694"}],"wp:featuredmedia":[{"embeddable":true,"href":"https:\/\/www.gemeinsame-jugendarbeit.de\/wordpress\/wp-json\/wp\/v2\/media\/4692"}],"wp:attachment":[{"href":"https:\/\/www.gemeinsame-jugendarbeit.de\/wordpress\/wp-json\/wp\/v2\/media?parent=1489"}],"wp:term":[{"taxonomy":"category","embeddable":true,"href":"https:\/\/www.gemeinsame-jugendarbeit.de\/wordpress\/wp-json\/wp\/v2\/categories?post=1489"},{"taxonomy":"post_tag","embeddable":true,"href":"https:\/\/www.gemeinsame-jugendarbeit.de\/wordpress\/wp-json\/wp\/v2\/tags?post=1489"}],"curies":[{"name":"wp","href":"https:\/\/api.w.org\/{rel}","templated":true}]}}