{"id":2529,"date":"2021-05-30T20:20:39","date_gmt":"2021-05-30T18:20:39","guid":{"rendered":"http:\/\/www.gemeinsame-jugendarbeit.de\/wordpress\/?p=2529"},"modified":"2021-05-31T11:51:29","modified_gmt":"2021-05-31T09:51:29","slug":"aber-auch-fuer-jugendliche-hat-die-neue-eis-etwas","status":"publish","type":"post","link":"https:\/\/www.gemeinsame-jugendarbeit.de\/wordpress\/2021\/05\/30\/aber-auch-fuer-jugendliche-hat-die-neue-eis-etwas\/","title":{"rendered":"Chrissy fragt nach! Kirche.plus in der neuen EIS"},"content":{"rendered":"\t\t<div data-elementor-type=\"wp-post\" data-elementor-id=\"2529\" class=\"elementor elementor-2529\">\n\t\t\t\t\t\t<section class=\"elementor-section elementor-top-section elementor-element elementor-element-68a1984f elementor-section-boxed elementor-section-height-default elementor-section-height-default\" data-id=\"68a1984f\" data-element_type=\"section\">\n\t\t\t\t\t\t<div class=\"elementor-container elementor-column-gap-default\">\n\t\t\t\t\t<div class=\"elementor-column elementor-col-100 elementor-top-column elementor-element elementor-element-1dcb8e1a\" data-id=\"1dcb8e1a\" data-element_type=\"column\">\n\t\t\t<div class=\"elementor-widget-wrap elementor-element-populated\">\n\t\t\t\t\t\t<div class=\"elementor-element elementor-element-696caf24 elementor-widget elementor-widget-text-editor\" data-id=\"696caf24\" data-element_type=\"widget\" data-widget_type=\"text-editor.default\">\n\t\t\t\t<div class=\"elementor-widget-container\">\n\t\t\t\t\t\t\t<figure><strong>Im Gemeindebrief &#8222;EIS&#8220; gibt es sehr informative Seiten f\u00fcr Jugendliche.<\/strong><\/figure><p>In der aktuellen Ausgabe fragt Chrissy Pfarrerin Flor aus Pivitsheide, was denn Kirche.plus ist und was man damit machen kann.<\/p><figure><\/figure><figure><\/figure><figure><\/figure><figure><\/figure><figure><\/figure>\t\t\t\t\t\t<\/div>\n\t\t\t\t<\/div>\n\t\t\t\t\t<\/div>\n\t\t<\/div>\n\t\t\t\t\t<\/div>\n\t\t<\/section>\n\t\t\t\t<section class=\"elementor-section elementor-top-section elementor-element elementor-element-aff9818 elementor-section-boxed elementor-section-height-default elementor-section-height-default\" data-id=\"aff9818\" data-element_type=\"section\">\n\t\t\t\t\t\t<div class=\"elementor-container elementor-column-gap-default\">\n\t\t\t\t\t<div class=\"elementor-column elementor-col-33 elementor-top-column elementor-element elementor-element-422702e\" data-id=\"422702e\" data-element_type=\"column\">\n\t\t\t<div class=\"elementor-widget-wrap elementor-element-populated\">\n\t\t\t\t\t\t<div class=\"elementor-element elementor-element-c7e03c7 elementor-widget elementor-widget-image\" data-id=\"c7e03c7\" data-element_type=\"widget\" data-widget_type=\"image.default\">\n\t\t\t\t<div class=\"elementor-widget-container\">\n\t\t\t\t\t\t\t\t\t\t\t\t\t\t<a href=\"https:\/\/i0.wp.com\/www.gemeinsame-jugendarbeit.de\/wordpress\/wp-content\/uploads\/2021\/05\/EIS_225_27.jpg?ssl=1\" data-elementor-open-lightbox=\"yes\" data-elementor-lightbox-title=\"EIS_225_27\" data-e-action-hash=\"#elementor-action%3Aaction%3Dlightbox%26settings%3DeyJpZCI6MzAxOCwidXJsIjoiaHR0cHM6XC9cL3d3dy5nZW1laW5zYW1lLWp1Z2VuZGFyYmVpdC5kZVwvd29yZHByZXNzXC93cC1jb250ZW50XC91cGxvYWRzXC8yMDIxXC8wNVwvRUlTXzIyNV8yNy5qcGcifQ%3D%3D\">\n\t\t\t\t\t\t\t<img data-attachment-id=\"3018\" data-permalink=\"https:\/\/www.gemeinsame-jugendarbeit.de\/wordpress\/eis_225_27\/\" data-orig-file=\"https:\/\/i0.wp.com\/www.gemeinsame-jugendarbeit.de\/wordpress\/wp-content\/uploads\/2021\/05\/EIS_225_27.jpg?fit=633%2C902&amp;ssl=1\" data-orig-size=\"633,902\" data-comments-opened=\"0\" data-image-meta=\"{&quot;aperture&quot;:&quot;0&quot;,&quot;credit&quot;:&quot;acer&quot;,&quot;camera&quot;:&quot;&quot;,&quot;caption&quot;:&quot;&quot;,&quot;created_timestamp&quot;:&quot;1622461028&quot;,&quot;copyright&quot;:&quot;&quot;,&quot;focal_length&quot;:&quot;0&quot;,&quot;iso&quot;:&quot;0&quot;,&quot;shutter_speed&quot;:&quot;0&quot;,&quot;title&quot;:&quot;&quot;,&quot;orientation&quot;:&quot;0&quot;}\" data-image-title=\"EIS_225_27\" data-image-description=\"\" data-image-caption=\"\" data-medium-file=\"https:\/\/i0.wp.com\/www.gemeinsame-jugendarbeit.de\/wordpress\/wp-content\/uploads\/2021\/05\/EIS_225_27.jpg?fit=211%2C300&amp;ssl=1\" data-large-file=\"https:\/\/i0.wp.com\/www.gemeinsame-jugendarbeit.de\/wordpress\/wp-content\/uploads\/2021\/05\/EIS_225_27.jpg?fit=633%2C902&amp;ssl=1\" fetchpriority=\"high\" decoding=\"async\" width=\"633\" height=\"902\" src=\"https:\/\/i0.wp.com\/www.gemeinsame-jugendarbeit.de\/wordpress\/wp-content\/uploads\/2021\/05\/EIS_225_27.jpg?fit=633%2C902&amp;ssl=1\" class=\"attachment-large size-large wp-image-3018\" alt=\"\" srcset=\"https:\/\/i0.wp.com\/www.gemeinsame-jugendarbeit.de\/wordpress\/wp-content\/uploads\/2021\/05\/EIS_225_27.jpg?w=633&amp;ssl=1 633w, https:\/\/i0.wp.com\/www.gemeinsame-jugendarbeit.de\/wordpress\/wp-content\/uploads\/2021\/05\/EIS_225_27.jpg?resize=211%2C300&amp;ssl=1 211w\" sizes=\"(max-width: 633px) 100vw, 633px\" data-attachment-id=\"3018\" data-permalink=\"https:\/\/www.gemeinsame-jugendarbeit.de\/wordpress\/eis_225_27\/\" data-orig-file=\"https:\/\/i0.wp.com\/www.gemeinsame-jugendarbeit.de\/wordpress\/wp-content\/uploads\/2021\/05\/EIS_225_27.jpg?fit=633%2C902&amp;ssl=1\" data-orig-size=\"633,902\" data-comments-opened=\"0\" data-image-meta=\"{&quot;aperture&quot;:&quot;0&quot;,&quot;credit&quot;:&quot;acer&quot;,&quot;camera&quot;:&quot;&quot;,&quot;caption&quot;:&quot;&quot;,&quot;created_timestamp&quot;:&quot;1622461028&quot;,&quot;copyright&quot;:&quot;&quot;,&quot;focal_length&quot;:&quot;0&quot;,&quot;iso&quot;:&quot;0&quot;,&quot;shutter_speed&quot;:&quot;0&quot;,&quot;title&quot;:&quot;&quot;,&quot;orientation&quot;:&quot;0&quot;}\" data-image-title=\"EIS_225_27\" data-image-description=\"\" data-image-caption=\"\" data-medium-file=\"https:\/\/i0.wp.com\/www.gemeinsame-jugendarbeit.de\/wordpress\/wp-content\/uploads\/2021\/05\/EIS_225_27.jpg?fit=211%2C300&amp;ssl=1\" data-large-file=\"https:\/\/i0.wp.com\/www.gemeinsame-jugendarbeit.de\/wordpress\/wp-content\/uploads\/2021\/05\/EIS_225_27.jpg?fit=633%2C902&amp;ssl=1\" \/>\t\t\t\t\t\t\t\t<\/a>\n\t\t\t\t\t\t\t\t\t\t\t\t\t<\/div>\n\t\t\t\t<\/div>\n\t\t\t\t\t<\/div>\n\t\t<\/div>\n\t\t\t\t<div class=\"elementor-column elementor-col-33 elementor-top-column elementor-element elementor-element-390581a\" data-id=\"390581a\" data-element_type=\"column\">\n\t\t\t<div class=\"elementor-widget-wrap elementor-element-populated\">\n\t\t\t\t\t\t<div class=\"elementor-element elementor-element-ef31a1a elementor-widget elementor-widget-image\" data-id=\"ef31a1a\" data-element_type=\"widget\" data-widget_type=\"image.default\">\n\t\t\t\t<div class=\"elementor-widget-container\">\n\t\t\t\t\t\t\t\t\t\t\t\t\t\t<a href=\"https:\/\/i0.wp.com\/www.gemeinsame-jugendarbeit.de\/wordpress\/wp-content\/uploads\/2021\/05\/EIS_225_28.jpg?ssl=1\" data-elementor-open-lightbox=\"yes\" data-elementor-lightbox-title=\"EIS_225_28\" data-e-action-hash=\"#elementor-action%3Aaction%3Dlightbox%26settings%3DeyJpZCI6MzAxOSwidXJsIjoiaHR0cHM6XC9cL3d3dy5nZW1laW5zYW1lLWp1Z2VuZGFyYmVpdC5kZVwvd29yZHByZXNzXC93cC1jb250ZW50XC91cGxvYWRzXC8yMDIxXC8wNVwvRUlTXzIyNV8yOC5qcGcifQ%3D%3D\">\n\t\t\t\t\t\t\t<img data-attachment-id=\"3019\" data-permalink=\"https:\/\/www.gemeinsame-jugendarbeit.de\/wordpress\/eis_225_28\/\" data-orig-file=\"https:\/\/i0.wp.com\/www.gemeinsame-jugendarbeit.de\/wordpress\/wp-content\/uploads\/2021\/05\/EIS_225_28.jpg?fit=632%2C903&amp;ssl=1\" data-orig-size=\"632,903\" data-comments-opened=\"0\" data-image-meta=\"{&quot;aperture&quot;:&quot;0&quot;,&quot;credit&quot;:&quot;acer&quot;,&quot;camera&quot;:&quot;&quot;,&quot;caption&quot;:&quot;&quot;,&quot;created_timestamp&quot;:&quot;1622460988&quot;,&quot;copyright&quot;:&quot;&quot;,&quot;focal_length&quot;:&quot;0&quot;,&quot;iso&quot;:&quot;0&quot;,&quot;shutter_speed&quot;:&quot;0&quot;,&quot;title&quot;:&quot;&quot;,&quot;orientation&quot;:&quot;0&quot;}\" data-image-title=\"EIS_225_28\" data-image-description=\"\" data-image-caption=\"\" data-medium-file=\"https:\/\/i0.wp.com\/www.gemeinsame-jugendarbeit.de\/wordpress\/wp-content\/uploads\/2021\/05\/EIS_225_28.jpg?fit=210%2C300&amp;ssl=1\" data-large-file=\"https:\/\/i0.wp.com\/www.gemeinsame-jugendarbeit.de\/wordpress\/wp-content\/uploads\/2021\/05\/EIS_225_28.jpg?fit=632%2C903&amp;ssl=1\" decoding=\"async\" width=\"632\" height=\"903\" src=\"https:\/\/i0.wp.com\/www.gemeinsame-jugendarbeit.de\/wordpress\/wp-content\/uploads\/2021\/05\/EIS_225_28.jpg?fit=632%2C903&amp;ssl=1\" class=\"attachment-large size-large wp-image-3019\" alt=\"\" srcset=\"https:\/\/i0.wp.com\/www.gemeinsame-jugendarbeit.de\/wordpress\/wp-content\/uploads\/2021\/05\/EIS_225_28.jpg?w=632&amp;ssl=1 632w, https:\/\/i0.wp.com\/www.gemeinsame-jugendarbeit.de\/wordpress\/wp-content\/uploads\/2021\/05\/EIS_225_28.jpg?resize=210%2C300&amp;ssl=1 210w\" sizes=\"(max-width: 632px) 100vw, 632px\" data-attachment-id=\"3019\" data-permalink=\"https:\/\/www.gemeinsame-jugendarbeit.de\/wordpress\/eis_225_28\/\" data-orig-file=\"https:\/\/i0.wp.com\/www.gemeinsame-jugendarbeit.de\/wordpress\/wp-content\/uploads\/2021\/05\/EIS_225_28.jpg?fit=632%2C903&amp;ssl=1\" data-orig-size=\"632,903\" data-comments-opened=\"0\" data-image-meta=\"{&quot;aperture&quot;:&quot;0&quot;,&quot;credit&quot;:&quot;acer&quot;,&quot;camera&quot;:&quot;&quot;,&quot;caption&quot;:&quot;&quot;,&quot;created_timestamp&quot;:&quot;1622460988&quot;,&quot;copyright&quot;:&quot;&quot;,&quot;focal_length&quot;:&quot;0&quot;,&quot;iso&quot;:&quot;0&quot;,&quot;shutter_speed&quot;:&quot;0&quot;,&quot;title&quot;:&quot;&quot;,&quot;orientation&quot;:&quot;0&quot;}\" data-image-title=\"EIS_225_28\" data-image-description=\"\" data-image-caption=\"\" data-medium-file=\"https:\/\/i0.wp.com\/www.gemeinsame-jugendarbeit.de\/wordpress\/wp-content\/uploads\/2021\/05\/EIS_225_28.jpg?fit=210%2C300&amp;ssl=1\" data-large-file=\"https:\/\/i0.wp.com\/www.gemeinsame-jugendarbeit.de\/wordpress\/wp-content\/uploads\/2021\/05\/EIS_225_28.jpg?fit=632%2C903&amp;ssl=1\" \/>\t\t\t\t\t\t\t\t<\/a>\n\t\t\t\t\t\t\t\t\t\t\t\t\t<\/div>\n\t\t\t\t<\/div>\n\t\t\t\t\t<\/div>\n\t\t<\/div>\n\t\t\t\t<div class=\"elementor-column elementor-col-33 elementor-top-column elementor-element elementor-element-0bf446e\" data-id=\"0bf446e\" data-element_type=\"column\">\n\t\t\t<div class=\"elementor-widget-wrap elementor-element-populated\">\n\t\t\t\t\t\t<div class=\"elementor-element elementor-element-e67b114 elementor-widget elementor-widget-image\" data-id=\"e67b114\" data-element_type=\"widget\" data-widget_type=\"image.default\">\n\t\t\t\t<div class=\"elementor-widget-container\">\n\t\t\t\t\t\t\t\t\t\t\t\t\t\t<a href=\"https:\/\/i0.wp.com\/www.gemeinsame-jugendarbeit.de\/wordpress\/wp-content\/uploads\/2021\/05\/EIS_225_29.jpg?ssl=1\" data-elementor-open-lightbox=\"yes\" data-elementor-lightbox-title=\"EIS_225_29\" data-e-action-hash=\"#elementor-action%3Aaction%3Dlightbox%26settings%3DeyJpZCI6MzAyMCwidXJsIjoiaHR0cHM6XC9cL3d3dy5nZW1laW5zYW1lLWp1Z2VuZGFyYmVpdC5kZVwvd29yZHByZXNzXC93cC1jb250ZW50XC91cGxvYWRzXC8yMDIxXC8wNVwvRUlTXzIyNV8yOS5qcGcifQ%3D%3D\">\n\t\t\t\t\t\t\t<img data-attachment-id=\"3020\" data-permalink=\"https:\/\/www.gemeinsame-jugendarbeit.de\/wordpress\/eis_225_29\/\" data-orig-file=\"https:\/\/i0.wp.com\/www.gemeinsame-jugendarbeit.de\/wordpress\/wp-content\/uploads\/2021\/05\/EIS_225_29.jpg?fit=639%2C905&amp;ssl=1\" data-orig-size=\"639,905\" data-comments-opened=\"0\" data-image-meta=\"{&quot;aperture&quot;:&quot;0&quot;,&quot;credit&quot;:&quot;acer&quot;,&quot;camera&quot;:&quot;&quot;,&quot;caption&quot;:&quot;&quot;,&quot;created_timestamp&quot;:&quot;0&quot;,&quot;copyright&quot;:&quot;&quot;,&quot;focal_length&quot;:&quot;0&quot;,&quot;iso&quot;:&quot;0&quot;,&quot;shutter_speed&quot;:&quot;0&quot;,&quot;title&quot;:&quot;&quot;,&quot;orientation&quot;:&quot;0&quot;}\" data-image-title=\"EIS_225_29\" data-image-description=\"\" data-image-caption=\"\" data-medium-file=\"https:\/\/i0.wp.com\/www.gemeinsame-jugendarbeit.de\/wordpress\/wp-content\/uploads\/2021\/05\/EIS_225_29.jpg?fit=212%2C300&amp;ssl=1\" data-large-file=\"https:\/\/i0.wp.com\/www.gemeinsame-jugendarbeit.de\/wordpress\/wp-content\/uploads\/2021\/05\/EIS_225_29.jpg?fit=639%2C905&amp;ssl=1\" decoding=\"async\" width=\"639\" height=\"905\" src=\"https:\/\/i0.wp.com\/www.gemeinsame-jugendarbeit.de\/wordpress\/wp-content\/uploads\/2021\/05\/EIS_225_29.jpg?fit=639%2C905&amp;ssl=1\" class=\"attachment-large size-large wp-image-3020\" alt=\"\" srcset=\"https:\/\/i0.wp.com\/www.gemeinsame-jugendarbeit.de\/wordpress\/wp-content\/uploads\/2021\/05\/EIS_225_29.jpg?w=639&amp;ssl=1 639w, https:\/\/i0.wp.com\/www.gemeinsame-jugendarbeit.de\/wordpress\/wp-content\/uploads\/2021\/05\/EIS_225_29.jpg?resize=212%2C300&amp;ssl=1 212w\" sizes=\"(max-width: 639px) 100vw, 639px\" data-attachment-id=\"3020\" data-permalink=\"https:\/\/www.gemeinsame-jugendarbeit.de\/wordpress\/eis_225_29\/\" data-orig-file=\"https:\/\/i0.wp.com\/www.gemeinsame-jugendarbeit.de\/wordpress\/wp-content\/uploads\/2021\/05\/EIS_225_29.jpg?fit=639%2C905&amp;ssl=1\" data-orig-size=\"639,905\" data-comments-opened=\"0\" data-image-meta=\"{&quot;aperture&quot;:&quot;0&quot;,&quot;credit&quot;:&quot;acer&quot;,&quot;camera&quot;:&quot;&quot;,&quot;caption&quot;:&quot;&quot;,&quot;created_timestamp&quot;:&quot;0&quot;,&quot;copyright&quot;:&quot;&quot;,&quot;focal_length&quot;:&quot;0&quot;,&quot;iso&quot;:&quot;0&quot;,&quot;shutter_speed&quot;:&quot;0&quot;,&quot;title&quot;:&quot;&quot;,&quot;orientation&quot;:&quot;0&quot;}\" data-image-title=\"EIS_225_29\" data-image-description=\"\" data-image-caption=\"\" data-medium-file=\"https:\/\/i0.wp.com\/www.gemeinsame-jugendarbeit.de\/wordpress\/wp-content\/uploads\/2021\/05\/EIS_225_29.jpg?fit=212%2C300&amp;ssl=1\" data-large-file=\"https:\/\/i0.wp.com\/www.gemeinsame-jugendarbeit.de\/wordpress\/wp-content\/uploads\/2021\/05\/EIS_225_29.jpg?fit=639%2C905&amp;ssl=1\" \/>\t\t\t\t\t\t\t\t<\/a>\n\t\t\t\t\t\t\t\t\t\t\t\t\t<\/div>\n\t\t\t\t<\/div>\n\t\t\t\t\t<\/div>\n\t\t<\/div>\n\t\t\t\t\t<\/div>\n\t\t<\/section>\n\t\t\t\t<section class=\"elementor-section elementor-top-section elementor-element elementor-element-8bfa741 elementor-section-boxed elementor-section-height-default elementor-section-height-default\" data-id=\"8bfa741\" data-element_type=\"section\">\n\t\t\t\t\t\t<div class=\"elementor-container elementor-column-gap-default\">\n\t\t\t\t\t<div class=\"elementor-column elementor-col-100 elementor-top-column elementor-element elementor-element-b15bd86\" data-id=\"b15bd86\" data-element_type=\"column\">\n\t\t\t<div class=\"elementor-widget-wrap elementor-element-populated\">\n\t\t\t\t\t\t<div class=\"elementor-element elementor-element-e142b1e elementor-widget elementor-widget-spacer\" data-id=\"e142b1e\" data-element_type=\"widget\" data-widget_type=\"spacer.default\">\n\t\t\t\t<div class=\"elementor-widget-container\">\n\t\t\t\t\t<div class=\"elementor-spacer\">\n\t\t\t<div class=\"elementor-spacer-inner\"><\/div>\n\t\t<\/div>\n\t\t\t\t<\/div>\n\t\t\t\t<\/div>\n\t\t\t\t\t<\/div>\n\t\t<\/div>\n\t\t\t\t\t<\/div>\n\t\t<\/section>\n\t\t\t\t<section class=\"elementor-section elementor-top-section elementor-element elementor-element-348d4a1 elementor-section-boxed elementor-section-height-default elementor-section-height-default\" data-id=\"348d4a1\" data-element_type=\"section\">\n\t\t\t\t\t\t<div class=\"elementor-container elementor-column-gap-default\">\n\t\t\t\t\t<div class=\"elementor-column elementor-col-100 elementor-top-column elementor-element elementor-element-4b89a79\" data-id=\"4b89a79\" data-element_type=\"column\">\n\t\t\t<div class=\"elementor-widget-wrap elementor-element-populated\">\n\t\t\t\t\t\t<div class=\"elementor-element elementor-element-0a106ee elementor-widget elementor-widget-heading\" data-id=\"0a106ee\" data-element_type=\"widget\" data-widget_type=\"heading.default\">\n\t\t\t\t<div class=\"elementor-widget-container\">\n\t\t\t<h2 class=\"elementor-heading-title elementor-size-default\">In der neuen EIS stehen aber noch mehr interessante Infos drin. Klick mal rein ...<\/h2>\t\t<\/div>\n\t\t\t\t<\/div>\n\t\t\t\t\t<\/div>\n\t\t<\/div>\n\t\t\t\t\t<\/div>\n\t\t<\/section>\n\t\t\t\t<section class=\"elementor-section elementor-top-section elementor-element elementor-element-c2c0fcf elementor-section-boxed elementor-section-height-default elementor-section-height-default\" data-id=\"c2c0fcf\" data-element_type=\"section\">\n\t\t\t\t\t\t<div class=\"elementor-container elementor-column-gap-default\">\n\t\t\t\t\t<div class=\"elementor-column elementor-col-100 elementor-top-column elementor-element elementor-element-82aeac2\" data-id=\"82aeac2\" data-element_type=\"column\">\n\t\t\t<div class=\"elementor-widget-wrap elementor-element-populated\">\n\t\t\t\t\t\t<div class=\"elementor-element elementor-element-2a15f0d elementor-widget elementor-widget-image\" data-id=\"2a15f0d\" data-element_type=\"widget\" data-widget_type=\"image.default\">\n\t\t\t\t<div class=\"elementor-widget-container\">\n\t\t\t\t\t\t\t\t\t\t\t\t\t\t<a href=\"https:\/\/www.kirche-schoetmar.de\/gemeindemagazin-eis\/\">\n\t\t\t\t\t\t\t<img data-attachment-id=\"3027\" data-permalink=\"https:\/\/www.gemeinsame-jugendarbeit.de\/wordpress\/eis_225_1\/\" data-orig-file=\"https:\/\/i0.wp.com\/www.gemeinsame-jugendarbeit.de\/wordpress\/wp-content\/uploads\/2021\/05\/EIS_225_1.jpg?fit=636%2C907&amp;ssl=1\" data-orig-size=\"636,907\" data-comments-opened=\"0\" data-image-meta=\"{&quot;aperture&quot;:&quot;0&quot;,&quot;credit&quot;:&quot;acer&quot;,&quot;camera&quot;:&quot;&quot;,&quot;caption&quot;:&quot;&quot;,&quot;created_timestamp&quot;:&quot;1622461458&quot;,&quot;copyright&quot;:&quot;&quot;,&quot;focal_length&quot;:&quot;0&quot;,&quot;iso&quot;:&quot;0&quot;,&quot;shutter_speed&quot;:&quot;0&quot;,&quot;title&quot;:&quot;&quot;,&quot;orientation&quot;:&quot;0&quot;}\" data-image-title=\"EIS_225_1\" data-image-description=\"\" data-image-caption=\"\" data-medium-file=\"https:\/\/i0.wp.com\/www.gemeinsame-jugendarbeit.de\/wordpress\/wp-content\/uploads\/2021\/05\/EIS_225_1.jpg?fit=210%2C300&amp;ssl=1\" data-large-file=\"https:\/\/i0.wp.com\/www.gemeinsame-jugendarbeit.de\/wordpress\/wp-content\/uploads\/2021\/05\/EIS_225_1.jpg?fit=636%2C907&amp;ssl=1\" loading=\"lazy\" decoding=\"async\" width=\"636\" height=\"907\" src=\"https:\/\/i0.wp.com\/www.gemeinsame-jugendarbeit.de\/wordpress\/wp-content\/uploads\/2021\/05\/EIS_225_1.jpg?fit=636%2C907&amp;ssl=1\" class=\"attachment-large size-large wp-image-3027\" alt=\"\" srcset=\"https:\/\/i0.wp.com\/www.gemeinsame-jugendarbeit.de\/wordpress\/wp-content\/uploads\/2021\/05\/EIS_225_1.jpg?w=636&amp;ssl=1 636w, https:\/\/i0.wp.com\/www.gemeinsame-jugendarbeit.de\/wordpress\/wp-content\/uploads\/2021\/05\/EIS_225_1.jpg?resize=210%2C300&amp;ssl=1 210w\" sizes=\"(max-width: 636px) 100vw, 636px\" data-attachment-id=\"3027\" data-permalink=\"https:\/\/www.gemeinsame-jugendarbeit.de\/wordpress\/eis_225_1\/\" data-orig-file=\"https:\/\/i0.wp.com\/www.gemeinsame-jugendarbeit.de\/wordpress\/wp-content\/uploads\/2021\/05\/EIS_225_1.jpg?fit=636%2C907&amp;ssl=1\" data-orig-size=\"636,907\" data-comments-opened=\"0\" data-image-meta=\"{&quot;aperture&quot;:&quot;0&quot;,&quot;credit&quot;:&quot;acer&quot;,&quot;camera&quot;:&quot;&quot;,&quot;caption&quot;:&quot;&quot;,&quot;created_timestamp&quot;:&quot;1622461458&quot;,&quot;copyright&quot;:&quot;&quot;,&quot;focal_length&quot;:&quot;0&quot;,&quot;iso&quot;:&quot;0&quot;,&quot;shutter_speed&quot;:&quot;0&quot;,&quot;title&quot;:&quot;&quot;,&quot;orientation&quot;:&quot;0&quot;}\" data-image-title=\"EIS_225_1\" data-image-description=\"\" data-image-caption=\"\" data-medium-file=\"https:\/\/i0.wp.com\/www.gemeinsame-jugendarbeit.de\/wordpress\/wp-content\/uploads\/2021\/05\/EIS_225_1.jpg?fit=210%2C300&amp;ssl=1\" data-large-file=\"https:\/\/i0.wp.com\/www.gemeinsame-jugendarbeit.de\/wordpress\/wp-content\/uploads\/2021\/05\/EIS_225_1.jpg?fit=636%2C907&amp;ssl=1\" \/>\t\t\t\t\t\t\t\t<\/a>\n\t\t\t\t\t\t\t\t\t\t\t\t\t<\/div>\n\t\t\t\t<\/div>\n\t\t\t\t\t<\/div>\n\t\t<\/div>\n\t\t\t\t\t<\/div>\n\t\t<\/section>\n\t\t\t\t<\/div>\n\t\t","protected":false},"excerpt":{"rendered":"<p>Im Gemeindebrief &#8222;EIS&#8220; gibt es sehr informative Seiten f\u00fcr Jugendliche. In der aktuellen Ausgabe fragt Chrissy Pfarrerin Flor aus Pivitsheide, was denn Kirche.plus ist und was man damit machen kann&#8230;. <\/p>\n<div class=\"link-more\"><a href=\"https:\/\/www.gemeinsame-jugendarbeit.de\/wordpress\/2021\/05\/30\/aber-auch-fuer-jugendliche-hat-die-neue-eis-etwas\/\">Weiterlesen<\/a><\/div>\n","protected":false},"author":1,"featured_media":3018,"comment_status":"closed","ping_status":"closed","sticky":false,"template":"","format":"standard","meta":{"ngg_post_thumbnail":0,"_jetpack_newsletter_access":""},"categories":[1],"tags":[],"jetpack_featured_media_url":"https:\/\/i0.wp.com\/www.gemeinsame-jugendarbeit.de\/wordpress\/wp-content\/uploads\/2021\/05\/EIS_225_27.jpg?fit=633%2C902&ssl=1","jetpack_sharing_enabled":true,"jetpack_shortlink":"https:\/\/wp.me\/p8sCNj-EN","jetpack-related-posts":[{"id":5068,"url":"https:\/\/www.gemeinsame-jugendarbeit.de\/wordpress\/2025\/07\/26\/kirche-und-politik-geht-das-chrissy-fragt-nach\/","url_meta":{"origin":2529,"position":0},"title":"Kirche und Politik geht das? Chrissy fragt nach &#8230;","author":"schwarze","date":"26. Juli 2025","format":false,"excerpt":"Chrissy hat mit Tim Alexander gequatscht. Tim macht Politik im Stadtrat von Bad Salzuflen \u2013 und ganz nebenbei arbeitet er auch noch ehrenamtlich in der ev.-ref. Kirchengemeinde in Sch\u00f6tmar mit.Geht das \u00fcberhaupt zusammen? Das sind zwei Seiten aus dem informativen Gemeindemagazin \u201eEiS\u201c, dem Magazin der evangelischen Kirchengemeinden Sch\u00f6tmars. EiS online\u2026","rel":"","context":"In &quot;Allgemein&quot;","block_context":{"text":"Allgemein","link":"https:\/\/www.gemeinsame-jugendarbeit.de\/wordpress\/category\/allgemein\/"},"img":{"alt_text":"","src":"https:\/\/i0.wp.com\/www.gemeinsame-jugendarbeit.de\/wordpress\/wp-content\/uploads\/2025\/11\/IMG_4584.JPG2_.jpg?fit=849%2C1200&ssl=1&resize=350%2C200","width":350,"height":200,"srcset":"https:\/\/i0.wp.com\/www.gemeinsame-jugendarbeit.de\/wordpress\/wp-content\/uploads\/2025\/11\/IMG_4584.JPG2_.jpg?fit=849%2C1200&ssl=1&resize=350%2C200 1x, https:\/\/i0.wp.com\/www.gemeinsame-jugendarbeit.de\/wordpress\/wp-content\/uploads\/2025\/11\/IMG_4584.JPG2_.jpg?fit=849%2C1200&ssl=1&resize=525%2C300 1.5x, https:\/\/i0.wp.com\/www.gemeinsame-jugendarbeit.de\/wordpress\/wp-content\/uploads\/2025\/11\/IMG_4584.JPG2_.jpg?fit=849%2C1200&ssl=1&resize=700%2C400 2x"},"classes":[]},{"id":3622,"url":"https:\/\/www.gemeinsame-jugendarbeit.de\/wordpress\/2022\/06\/04\/eis-aktuell-chrissy-fragt-beim-quartiersmanagement-nach\/","url_meta":{"origin":2529,"position":1},"title":"EiS aktuell: Chrissy fragt beim Quartiersmanagement nach","author":"schwarze","date":"4. Juni 2022","format":false,"excerpt":"F\u00fcr die aktuelle EiS (das Gemeindemagazin Evangelisch in Sch\u00f6tmar) hat Chrissy dieses Mal beim Quartiermanagement in Sch\u00f6tmar nachgefragt. Du hast noch nichts vom Quartiersmanagement geh\u00f6rt? So geht es bestimmt vielen Leuten in Sch\u00f6tmar. Dabei ist es total spannend, wer das alles ist, was die so machen und wie Sch\u00f6tmar dadurch\u2026","rel":"","context":"In &quot;Allgemein&quot;","block_context":{"text":"Allgemein","link":"https:\/\/www.gemeinsame-jugendarbeit.de\/wordpress\/category\/allgemein\/"},"img":{"alt_text":"","src":"https:\/\/i0.wp.com\/www.gemeinsame-jugendarbeit.de\/wordpress\/wp-content\/uploads\/2022\/07\/EIS_Ausgabe-229_28-29.jpg?fit=1200%2C851&ssl=1&resize=350%2C200","width":350,"height":200,"srcset":"https:\/\/i0.wp.com\/www.gemeinsame-jugendarbeit.de\/wordpress\/wp-content\/uploads\/2022\/07\/EIS_Ausgabe-229_28-29.jpg?fit=1200%2C851&ssl=1&resize=350%2C200 1x, https:\/\/i0.wp.com\/www.gemeinsame-jugendarbeit.de\/wordpress\/wp-content\/uploads\/2022\/07\/EIS_Ausgabe-229_28-29.jpg?fit=1200%2C851&ssl=1&resize=525%2C300 1.5x, https:\/\/i0.wp.com\/www.gemeinsame-jugendarbeit.de\/wordpress\/wp-content\/uploads\/2022\/07\/EIS_Ausgabe-229_28-29.jpg?fit=1200%2C851&ssl=1&resize=700%2C400 2x, https:\/\/i0.wp.com\/www.gemeinsame-jugendarbeit.de\/wordpress\/wp-content\/uploads\/2022\/07\/EIS_Ausgabe-229_28-29.jpg?fit=1200%2C851&ssl=1&resize=1050%2C600 3x"},"classes":[]},{"id":3523,"url":"https:\/\/www.gemeinsame-jugendarbeit.de\/wordpress\/2022\/04\/02\/heisses-eisen-in-der-eis-mobbing\/","url_meta":{"origin":2529,"position":2},"title":"Hei\u00dfes Eisen in der EIS &#8211; Mobbing","author":"schwarze","date":"2. April 2022","format":false,"excerpt":"Chrissy hat in der aktuellen EIS ein sehr wichtiges Thema angesprochen - Mobbing. Und sie hat eindeutig Stellung dazu bezogen: Mobbing - GEHT GAR NICHT! Aber lest selbst: Chrissy findet, dass Mobbing ein Problem ist und offen angesprochen werden muss. Hier kannst Du Dich \u00fcber die Links weiter mit dem\u2026","rel":"","context":"In &quot;Allgemein&quot;","block_context":{"text":"Allgemein","link":"https:\/\/www.gemeinsame-jugendarbeit.de\/wordpress\/category\/allgemein\/"},"img":{"alt_text":"","src":"https:\/\/i0.wp.com\/www.gemeinsame-jugendarbeit.de\/wordpress\/wp-content\/uploads\/2022\/04\/EIS_Ausgabe-228_online_teaser_web.jpg?fit=931%2C586&ssl=1&resize=350%2C200","width":350,"height":200,"srcset":"https:\/\/i0.wp.com\/www.gemeinsame-jugendarbeit.de\/wordpress\/wp-content\/uploads\/2022\/04\/EIS_Ausgabe-228_online_teaser_web.jpg?fit=931%2C586&ssl=1&resize=350%2C200 1x, https:\/\/i0.wp.com\/www.gemeinsame-jugendarbeit.de\/wordpress\/wp-content\/uploads\/2022\/04\/EIS_Ausgabe-228_online_teaser_web.jpg?fit=931%2C586&ssl=1&resize=525%2C300 1.5x, https:\/\/i0.wp.com\/www.gemeinsame-jugendarbeit.de\/wordpress\/wp-content\/uploads\/2022\/04\/EIS_Ausgabe-228_online_teaser_web.jpg?fit=931%2C586&ssl=1&resize=700%2C400 2x"},"classes":[]},{"id":3937,"url":"https:\/\/www.gemeinsame-jugendarbeit.de\/wordpress\/2023\/03\/01\/chrissy-bleibt-am-ball\/","url_meta":{"origin":2529,"position":3},"title":"Chrissy bleibt am Ball&#8230;","author":"schwarze","date":"1. M\u00e4rz 2023","format":false,"excerpt":"Chrissy hat in der Herbstausgabe des Gemeindemagazins EiS (Nr. 230) einiges zum Thema Umwelt- und Naturschutz herausgefunden. Aber es ist immer ganz einfach in die Welt zu schauen. Deshalb hat sie sich in der reformierten Kirchengemeinde der Kilianskirche erkundigt, wie dann dort mit dem Thema Umweltschutz umgegangen wird. Das es\u2026","rel":"","context":"In &quot;Allgemein&quot;","block_context":{"text":"Allgemein","link":"https:\/\/www.gemeinsame-jugendarbeit.de\/wordpress\/category\/allgemein\/"},"img":{"alt_text":"","src":"https:\/\/i0.wp.com\/www.gemeinsame-jugendarbeit.de\/wordpress\/wp-content\/uploads\/2023\/03\/EIS_Ausgabe-232_Seite-36_37_Chrissy.jpg?fit=1200%2C851&ssl=1&resize=350%2C200","width":350,"height":200,"srcset":"https:\/\/i0.wp.com\/www.gemeinsame-jugendarbeit.de\/wordpress\/wp-content\/uploads\/2023\/03\/EIS_Ausgabe-232_Seite-36_37_Chrissy.jpg?fit=1200%2C851&ssl=1&resize=350%2C200 1x, https:\/\/i0.wp.com\/www.gemeinsame-jugendarbeit.de\/wordpress\/wp-content\/uploads\/2023\/03\/EIS_Ausgabe-232_Seite-36_37_Chrissy.jpg?fit=1200%2C851&ssl=1&resize=525%2C300 1.5x, https:\/\/i0.wp.com\/www.gemeinsame-jugendarbeit.de\/wordpress\/wp-content\/uploads\/2023\/03\/EIS_Ausgabe-232_Seite-36_37_Chrissy.jpg?fit=1200%2C851&ssl=1&resize=700%2C400 2x, https:\/\/i0.wp.com\/www.gemeinsame-jugendarbeit.de\/wordpress\/wp-content\/uploads\/2023\/03\/EIS_Ausgabe-232_Seite-36_37_Chrissy.jpg?fit=1200%2C851&ssl=1&resize=1050%2C600 3x"},"classes":[]},{"id":4520,"url":"https:\/\/www.gemeinsame-jugendarbeit.de\/wordpress\/2024\/05\/26\/ku37-chrissy-hakt-nach\/","url_meta":{"origin":2529,"position":4},"title":"KU3+7 &#8211; Chrissy hat da noch ein paar Fragen!","author":"schwarze","date":"26. Mai 2024","format":false,"excerpt":"","rel":"","context":"In &quot;Allgemein&quot;","block_context":{"text":"Allgemein","link":"https:\/\/www.gemeinsame-jugendarbeit.de\/wordpress\/category\/allgemein\/"},"img":{"alt_text":"","src":"https:\/\/i0.wp.com\/www.gemeinsame-jugendarbeit.de\/wordpress\/wp-content\/uploads\/2024\/06\/EIS_Ausgabe-237.jpg?fit=1200%2C851&ssl=1&resize=350%2C200","width":350,"height":200,"srcset":"https:\/\/i0.wp.com\/www.gemeinsame-jugendarbeit.de\/wordpress\/wp-content\/uploads\/2024\/06\/EIS_Ausgabe-237.jpg?fit=1200%2C851&ssl=1&resize=350%2C200 1x, https:\/\/i0.wp.com\/www.gemeinsame-jugendarbeit.de\/wordpress\/wp-content\/uploads\/2024\/06\/EIS_Ausgabe-237.jpg?fit=1200%2C851&ssl=1&resize=525%2C300 1.5x, https:\/\/i0.wp.com\/www.gemeinsame-jugendarbeit.de\/wordpress\/wp-content\/uploads\/2024\/06\/EIS_Ausgabe-237.jpg?fit=1200%2C851&ssl=1&resize=700%2C400 2x, https:\/\/i0.wp.com\/www.gemeinsame-jugendarbeit.de\/wordpress\/wp-content\/uploads\/2024\/06\/EIS_Ausgabe-237.jpg?fit=1200%2C851&ssl=1&resize=1050%2C600 3x"},"classes":[]},{"id":5061,"url":"https:\/\/www.gemeinsame-jugendarbeit.de\/wordpress\/2025\/11\/26\/chrissy-interviewt-uta-singer\/","url_meta":{"origin":2529,"position":5},"title":"Musik, die ber\u00fchrt  &#8211; Chrissy interviewt Kantorin Uta Singer","author":"schwarze","date":"26. November 2025","format":false,"excerpt":"Das sind zwei Seiten aus dem informativen Gemeindemagazin \"EiS\", dem Magazin der evangelischen Kirchengemeinden Sch\u00f6tmars. Zur Onlineausgabe Musik, die ber\u00fchrt \u2013 und manchmal auch freche Knaben braucht Stell dir vor: Du sitzt im Gottesdienst \u2013 und pl\u00f6tzlich kommt jemand von der Orgel, geht zum Klavier, leitet ein Lied an, und\u2026","rel":"","context":"In &quot;Allgemein&quot;","block_context":{"text":"Allgemein","link":"https:\/\/www.gemeinsame-jugendarbeit.de\/wordpress\/category\/allgemein\/"},"img":{"alt_text":"","src":"https:\/\/i0.wp.com\/www.gemeinsame-jugendarbeit.de\/wordpress\/wp-content\/uploads\/2025\/11\/EIS_Ausgabe-243_Chrissy-scaled.jpg?fit=1200%2C851&ssl=1&resize=350%2C200","width":350,"height":200,"srcset":"https:\/\/i0.wp.com\/www.gemeinsame-jugendarbeit.de\/wordpress\/wp-content\/uploads\/2025\/11\/EIS_Ausgabe-243_Chrissy-scaled.jpg?fit=1200%2C851&ssl=1&resize=350%2C200 1x, https:\/\/i0.wp.com\/www.gemeinsame-jugendarbeit.de\/wordpress\/wp-content\/uploads\/2025\/11\/EIS_Ausgabe-243_Chrissy-scaled.jpg?fit=1200%2C851&ssl=1&resize=525%2C300 1.5x, https:\/\/i0.wp.com\/www.gemeinsame-jugendarbeit.de\/wordpress\/wp-content\/uploads\/2025\/11\/EIS_Ausgabe-243_Chrissy-scaled.jpg?fit=1200%2C851&ssl=1&resize=700%2C400 2x, https:\/\/i0.wp.com\/www.gemeinsame-jugendarbeit.de\/wordpress\/wp-content\/uploads\/2025\/11\/EIS_Ausgabe-243_Chrissy-scaled.jpg?fit=1200%2C851&ssl=1&resize=1050%2C600 3x"},"classes":[]}],"publishpress_future_action":{"enabled":false,"date":"2026-05-07 20:13:17","action":"change-status","newStatus":"draft","terms":[],"taxonomy":"category"},"publishpress_future_workflow_manual_trigger":{"enabledWorkflows":[]},"_links":{"self":[{"href":"https:\/\/www.gemeinsame-jugendarbeit.de\/wordpress\/wp-json\/wp\/v2\/posts\/2529"}],"collection":[{"href":"https:\/\/www.gemeinsame-jugendarbeit.de\/wordpress\/wp-json\/wp\/v2\/posts"}],"about":[{"href":"https:\/\/www.gemeinsame-jugendarbeit.de\/wordpress\/wp-json\/wp\/v2\/types\/post"}],"author":[{"embeddable":true,"href":"https:\/\/www.gemeinsame-jugendarbeit.de\/wordpress\/wp-json\/wp\/v2\/users\/1"}],"replies":[{"embeddable":true,"href":"https:\/\/www.gemeinsame-jugendarbeit.de\/wordpress\/wp-json\/wp\/v2\/comments?post=2529"}],"version-history":[{"count":24,"href":"https:\/\/www.gemeinsame-jugendarbeit.de\/wordpress\/wp-json\/wp\/v2\/posts\/2529\/revisions"}],"predecessor-version":[{"id":3043,"href":"https:\/\/www.gemeinsame-jugendarbeit.de\/wordpress\/wp-json\/wp\/v2\/posts\/2529\/revisions\/3043"}],"wp:featuredmedia":[{"embeddable":true,"href":"https:\/\/www.gemeinsame-jugendarbeit.de\/wordpress\/wp-json\/wp\/v2\/media\/3018"}],"wp:attachment":[{"href":"https:\/\/www.gemeinsame-jugendarbeit.de\/wordpress\/wp-json\/wp\/v2\/media?parent=2529"}],"wp:term":[{"taxonomy":"category","embeddable":true,"href":"https:\/\/www.gemeinsame-jugendarbeit.de\/wordpress\/wp-json\/wp\/v2\/categories?post=2529"},{"taxonomy":"post_tag","embeddable":true,"href":"https:\/\/www.gemeinsame-jugendarbeit.de\/wordpress\/wp-json\/wp\/v2\/tags?post=2529"}],"curies":[{"name":"wp","href":"https:\/\/api.w.org\/{rel}","templated":true}]}}