{"id":3339,"date":"2021-10-27T08:43:20","date_gmt":"2021-10-27T06:43:20","guid":{"rendered":"http:\/\/www.gemeinsame-jugendarbeit.de\/wordpress\/?p=3339"},"modified":"2021-10-29T14:00:05","modified_gmt":"2021-10-29T12:00:05","slug":"fotos-der-mitarbeitendenfreizeit-in-groemitz","status":"publish","type":"post","link":"https:\/\/www.gemeinsame-jugendarbeit.de\/wordpress\/2021\/10\/27\/fotos-der-mitarbeitendenfreizeit-in-groemitz\/","title":{"rendered":"Fotos der Mitarbeitendenfreizeit in Gr\u00f6mitz"},"content":{"rendered":"<h4>Lebhafte Tage in Gr\u00f6mitz<\/h4>\n<p><strong>In der 2. Herbstferienwoche haben elf (\u00fcberwiegend junge und aus Sylbach stammende) Mitarbeiter*innen der Gemeinsamen Jugendarbeit die Zeit genutzt und eine sch\u00f6ne und lebendige Freizeit im CVJM-Feriendorf in Gr\u00f6mitz verlebt. Ein ungebetener Gast, das Sturmtief Ignaz, hat versucht, mit seinem starken Wind nicht nur die Natur, sondern auch das Programm durcheinander zu wirbeln. Doch dann wurde kurzerhand das Programm dem Wetter angepasst.<\/strong><\/p>\n<p><strong>So galt es eine Agententour durch L\u00fcbeck zu bestehen, sp\u00e4t abends den bunt beleuchteten Kurpark zu besichtigen, sich Gedanken zum Zeichen des Kreuzes zu machen oder neue F\u00e4higkeiten beim Jonglieren oder beim Spielen der Switch zu entdecken. Die Zeiten dazwischen wurden genutzt, um gemeinsam unterwegs zu sein, zu spielen, zu singen, zu basteln und zu quatschen.<\/strong><\/p>\n<p><strong>Es tat gut, einfach mal rauszukommen und die Gemeinschaft auf einer Freizeit zu erleben.<\/strong><\/p>\n<h4>&nbsp;<\/h4>\n<h4><strong><br \/>\n<\/strong><strong>Hier ein paar Fotos davon:<\/strong><\/h4>\nngg_shortcode_0_placeholder\n","protected":false},"excerpt":{"rendered":"<p>Lebhafte Tage in Gr\u00f6mitz In der 2. Herbstferienwoche haben elf (\u00fcberwiegend junge und aus Sylbach stammende) Mitarbeiter*innen der Gemeinsamen Jugendarbeit die Zeit genutzt und eine sch\u00f6ne und lebendige Freizeit im&#8230; <\/p>\n<div class=\"link-more\"><a href=\"https:\/\/www.gemeinsame-jugendarbeit.de\/wordpress\/2021\/10\/27\/fotos-der-mitarbeitendenfreizeit-in-groemitz\/\">Weiterlesen<\/a><\/div>\n","protected":false},"author":1,"featured_media":3346,"comment_status":"closed","ping_status":"closed","sticky":false,"template":"","format":"standard","meta":{"ngg_post_thumbnail":0,"_jetpack_newsletter_access":""},"categories":[1],"tags":[41,44,43,24,27,42],"jetpack_featured_media_url":"https:\/\/i0.wp.com\/www.gemeinsame-jugendarbeit.de\/wordpress\/wp-content\/uploads\/2021\/10\/20211023_105717-scaled.jpg?fit=2560%2C1440&ssl=1","jetpack_sharing_enabled":true,"jetpack_shortlink":"https:\/\/wp.me\/p8sCNj-RR","jetpack-related-posts":[{"id":5029,"url":"https:\/\/www.gemeinsame-jugendarbeit.de\/wordpress\/2025\/10\/24\/kneipenquiz-des-cvjm-sylbach-am-2-november\/","url_meta":{"origin":3339,"position":0},"title":"Kneipenquiz des CVJM Sylbach am 2. November","author":"schwarze","date":"24. Oktober 2025","format":false,"excerpt":"Vom 31. Oktober bis zum 9. November 2025 findet das diesj\u00e4hrige \u201eCVJM erleben\u201c statt! In dieser Zeit laden die verschiedenen CVJM-Ortsvereine in Lippe zu tollen Aktionen und Veranstaltungen ein \u2013 offen f\u00fcr alle, die Lust haben dabei zu sein. Auch der CVJM Sylbach ist mit dabei und veranstaltet am Sonntag,\u2026","rel":"","context":"In &quot;Allgemein&quot;","block_context":{"text":"Allgemein","link":"https:\/\/www.gemeinsame-jugendarbeit.de\/wordpress\/category\/allgemein\/"},"img":{"alt_text":"","src":"https:\/\/i0.wp.com\/www.gemeinsame-jugendarbeit.de\/wordpress\/wp-content\/uploads\/2025\/10\/Kneipenquiz_Sylbach_251102.png?fit=1200%2C848&ssl=1&resize=350%2C200","width":350,"height":200,"srcset":"https:\/\/i0.wp.com\/www.gemeinsame-jugendarbeit.de\/wordpress\/wp-content\/uploads\/2025\/10\/Kneipenquiz_Sylbach_251102.png?fit=1200%2C848&ssl=1&resize=350%2C200 1x, https:\/\/i0.wp.com\/www.gemeinsame-jugendarbeit.de\/wordpress\/wp-content\/uploads\/2025\/10\/Kneipenquiz_Sylbach_251102.png?fit=1200%2C848&ssl=1&resize=525%2C300 1.5x, https:\/\/i0.wp.com\/www.gemeinsame-jugendarbeit.de\/wordpress\/wp-content\/uploads\/2025\/10\/Kneipenquiz_Sylbach_251102.png?fit=1200%2C848&ssl=1&resize=700%2C400 2x, https:\/\/i0.wp.com\/www.gemeinsame-jugendarbeit.de\/wordpress\/wp-content\/uploads\/2025\/10\/Kneipenquiz_Sylbach_251102.png?fit=1200%2C848&ssl=1&resize=1050%2C600 3x"},"classes":[]},{"id":1448,"url":"https:\/\/www.gemeinsame-jugendarbeit.de\/wordpress\/2019\/09\/09\/lippischer-jungschartag-2019-in-sylbach\/","url_meta":{"origin":3339,"position":1},"title":"Lippischer Jungschartag 2019 in Sylbach","author":"schwarze","date":"9. September 2019","format":false,"excerpt":"Das Feuer knistert leise in der Feuerschale vor sich hin, dar\u00fcber drehen sich vorsichtig Stockbrotteige, die langsam goldbraun backen. Man h\u00f6rt vielstimmiges Singen von Kindern, Jugendlichen und Erwachsenen und ab und zu das Tropfen eines Regenschauers. So gem\u00fctlich ging \u00a0der Jungschartag im Garten des Vereinshauses Sylbach zu Ende. Happy birthday,\u2026","rel":"","context":"In &quot;Allgemein&quot;","block_context":{"text":"Allgemein","link":"https:\/\/www.gemeinsame-jugendarbeit.de\/wordpress\/category\/allgemein\/"},"img":{"alt_text":"","src":"https:\/\/i0.wp.com\/www.gemeinsame-jugendarbeit.de\/wordpress\/wp-content\/uploads\/2019\/09\/20190907_132836-Kopie.jpg?fit=1200%2C900&ssl=1&resize=350%2C200","width":350,"height":200,"srcset":"https:\/\/i0.wp.com\/www.gemeinsame-jugendarbeit.de\/wordpress\/wp-content\/uploads\/2019\/09\/20190907_132836-Kopie.jpg?fit=1200%2C900&ssl=1&resize=350%2C200 1x, https:\/\/i0.wp.com\/www.gemeinsame-jugendarbeit.de\/wordpress\/wp-content\/uploads\/2019\/09\/20190907_132836-Kopie.jpg?fit=1200%2C900&ssl=1&resize=525%2C300 1.5x, https:\/\/i0.wp.com\/www.gemeinsame-jugendarbeit.de\/wordpress\/wp-content\/uploads\/2019\/09\/20190907_132836-Kopie.jpg?fit=1200%2C900&ssl=1&resize=700%2C400 2x, https:\/\/i0.wp.com\/www.gemeinsame-jugendarbeit.de\/wordpress\/wp-content\/uploads\/2019\/09\/20190907_132836-Kopie.jpg?fit=1200%2C900&ssl=1&resize=1050%2C600 3x"},"classes":[]},{"id":3574,"url":"https:\/\/www.gemeinsame-jugendarbeit.de\/wordpress\/2022\/05\/19\/meisterlicher-auftritt-der-cvjm-sg-sylbach-pivitsheide-im-indiaca\/","url_meta":{"origin":3339,"position":2},"title":"Meisterlicher Auftritt der CVJM SG Sylbach\/Pivitsheide im Indiaca","author":"schwarze","date":"19. Mai 2022","format":false,"excerpt":"Die CVJM SG Sylbach\/Pivitsheide triumphiert erneut bei den Deutschen Indiaca Jugendmeisterschaften im Deutschen Turnerbund (DTB) in D\u00fclmen. Wie in 2018 und 2019 ist es die Jugend Mixed (15-18 Jahre) aus Lippe, die nach dem zweij\u00e4hrigen Aussetzen wegen der Corona Pandemie, dem Mixed-Turnier den Stempel aufdr\u00fcckt. Damit ist der Hattrick perfekt\u2026","rel":"","context":"In &quot;Allgemein&quot;","block_context":{"text":"Allgemein","link":"https:\/\/www.gemeinsame-jugendarbeit.de\/wordpress\/category\/allgemein\/"},"img":{"alt_text":"","src":"https:\/\/i0.wp.com\/www.gemeinsame-jugendarbeit.de\/wordpress\/wp-content\/uploads\/2022\/05\/20220508_143950-rotated-e1652738337963-768x1137-1.jpg?fit=768%2C1137&ssl=1&resize=350%2C200","width":350,"height":200,"srcset":"https:\/\/i0.wp.com\/www.gemeinsame-jugendarbeit.de\/wordpress\/wp-content\/uploads\/2022\/05\/20220508_143950-rotated-e1652738337963-768x1137-1.jpg?fit=768%2C1137&ssl=1&resize=350%2C200 1x, https:\/\/i0.wp.com\/www.gemeinsame-jugendarbeit.de\/wordpress\/wp-content\/uploads\/2022\/05\/20220508_143950-rotated-e1652738337963-768x1137-1.jpg?fit=768%2C1137&ssl=1&resize=525%2C300 1.5x, https:\/\/i0.wp.com\/www.gemeinsame-jugendarbeit.de\/wordpress\/wp-content\/uploads\/2022\/05\/20220508_143950-rotated-e1652738337963-768x1137-1.jpg?fit=768%2C1137&ssl=1&resize=700%2C400 2x"},"classes":[]},{"id":2386,"url":"https:\/\/www.gemeinsame-jugendarbeit.de\/wordpress\/2021\/02\/11\/spieleverleih-des-cvjm-sylbach\/","url_meta":{"origin":3339,"position":3},"title":"Spieleverleih des CVJM Sylbach","author":"schwarze","date":"11. Februar 2021","format":false,"excerpt":"Der Lockdown wird immer mehr gelockert.Aber der Spieleverleih des CVJM Sylbach kann weiterhin genutzt werden. Ca. 80 Gesellschaftsspiele stehen f\u00fcr Euch zum Ausleihen im Vereinshaus Sylbach bereit -- Kartenspiel, Brettspiele, und ieles mehr. Unten findet Ihr eine \u00dcbersicht der Spiele, die zur Auswahl stehen.Die Ausleihe wird kostenlos\u00a0 kontaktarm und coronakonform\u2026","rel":"","context":"In &quot;Allgemein&quot;","block_context":{"text":"Allgemein","link":"https:\/\/www.gemeinsame-jugendarbeit.de\/wordpress\/category\/allgemein\/"},"img":{"alt_text":"","src":"https:\/\/i0.wp.com\/www.gemeinsame-jugendarbeit.de\/wordpress\/wp-content\/uploads\/2020\/12\/board-games-460340_1920.jpg?fit=1200%2C799&ssl=1&resize=350%2C200","width":350,"height":200,"srcset":"https:\/\/i0.wp.com\/www.gemeinsame-jugendarbeit.de\/wordpress\/wp-content\/uploads\/2020\/12\/board-games-460340_1920.jpg?fit=1200%2C799&ssl=1&resize=350%2C200 1x, https:\/\/i0.wp.com\/www.gemeinsame-jugendarbeit.de\/wordpress\/wp-content\/uploads\/2020\/12\/board-games-460340_1920.jpg?fit=1200%2C799&ssl=1&resize=525%2C300 1.5x, https:\/\/i0.wp.com\/www.gemeinsame-jugendarbeit.de\/wordpress\/wp-content\/uploads\/2020\/12\/board-games-460340_1920.jpg?fit=1200%2C799&ssl=1&resize=700%2C400 2x, https:\/\/i0.wp.com\/www.gemeinsame-jugendarbeit.de\/wordpress\/wp-content\/uploads\/2020\/12\/board-games-460340_1920.jpg?fit=1200%2C799&ssl=1&resize=1050%2C600 3x"},"classes":[]},{"id":3616,"url":"https:\/\/www.gemeinsame-jugendarbeit.de\/wordpress\/2022\/05\/10\/connect-u-die-app-fuer-jugendliche\/","url_meta":{"origin":3339,"position":4},"title":"connecT U &#8211; Die App f\u00fcr Jugendliche","author":"schwarze","date":"10. Mai 2022","format":false,"excerpt":"http:\/\/www.gemeinsame-jugendarbeit.de\/wordpress\/wp-content\/uploads\/2022\/07\/Connetu_teaser_neu.mp4 Connect u \u2013 Die neue App, um zu wissen was in Lippe so passiert. \u00a0Connect u - verbinde dich \u2013 diese M\u00f6glichkeit gibt es nun lippeweit mit der neuen JugendApp der Lippischen Landeskirche. Eine App die Veranstaltungen, Neuigkeiten, Termine aus der Kirche oder CVJM und Jugendliche direkt miteinander in\u2026","rel":"","context":"In &quot;Allgemein&quot;","block_context":{"text":"Allgemein","link":"https:\/\/www.gemeinsame-jugendarbeit.de\/wordpress\/category\/allgemein\/"},"img":{"alt_text":"","src":"https:\/\/i0.wp.com\/www.gemeinsame-jugendarbeit.de\/wordpress\/wp-content\/uploads\/2022\/07\/2022-04-11_Instagram-Posts-Connectu3-scaled.jpg?fit=1200%2C600&ssl=1&resize=350%2C200","width":350,"height":200,"srcset":"https:\/\/i0.wp.com\/www.gemeinsame-jugendarbeit.de\/wordpress\/wp-content\/uploads\/2022\/07\/2022-04-11_Instagram-Posts-Connectu3-scaled.jpg?fit=1200%2C600&ssl=1&resize=350%2C200 1x, https:\/\/i0.wp.com\/www.gemeinsame-jugendarbeit.de\/wordpress\/wp-content\/uploads\/2022\/07\/2022-04-11_Instagram-Posts-Connectu3-scaled.jpg?fit=1200%2C600&ssl=1&resize=525%2C300 1.5x, https:\/\/i0.wp.com\/www.gemeinsame-jugendarbeit.de\/wordpress\/wp-content\/uploads\/2022\/07\/2022-04-11_Instagram-Posts-Connectu3-scaled.jpg?fit=1200%2C600&ssl=1&resize=700%2C400 2x, https:\/\/i0.wp.com\/www.gemeinsame-jugendarbeit.de\/wordpress\/wp-content\/uploads\/2022\/07\/2022-04-11_Instagram-Posts-Connectu3-scaled.jpg?fit=1200%2C600&ssl=1&resize=1050%2C600 3x"},"classes":[]},{"id":3745,"url":"https:\/\/www.gemeinsame-jugendarbeit.de\/wordpress\/2025\/03\/14\/sommer-in-schweden-2025\/","url_meta":{"origin":3339,"position":5},"title":"F\u00fcr Jugendliche: Sommer in Schweden 2025","author":"schwarze","date":"14. M\u00e4rz 2025","format":false,"excerpt":"Sommer-Spa\u00df in Schweden f\u00fcr Jugendliche von 13 \u2013 17 Jahre in H\u00f6jalens, Schweden vom 22. Juli bis 4. August 2025 Stell dir vor: Sommer, Sonne, jede Menge Spa\u00df und das alles in der Natur! Komm mit nach H\u00f6jalens und erlebe zwei unvergessliche Wochen mit deinen Freunden. Hier warten eine Vielzahl\u2026","rel":"","context":"In &quot;Allgemein&quot;","block_context":{"text":"Allgemein","link":"https:\/\/www.gemeinsame-jugendarbeit.de\/wordpress\/category\/allgemein\/"},"img":{"alt_text":"","src":"https:\/\/i0.wp.com\/www.gemeinsame-jugendarbeit.de\/wordpress\/wp-content\/uploads\/2025\/01\/Schweden_2025_Flyer_front.jpg?fit=853%2C1200&ssl=1&resize=350%2C200","width":350,"height":200,"srcset":"https:\/\/i0.wp.com\/www.gemeinsame-jugendarbeit.de\/wordpress\/wp-content\/uploads\/2025\/01\/Schweden_2025_Flyer_front.jpg?fit=853%2C1200&ssl=1&resize=350%2C200 1x, https:\/\/i0.wp.com\/www.gemeinsame-jugendarbeit.de\/wordpress\/wp-content\/uploads\/2025\/01\/Schweden_2025_Flyer_front.jpg?fit=853%2C1200&ssl=1&resize=525%2C300 1.5x, https:\/\/i0.wp.com\/www.gemeinsame-jugendarbeit.de\/wordpress\/wp-content\/uploads\/2025\/01\/Schweden_2025_Flyer_front.jpg?fit=853%2C1200&ssl=1&resize=700%2C400 2x"},"classes":[]}],"publishpress_future_action":{"enabled":false,"date":"2026-05-05 14:36:52","action":"change-status","newStatus":"draft","terms":[],"taxonomy":"category"},"publishpress_future_workflow_manual_trigger":{"enabledWorkflows":[]},"_links":{"self":[{"href":"https:\/\/www.gemeinsame-jugendarbeit.de\/wordpress\/wp-json\/wp\/v2\/posts\/3339"}],"collection":[{"href":"https:\/\/www.gemeinsame-jugendarbeit.de\/wordpress\/wp-json\/wp\/v2\/posts"}],"about":[{"href":"https:\/\/www.gemeinsame-jugendarbeit.de\/wordpress\/wp-json\/wp\/v2\/types\/post"}],"author":[{"embeddable":true,"href":"https:\/\/www.gemeinsame-jugendarbeit.de\/wordpress\/wp-json\/wp\/v2\/users\/1"}],"replies":[{"embeddable":true,"href":"https:\/\/www.gemeinsame-jugendarbeit.de\/wordpress\/wp-json\/wp\/v2\/comments?post=3339"}],"version-history":[{"count":7,"href":"https:\/\/www.gemeinsame-jugendarbeit.de\/wordpress\/wp-json\/wp\/v2\/posts\/3339\/revisions"}],"predecessor-version":[{"id":3366,"href":"https:\/\/www.gemeinsame-jugendarbeit.de\/wordpress\/wp-json\/wp\/v2\/posts\/3339\/revisions\/3366"}],"wp:featuredmedia":[{"embeddable":true,"href":"https:\/\/www.gemeinsame-jugendarbeit.de\/wordpress\/wp-json\/wp\/v2\/media\/3346"}],"wp:attachment":[{"href":"https:\/\/www.gemeinsame-jugendarbeit.de\/wordpress\/wp-json\/wp\/v2\/media?parent=3339"}],"wp:term":[{"taxonomy":"category","embeddable":true,"href":"https:\/\/www.gemeinsame-jugendarbeit.de\/wordpress\/wp-json\/wp\/v2\/categories?post=3339"},{"taxonomy":"post_tag","embeddable":true,"href":"https:\/\/www.gemeinsame-jugendarbeit.de\/wordpress\/wp-json\/wp\/v2\/tags?post=3339"}],"curies":[{"name":"wp","href":"https:\/\/api.w.org\/{rel}","templated":true}]}}