{"id":3440,"date":"2022-03-01T08:05:49","date_gmt":"2022-03-01T07:05:49","guid":{"rendered":"http:\/\/www.gemeinsame-jugendarbeit.de\/wordpress\/?p=3440"},"modified":"2022-03-01T08:09:16","modified_gmt":"2022-03-01T07:09:16","slug":"friedensgebet-fuer-die-ukraine-ab-mittwoch","status":"publish","type":"post","link":"https:\/\/www.gemeinsame-jugendarbeit.de\/wordpress\/2022\/03\/01\/friedensgebet-fuer-die-ukraine-ab-mittwoch\/","title":{"rendered":"Friedensgebet f\u00fcr die Ukraine ab Mittwoch"},"content":{"rendered":"\t\t<div data-elementor-type=\"wp-post\" data-elementor-id=\"3440\" class=\"elementor elementor-3440\">\n\t\t\t\t\t\t<section class=\"elementor-section elementor-top-section elementor-element elementor-element-287d7600 elementor-section-boxed elementor-section-height-default elementor-section-height-default\" data-id=\"287d7600\" data-element_type=\"section\">\n\t\t\t\t\t\t<div class=\"elementor-container elementor-column-gap-default\">\n\t\t\t\t\t<div class=\"elementor-column elementor-col-100 elementor-top-column elementor-element elementor-element-24ee91e2\" data-id=\"24ee91e2\" data-element_type=\"column\">\n\t\t\t<div class=\"elementor-widget-wrap elementor-element-populated\">\n\t\t\t\t\t\t<div class=\"elementor-element elementor-element-78172ff2 elementor-widget elementor-widget-text-editor\" data-id=\"78172ff2\" data-element_type=\"widget\" data-widget_type=\"text-editor.default\">\n\t\t\t\t<div class=\"elementor-widget-container\">\n\t\t\t\t\t\t\tDurch die langj\u00e4hrige Partnerschaft der Kirchengemeinde Sylbach mit der ev.-luth. Heilands-Kirchengemeinde in Nikolajev f\u00fchlen wir uns der Ukraine in besonderer Weise verbunden.\n\nAb Aschermittwoch, dem 2. M\u00e4rz 2022, laden wir herzlich ein zum Friedensgebet f\u00fcr die Ukraine in die Sylbacher Kirche.\n\nDie Friedensgebete werden immer mittwochs von 19.30 \u2013 20 Uhr stattfinden.\t\t\t\t\t\t<\/div>\n\t\t\t\t<\/div>\n\t\t\t\t\t<\/div>\n\t\t<\/div>\n\t\t\t\t\t<\/div>\n\t\t<\/section>\n\t\t\t\t<section class=\"elementor-section elementor-top-section elementor-element elementor-element-1b544f8 elementor-section-boxed elementor-section-height-default elementor-section-height-default\" data-id=\"1b544f8\" data-element_type=\"section\">\n\t\t\t\t\t\t<div class=\"elementor-container elementor-column-gap-default\">\n\t\t\t\t\t<div class=\"elementor-column elementor-col-100 elementor-top-column elementor-element elementor-element-b11951b\" data-id=\"b11951b\" data-element_type=\"column\">\n\t\t\t<div class=\"elementor-widget-wrap elementor-element-populated\">\n\t\t\t\t\t\t<div class=\"elementor-element elementor-element-1fb3ab6 elementor-widget elementor-widget-image\" data-id=\"1fb3ab6\" data-element_type=\"widget\" data-widget_type=\"image.default\">\n\t\t\t\t<div class=\"elementor-widget-container\">\n\t\t\t\t\t\t\t\t\t\t\t\t\t<img data-attachment-id=\"3439\" data-permalink=\"https:\/\/www.gemeinsame-jugendarbeit.de\/wordpress\/kirche-sylbach-friedensgebet-fuer-die-ukraine-1024x722\/\" data-orig-file=\"https:\/\/i0.wp.com\/www.gemeinsame-jugendarbeit.de\/wordpress\/wp-content\/uploads\/2022\/03\/Kirche-Sylbach-Friedensgebet-fuer-die-Ukraine-1024x722-1.jpeg?fit=1024%2C722&amp;ssl=1\" data-orig-size=\"1024,722\" data-comments-opened=\"0\" data-image-meta=\"{&quot;aperture&quot;:&quot;0&quot;,&quot;credit&quot;:&quot;&quot;,&quot;camera&quot;:&quot;&quot;,&quot;caption&quot;:&quot;&quot;,&quot;created_timestamp&quot;:&quot;0&quot;,&quot;copyright&quot;:&quot;&quot;,&quot;focal_length&quot;:&quot;0&quot;,&quot;iso&quot;:&quot;0&quot;,&quot;shutter_speed&quot;:&quot;0&quot;,&quot;title&quot;:&quot;&quot;,&quot;orientation&quot;:&quot;0&quot;}\" data-image-title=\"Kirche-Sylbach-Friedensgebet-fuer-die-Ukraine-1024&#215;722\" data-image-description=\"\" data-image-caption=\"\" data-medium-file=\"https:\/\/i0.wp.com\/www.gemeinsame-jugendarbeit.de\/wordpress\/wp-content\/uploads\/2022\/03\/Kirche-Sylbach-Friedensgebet-fuer-die-Ukraine-1024x722-1.jpeg?fit=300%2C212&amp;ssl=1\" data-large-file=\"https:\/\/i0.wp.com\/www.gemeinsame-jugendarbeit.de\/wordpress\/wp-content\/uploads\/2022\/03\/Kirche-Sylbach-Friedensgebet-fuer-die-Ukraine-1024x722-1.jpeg?fit=1000%2C705&amp;ssl=1\" fetchpriority=\"high\" decoding=\"async\" width=\"1000\" height=\"705\" src=\"https:\/\/i0.wp.com\/www.gemeinsame-jugendarbeit.de\/wordpress\/wp-content\/uploads\/2022\/03\/Kirche-Sylbach-Friedensgebet-fuer-die-Ukraine-1024x722-1.jpeg?fit=1000%2C705&amp;ssl=1\" class=\"attachment-large size-large wp-image-3439\" alt=\"\" srcset=\"https:\/\/i0.wp.com\/www.gemeinsame-jugendarbeit.de\/wordpress\/wp-content\/uploads\/2022\/03\/Kirche-Sylbach-Friedensgebet-fuer-die-Ukraine-1024x722-1.jpeg?w=1024&amp;ssl=1 1024w, https:\/\/i0.wp.com\/www.gemeinsame-jugendarbeit.de\/wordpress\/wp-content\/uploads\/2022\/03\/Kirche-Sylbach-Friedensgebet-fuer-die-Ukraine-1024x722-1.jpeg?resize=300%2C212&amp;ssl=1 300w, https:\/\/i0.wp.com\/www.gemeinsame-jugendarbeit.de\/wordpress\/wp-content\/uploads\/2022\/03\/Kirche-Sylbach-Friedensgebet-fuer-die-Ukraine-1024x722-1.jpeg?resize=768%2C542&amp;ssl=1 768w, https:\/\/i0.wp.com\/www.gemeinsame-jugendarbeit.de\/wordpress\/wp-content\/uploads\/2022\/03\/Kirche-Sylbach-Friedensgebet-fuer-die-Ukraine-1024x722-1.jpeg?resize=425%2C300&amp;ssl=1 425w\" sizes=\"(max-width: 1000px) 100vw, 1000px\" data-attachment-id=\"3439\" data-permalink=\"https:\/\/www.gemeinsame-jugendarbeit.de\/wordpress\/kirche-sylbach-friedensgebet-fuer-die-ukraine-1024x722\/\" data-orig-file=\"https:\/\/i0.wp.com\/www.gemeinsame-jugendarbeit.de\/wordpress\/wp-content\/uploads\/2022\/03\/Kirche-Sylbach-Friedensgebet-fuer-die-Ukraine-1024x722-1.jpeg?fit=1024%2C722&amp;ssl=1\" data-orig-size=\"1024,722\" data-comments-opened=\"0\" data-image-meta=\"{&quot;aperture&quot;:&quot;0&quot;,&quot;credit&quot;:&quot;&quot;,&quot;camera&quot;:&quot;&quot;,&quot;caption&quot;:&quot;&quot;,&quot;created_timestamp&quot;:&quot;0&quot;,&quot;copyright&quot;:&quot;&quot;,&quot;focal_length&quot;:&quot;0&quot;,&quot;iso&quot;:&quot;0&quot;,&quot;shutter_speed&quot;:&quot;0&quot;,&quot;title&quot;:&quot;&quot;,&quot;orientation&quot;:&quot;0&quot;}\" data-image-title=\"Kirche-Sylbach-Friedensgebet-fuer-die-Ukraine-1024&#215;722\" data-image-description=\"\" data-image-caption=\"\" data-medium-file=\"https:\/\/i0.wp.com\/www.gemeinsame-jugendarbeit.de\/wordpress\/wp-content\/uploads\/2022\/03\/Kirche-Sylbach-Friedensgebet-fuer-die-Ukraine-1024x722-1.jpeg?fit=300%2C212&amp;ssl=1\" data-large-file=\"https:\/\/i0.wp.com\/www.gemeinsame-jugendarbeit.de\/wordpress\/wp-content\/uploads\/2022\/03\/Kirche-Sylbach-Friedensgebet-fuer-die-Ukraine-1024x722-1.jpeg?fit=1000%2C705&amp;ssl=1\" \/>\t\t\t\t\t\t\t\t\t\t\t\t\t<\/div>\n\t\t\t\t<\/div>\n\t\t\t\t\t<\/div>\n\t\t<\/div>\n\t\t\t\t\t<\/div>\n\t\t<\/section>\n\t\t\t\t<\/div>\n\t\t","protected":false},"excerpt":{"rendered":"<p>Durch die langj\u00e4hrige Partnerschaft der Kirchengemeinde Sylbach mit der ev.-luth. Heilands-Kirchengemeinde in Nikolajev f\u00fchlen wir uns der Ukraine in besonderer Weise verbunden. Ab Aschermittwoch, dem 2. M\u00e4rz 2022, laden wir&#8230; <\/p>\n<div class=\"link-more\"><a href=\"https:\/\/www.gemeinsame-jugendarbeit.de\/wordpress\/2022\/03\/01\/friedensgebet-fuer-die-ukraine-ab-mittwoch\/\">Weiterlesen<\/a><\/div>\n","protected":false},"author":1,"featured_media":3439,"comment_status":"closed","ping_status":"closed","sticky":false,"template":"","format":"standard","meta":{"ngg_post_thumbnail":0,"_jetpack_newsletter_access":""},"categories":[1],"tags":[54,51,53,55,49,50,52],"jetpack_featured_media_url":"https:\/\/i0.wp.com\/www.gemeinsame-jugendarbeit.de\/wordpress\/wp-content\/uploads\/2022\/03\/Kirche-Sylbach-Friedensgebet-fuer-die-Ukraine-1024x722-1.jpeg?fit=1024%2C722&ssl=1","jetpack_sharing_enabled":true,"jetpack_shortlink":"https:\/\/wp.me\/p8sCNj-Tu","jetpack-related-posts":[{"id":346,"url":"https:\/\/www.gemeinsame-jugendarbeit.de\/wordpress\/2017\/03\/20\/hallo-und-guten-tag\/","url_meta":{"origin":3440,"position":0},"title":"Hallo und guten Tag!","author":"schwarze","date":"20. M\u00e4rz 2017","format":false,"excerpt":"Du bist auf der Homepage der Gemeinsamen Jugendarbeit der ev. Kirchengemeinden in Sch\u00f6tmar und Sylbach gelandet. Die ev.-ref. Kirchengemeinde Sch\u00f6tmar, die ev.-ltuh. Kirchengemeinde Sch\u00f6tmar, die ev.-ref. Kirchengemeinde Sylbach und der CVJM Sylbach e.V. arbeiten im Bereich der Arbeit mit Kindern und Jugendlichen seit einigen Jahren eng zusammen. Egal, ob f\u00fcr\u2026","rel":"","context":"In &quot;Allgemein&quot;","block_context":{"text":"Allgemein","link":"https:\/\/www.gemeinsame-jugendarbeit.de\/wordpress\/category\/allgemein\/"},"img":{"alt_text":"","src":"https:\/\/i0.wp.com\/www.gemeinsame-jugendarbeit.de\/wordpress\/wp-content\/uploads\/2020\/08\/gja_logo_2020_web.jpg?fit=614%2C521&ssl=1&resize=350%2C200","width":350,"height":200,"srcset":"https:\/\/i0.wp.com\/www.gemeinsame-jugendarbeit.de\/wordpress\/wp-content\/uploads\/2020\/08\/gja_logo_2020_web.jpg?fit=614%2C521&ssl=1&resize=350%2C200 1x, https:\/\/i0.wp.com\/www.gemeinsame-jugendarbeit.de\/wordpress\/wp-content\/uploads\/2020\/08\/gja_logo_2020_web.jpg?fit=614%2C521&ssl=1&resize=525%2C300 1.5x"},"classes":[]},{"id":1448,"url":"https:\/\/www.gemeinsame-jugendarbeit.de\/wordpress\/2019\/09\/09\/lippischer-jungschartag-2019-in-sylbach\/","url_meta":{"origin":3440,"position":1},"title":"Lippischer Jungschartag 2019 in Sylbach","author":"schwarze","date":"9. September 2019","format":false,"excerpt":"Das Feuer knistert leise in der Feuerschale vor sich hin, dar\u00fcber drehen sich vorsichtig Stockbrotteige, die langsam goldbraun backen. Man h\u00f6rt vielstimmiges Singen von Kindern, Jugendlichen und Erwachsenen und ab und zu das Tropfen eines Regenschauers. So gem\u00fctlich ging \u00a0der Jungschartag im Garten des Vereinshauses Sylbach zu Ende. Happy birthday,\u2026","rel":"","context":"In &quot;Allgemein&quot;","block_context":{"text":"Allgemein","link":"https:\/\/www.gemeinsame-jugendarbeit.de\/wordpress\/category\/allgemein\/"},"img":{"alt_text":"","src":"https:\/\/i0.wp.com\/www.gemeinsame-jugendarbeit.de\/wordpress\/wp-content\/uploads\/2019\/09\/20190907_132836-Kopie.jpg?fit=1200%2C900&ssl=1&resize=350%2C200","width":350,"height":200,"srcset":"https:\/\/i0.wp.com\/www.gemeinsame-jugendarbeit.de\/wordpress\/wp-content\/uploads\/2019\/09\/20190907_132836-Kopie.jpg?fit=1200%2C900&ssl=1&resize=350%2C200 1x, https:\/\/i0.wp.com\/www.gemeinsame-jugendarbeit.de\/wordpress\/wp-content\/uploads\/2019\/09\/20190907_132836-Kopie.jpg?fit=1200%2C900&ssl=1&resize=525%2C300 1.5x, https:\/\/i0.wp.com\/www.gemeinsame-jugendarbeit.de\/wordpress\/wp-content\/uploads\/2019\/09\/20190907_132836-Kopie.jpg?fit=1200%2C900&ssl=1&resize=700%2C400 2x, https:\/\/i0.wp.com\/www.gemeinsame-jugendarbeit.de\/wordpress\/wp-content\/uploads\/2019\/09\/20190907_132836-Kopie.jpg?fit=1200%2C900&ssl=1&resize=1050%2C600 3x"},"classes":[]},{"id":5184,"url":"https:\/\/www.gemeinsame-jugendarbeit.de\/wordpress\/2026\/04\/13\/minigottesdienst-am-25-april\/","url_meta":{"origin":3440,"position":2},"title":"Minigottesdienst am 25. April","author":"schwarze","date":"13. April 2026","format":false,"excerpt":"Minigottesdienst in der Kirche Sylbach \u2013 Zach\u00e4us: Jesus sieht dich! Herzliche Einladung an alle Kinder von 0 bis 6 Jahren und ihren Familien zu unserem liebevoll gestalteten Minigottesdienst! Am\u00a0Samstag, 25. April 2026 um 10.00 Uhr\u00a0feiern wir gemeinsam in der Kirche Sylbach einen Gottesdienst, der ganz auf die Bed\u00fcrfnisse der Kleinsten\u2026","rel":"","context":"In &quot;Allgemein&quot;","block_context":{"text":"Allgemein","link":"https:\/\/www.gemeinsame-jugendarbeit.de\/wordpress\/category\/allgemein\/"},"img":{"alt_text":"","src":"https:\/\/i0.wp.com\/www.gemeinsame-jugendarbeit.de\/wordpress\/wp-content\/uploads\/2026\/04\/mgdeinladung260425_.jpg?fit=860%2C1200&ssl=1&resize=350%2C200","width":350,"height":200,"srcset":"https:\/\/i0.wp.com\/www.gemeinsame-jugendarbeit.de\/wordpress\/wp-content\/uploads\/2026\/04\/mgdeinladung260425_.jpg?fit=860%2C1200&ssl=1&resize=350%2C200 1x, https:\/\/i0.wp.com\/www.gemeinsame-jugendarbeit.de\/wordpress\/wp-content\/uploads\/2026\/04\/mgdeinladung260425_.jpg?fit=860%2C1200&ssl=1&resize=525%2C300 1.5x, https:\/\/i0.wp.com\/www.gemeinsame-jugendarbeit.de\/wordpress\/wp-content\/uploads\/2026\/04\/mgdeinladung260425_.jpg?fit=860%2C1200&ssl=1&resize=700%2C400 2x"},"classes":[]},{"id":609,"url":"https:\/\/www.gemeinsame-jugendarbeit.de\/wordpress\/2017\/09\/14\/churchnight-2017\/","url_meta":{"origin":3440,"position":3},"title":"CHURCHNIGHT 2017 &#8211; Das war&#8217;s!","author":"schwarze","date":"14. September 2017","format":false,"excerpt":"Reformation einmal anders: Glaube und Kirche \u2013 modern, jugendlich und f\u00fcr jeden geeignet! Das war die Churchnight 2017! \u00a0Wie kann man Jugendliche und (junge) Erwachsene f\u00fcr das 500 Jahre alte Thema der Reformation interessieren oder sogar begeistern? Dieser Aufgabe haben sich Mitarbeitende der Gemeinsamen Jugendarbeit in Sylbach und Sch\u00f6tmar und\u2026","rel":"","context":"In &quot;Allgemein&quot;","block_context":{"text":"Allgemein","link":"https:\/\/www.gemeinsame-jugendarbeit.de\/wordpress\/category\/allgemein\/"},"img":{"alt_text":"","src":"https:\/\/i0.wp.com\/www.gemeinsame-jugendarbeit.de\/wordpress\/wp-content\/uploads\/2017\/10\/IMG_1506.jpg?fit=1200%2C800&ssl=1&resize=350%2C200","width":350,"height":200,"srcset":"https:\/\/i0.wp.com\/www.gemeinsame-jugendarbeit.de\/wordpress\/wp-content\/uploads\/2017\/10\/IMG_1506.jpg?fit=1200%2C800&ssl=1&resize=350%2C200 1x, https:\/\/i0.wp.com\/www.gemeinsame-jugendarbeit.de\/wordpress\/wp-content\/uploads\/2017\/10\/IMG_1506.jpg?fit=1200%2C800&ssl=1&resize=525%2C300 1.5x, https:\/\/i0.wp.com\/www.gemeinsame-jugendarbeit.de\/wordpress\/wp-content\/uploads\/2017\/10\/IMG_1506.jpg?fit=1200%2C800&ssl=1&resize=700%2C400 2x, https:\/\/i0.wp.com\/www.gemeinsame-jugendarbeit.de\/wordpress\/wp-content\/uploads\/2017\/10\/IMG_1506.jpg?fit=1200%2C800&ssl=1&resize=1050%2C600 3x"},"classes":[]},{"id":501,"url":"https:\/\/www.gemeinsame-jugendarbeit.de\/wordpress\/2017\/05\/04\/minigottesdienst-sylbach\/","url_meta":{"origin":3440,"position":4},"title":"Minigottesdienst Sylbach","author":"schwarze","date":"4. Mai 2017","format":false,"excerpt":"\"Wer tr\u00f6stet mich?\" Egal ob jung oder alt, es gibt immer mal wieder traurige Situationen oder Augenblicke. F\u00fcr die Kinder haben die Eltern tr\u00f6stende Worte, ein Taschentuch oder eine Umarmung parat. Was ist aber, wenn nicht sofort jemand oder sogar mal niemand zum Tr\u00f6sten da ist? Wie kann da geholfen\u2026","rel":"","context":"In &quot;Archiv&quot;","block_context":{"text":"Archiv","link":"https:\/\/www.gemeinsame-jugendarbeit.de\/wordpress\/category\/archiv\/"},"img":{"alt_text":"","src":"","width":0,"height":0},"classes":[]},{"id":5041,"url":"https:\/\/www.gemeinsame-jugendarbeit.de\/wordpress\/2025\/11\/26\/elementor-5041\/","url_meta":{"origin":3440,"position":5},"title":"Holzhauser Adventsmarkt an der Sylbacher Kirche \u2013 29.11.2025","author":"schwarze","date":"26. November 2025","format":false,"excerpt":"Adventsmarkt in Holzhausen \u2013 gemeinsam in denAdvent starten\u00a0Am Samstag vor dem 1. Advent, am 29. November, laden die Holzhauser Vereine und Institutionen herzlich zum Adventsmarkt an der Sylbacher Kirche (Sylbacher Stra\u00dfe 271, Bad Salzuflen) ein.Von 15 bis 18 Uhr verwandelt sich das Kirchengel\u00e4nde in einen gem\u00fctlichen Treffpunkt f\u00fcr Gro\u00df und\u2026","rel":"","context":"In &quot;Allgemein&quot;","block_context":{"text":"Allgemein","link":"https:\/\/www.gemeinsame-jugendarbeit.de\/wordpress\/category\/allgemein\/"},"img":{"alt_text":"","src":"https:\/\/i0.wp.com\/www.gemeinsame-jugendarbeit.de\/wordpress\/wp-content\/uploads\/2025\/11\/Adventsmarkt_2025_ohneBus_Flyer-scaled.jpg?fit=848%2C1200&ssl=1&resize=350%2C200","width":350,"height":200,"srcset":"https:\/\/i0.wp.com\/www.gemeinsame-jugendarbeit.de\/wordpress\/wp-content\/uploads\/2025\/11\/Adventsmarkt_2025_ohneBus_Flyer-scaled.jpg?fit=848%2C1200&ssl=1&resize=350%2C200 1x, https:\/\/i0.wp.com\/www.gemeinsame-jugendarbeit.de\/wordpress\/wp-content\/uploads\/2025\/11\/Adventsmarkt_2025_ohneBus_Flyer-scaled.jpg?fit=848%2C1200&ssl=1&resize=525%2C300 1.5x, https:\/\/i0.wp.com\/www.gemeinsame-jugendarbeit.de\/wordpress\/wp-content\/uploads\/2025\/11\/Adventsmarkt_2025_ohneBus_Flyer-scaled.jpg?fit=848%2C1200&ssl=1&resize=700%2C400 2x"},"classes":[]}],"publishpress_future_action":{"enabled":false,"date":"2026-05-08 05:57:36","action":"change-status","newStatus":"draft","terms":[],"taxonomy":"category"},"publishpress_future_workflow_manual_trigger":{"enabledWorkflows":[]},"_links":{"self":[{"href":"https:\/\/www.gemeinsame-jugendarbeit.de\/wordpress\/wp-json\/wp\/v2\/posts\/3440"}],"collection":[{"href":"https:\/\/www.gemeinsame-jugendarbeit.de\/wordpress\/wp-json\/wp\/v2\/posts"}],"about":[{"href":"https:\/\/www.gemeinsame-jugendarbeit.de\/wordpress\/wp-json\/wp\/v2\/types\/post"}],"author":[{"embeddable":true,"href":"https:\/\/www.gemeinsame-jugendarbeit.de\/wordpress\/wp-json\/wp\/v2\/users\/1"}],"replies":[{"embeddable":true,"href":"https:\/\/www.gemeinsame-jugendarbeit.de\/wordpress\/wp-json\/wp\/v2\/comments?post=3440"}],"version-history":[{"count":5,"href":"https:\/\/www.gemeinsame-jugendarbeit.de\/wordpress\/wp-json\/wp\/v2\/posts\/3440\/revisions"}],"predecessor-version":[{"id":3446,"href":"https:\/\/www.gemeinsame-jugendarbeit.de\/wordpress\/wp-json\/wp\/v2\/posts\/3440\/revisions\/3446"}],"wp:featuredmedia":[{"embeddable":true,"href":"https:\/\/www.gemeinsame-jugendarbeit.de\/wordpress\/wp-json\/wp\/v2\/media\/3439"}],"wp:attachment":[{"href":"https:\/\/www.gemeinsame-jugendarbeit.de\/wordpress\/wp-json\/wp\/v2\/media?parent=3440"}],"wp:term":[{"taxonomy":"category","embeddable":true,"href":"https:\/\/www.gemeinsame-jugendarbeit.de\/wordpress\/wp-json\/wp\/v2\/categories?post=3440"},{"taxonomy":"post_tag","embeddable":true,"href":"https:\/\/www.gemeinsame-jugendarbeit.de\/wordpress\/wp-json\/wp\/v2\/tags?post=3440"}],"curies":[{"name":"wp","href":"https:\/\/api.w.org\/{rel}","templated":true}]}}