{"id":3622,"date":"2022-06-04T21:32:27","date_gmt":"2022-06-04T19:32:27","guid":{"rendered":"http:\/\/www.gemeinsame-jugendarbeit.de\/wordpress\/?p=3622"},"modified":"2022-07-04T22:22:39","modified_gmt":"2022-07-04T20:22:39","slug":"eis-aktuell-chrissy-fragt-beim-quartiersmanagement-nach","status":"publish","type":"post","link":"https:\/\/www.gemeinsame-jugendarbeit.de\/wordpress\/2022\/06\/04\/eis-aktuell-chrissy-fragt-beim-quartiersmanagement-nach\/","title":{"rendered":"EiS aktuell: Chrissy fragt beim Quartiersmanagement nach"},"content":{"rendered":"\t\t<div data-elementor-type=\"wp-post\" data-elementor-id=\"3622\" class=\"elementor elementor-3622\">\n\t\t\t\t\t\t<section class=\"elementor-section elementor-top-section elementor-element elementor-element-86dd51b elementor-section-boxed elementor-section-height-default elementor-section-height-default\" data-id=\"86dd51b\" data-element_type=\"section\">\n\t\t\t\t\t\t<div class=\"elementor-container elementor-column-gap-default\">\n\t\t\t\t\t<div class=\"elementor-column elementor-col-100 elementor-top-column elementor-element elementor-element-cf6e43d\" data-id=\"cf6e43d\" data-element_type=\"column\">\n\t\t\t<div class=\"elementor-widget-wrap elementor-element-populated\">\n\t\t\t\t\t\t<div class=\"elementor-element elementor-element-df66632 elementor-widget elementor-widget-text-editor\" data-id=\"df66632\" data-element_type=\"widget\" data-widget_type=\"text-editor.default\">\n\t\t\t\t<div class=\"elementor-widget-container\">\n\t\t\t\t\t\t\t<p><strong>F\u00fcr die aktuelle EiS (das Gemeindemagazin Evangelisch in Sch\u00f6tmar) hat Chrissy dieses Mal beim Quartiermanagement in Sch\u00f6tmar nachgefragt.<\/strong><\/p><p>Du hast noch nichts vom Quartiersmanagement geh\u00f6rt? So geht es bestimmt vielen Leuten in Sch\u00f6tmar. Dabei ist es total spannend, wer das alles ist, was die so machen und wie Sch\u00f6tmar dadurch immer toller wird.<\/p><p>Aber lest selbst:<\/p>\t\t\t\t\t\t<\/div>\n\t\t\t\t<\/div>\n\t\t\t\t\t<\/div>\n\t\t<\/div>\n\t\t\t\t\t<\/div>\n\t\t<\/section>\n\t\t\t\t<section class=\"elementor-section elementor-top-section elementor-element elementor-element-356070b elementor-section-boxed elementor-section-height-default elementor-section-height-default\" data-id=\"356070b\" data-element_type=\"section\">\n\t\t\t\t\t\t<div class=\"elementor-container elementor-column-gap-default\">\n\t\t\t\t\t<div class=\"elementor-column elementor-col-100 elementor-top-column elementor-element elementor-element-2929cf5\" data-id=\"2929cf5\" data-element_type=\"column\">\n\t\t\t<div class=\"elementor-widget-wrap elementor-element-populated\">\n\t\t\t\t\t\t<div class=\"elementor-element elementor-element-e17fa1f elementor-widget elementor-widget-image\" data-id=\"e17fa1f\" data-element_type=\"widget\" data-widget_type=\"image.default\">\n\t\t\t\t<div class=\"elementor-widget-container\">\n\t\t\t\t\t\t\t\t\t\t\t\t\t\t<a href=\"https:\/\/i0.wp.com\/www.gemeinsame-jugendarbeit.de\/wordpress\/wp-content\/uploads\/2022\/07\/EIS_Ausgabe-229_28-29.jpg?ssl=1\" data-elementor-open-lightbox=\"yes\" data-elementor-lightbox-title=\"EIS_Ausgabe 229_28-29\" data-e-action-hash=\"#elementor-action%3Aaction%3Dlightbox%26settings%3DeyJpZCI6MzYwOSwidXJsIjoiaHR0cHM6XC9cL3d3dy5nZW1laW5zYW1lLWp1Z2VuZGFyYmVpdC5kZVwvd29yZHByZXNzXC93cC1jb250ZW50XC91cGxvYWRzXC8yMDIyXC8wN1wvRUlTX0F1c2dhYmUtMjI5XzI4LTI5LmpwZyJ9\">\n\t\t\t\t\t\t\t<img data-attachment-id=\"3609\" data-permalink=\"https:\/\/www.gemeinsame-jugendarbeit.de\/wordpress\/eis_ausgabe-229_28-29\/\" data-orig-file=\"https:\/\/i0.wp.com\/www.gemeinsame-jugendarbeit.de\/wordpress\/wp-content\/uploads\/2022\/07\/EIS_Ausgabe-229_28-29.jpg?fit=1748%2C1240&amp;ssl=1\" data-orig-size=\"1748,1240\" data-comments-opened=\"0\" data-image-meta=\"{&quot;aperture&quot;:&quot;0&quot;,&quot;credit&quot;:&quot;&quot;,&quot;camera&quot;:&quot;&quot;,&quot;caption&quot;:&quot;&quot;,&quot;created_timestamp&quot;:&quot;0&quot;,&quot;copyright&quot;:&quot;&quot;,&quot;focal_length&quot;:&quot;0&quot;,&quot;iso&quot;:&quot;0&quot;,&quot;shutter_speed&quot;:&quot;0&quot;,&quot;title&quot;:&quot;&quot;,&quot;orientation&quot;:&quot;0&quot;}\" data-image-title=\"EIS_Ausgabe 229_28-29\" data-image-description=\"\" data-image-caption=\"\" data-medium-file=\"https:\/\/i0.wp.com\/www.gemeinsame-jugendarbeit.de\/wordpress\/wp-content\/uploads\/2022\/07\/EIS_Ausgabe-229_28-29.jpg?fit=300%2C213&amp;ssl=1\" data-large-file=\"https:\/\/i0.wp.com\/www.gemeinsame-jugendarbeit.de\/wordpress\/wp-content\/uploads\/2022\/07\/EIS_Ausgabe-229_28-29.jpg?fit=1000%2C709&amp;ssl=1\" fetchpriority=\"high\" decoding=\"async\" width=\"1000\" height=\"709\" src=\"https:\/\/i0.wp.com\/www.gemeinsame-jugendarbeit.de\/wordpress\/wp-content\/uploads\/2022\/07\/EIS_Ausgabe-229_28-29.jpg?fit=1000%2C709&amp;ssl=1\" class=\"attachment-large size-large wp-image-3609\" alt=\"\" srcset=\"https:\/\/i0.wp.com\/www.gemeinsame-jugendarbeit.de\/wordpress\/wp-content\/uploads\/2022\/07\/EIS_Ausgabe-229_28-29.jpg?w=1748&amp;ssl=1 1748w, https:\/\/i0.wp.com\/www.gemeinsame-jugendarbeit.de\/wordpress\/wp-content\/uploads\/2022\/07\/EIS_Ausgabe-229_28-29.jpg?resize=300%2C213&amp;ssl=1 300w, https:\/\/i0.wp.com\/www.gemeinsame-jugendarbeit.de\/wordpress\/wp-content\/uploads\/2022\/07\/EIS_Ausgabe-229_28-29.jpg?resize=1024%2C726&amp;ssl=1 1024w, https:\/\/i0.wp.com\/www.gemeinsame-jugendarbeit.de\/wordpress\/wp-content\/uploads\/2022\/07\/EIS_Ausgabe-229_28-29.jpg?resize=768%2C545&amp;ssl=1 768w, https:\/\/i0.wp.com\/www.gemeinsame-jugendarbeit.de\/wordpress\/wp-content\/uploads\/2022\/07\/EIS_Ausgabe-229_28-29.jpg?resize=1536%2C1090&amp;ssl=1 1536w, https:\/\/i0.wp.com\/www.gemeinsame-jugendarbeit.de\/wordpress\/wp-content\/uploads\/2022\/07\/EIS_Ausgabe-229_28-29.jpg?resize=423%2C300&amp;ssl=1 423w\" sizes=\"(max-width: 1000px) 100vw, 1000px\" data-attachment-id=\"3609\" data-permalink=\"https:\/\/www.gemeinsame-jugendarbeit.de\/wordpress\/eis_ausgabe-229_28-29\/\" data-orig-file=\"https:\/\/i0.wp.com\/www.gemeinsame-jugendarbeit.de\/wordpress\/wp-content\/uploads\/2022\/07\/EIS_Ausgabe-229_28-29.jpg?fit=1748%2C1240&amp;ssl=1\" data-orig-size=\"1748,1240\" data-comments-opened=\"0\" data-image-meta=\"{&quot;aperture&quot;:&quot;0&quot;,&quot;credit&quot;:&quot;&quot;,&quot;camera&quot;:&quot;&quot;,&quot;caption&quot;:&quot;&quot;,&quot;created_timestamp&quot;:&quot;0&quot;,&quot;copyright&quot;:&quot;&quot;,&quot;focal_length&quot;:&quot;0&quot;,&quot;iso&quot;:&quot;0&quot;,&quot;shutter_speed&quot;:&quot;0&quot;,&quot;title&quot;:&quot;&quot;,&quot;orientation&quot;:&quot;0&quot;}\" data-image-title=\"EIS_Ausgabe 229_28-29\" data-image-description=\"\" data-image-caption=\"\" data-medium-file=\"https:\/\/i0.wp.com\/www.gemeinsame-jugendarbeit.de\/wordpress\/wp-content\/uploads\/2022\/07\/EIS_Ausgabe-229_28-29.jpg?fit=300%2C213&amp;ssl=1\" data-large-file=\"https:\/\/i0.wp.com\/www.gemeinsame-jugendarbeit.de\/wordpress\/wp-content\/uploads\/2022\/07\/EIS_Ausgabe-229_28-29.jpg?fit=1000%2C709&amp;ssl=1\" \/>\t\t\t\t\t\t\t\t<\/a>\n\t\t\t\t\t\t\t\t\t\t\t\t\t<\/div>\n\t\t\t\t<\/div>\n\t\t\t\t\t<\/div>\n\t\t<\/div>\n\t\t\t\t\t<\/div>\n\t\t<\/section>\n\t\t\t\t<section class=\"elementor-section elementor-top-section elementor-element elementor-element-c658d06 elementor-section-boxed elementor-section-height-default elementor-section-height-default\" data-id=\"c658d06\" data-element_type=\"section\">\n\t\t\t\t\t\t<div class=\"elementor-container elementor-column-gap-default\">\n\t\t\t\t\t<div class=\"elementor-column elementor-col-100 elementor-top-column elementor-element elementor-element-2b8e4be\" data-id=\"2b8e4be\" data-element_type=\"column\">\n\t\t\t<div class=\"elementor-widget-wrap elementor-element-populated\">\n\t\t\t\t\t\t<div class=\"elementor-element elementor-element-02aaf5d elementor-widget elementor-widget-image\" data-id=\"02aaf5d\" data-element_type=\"widget\" data-widget_type=\"image.default\">\n\t\t\t\t<div class=\"elementor-widget-container\">\n\t\t\t\t\t\t\t\t\t\t\t\t\t\t<a href=\"https:\/\/i0.wp.com\/www.gemeinsame-jugendarbeit.de\/wordpress\/wp-content\/uploads\/2022\/07\/EIS_Ausgabe-229_final2.jpg?ssl=1\" data-elementor-open-lightbox=\"yes\" data-elementor-lightbox-title=\"EIS_Ausgabe 229_final2\" data-e-action-hash=\"#elementor-action%3Aaction%3Dlightbox%26settings%3DeyJpZCI6MzYxMSwidXJsIjoiaHR0cHM6XC9cL3d3dy5nZW1laW5zYW1lLWp1Z2VuZGFyYmVpdC5kZVwvd29yZHByZXNzXC93cC1jb250ZW50XC91cGxvYWRzXC8yMDIyXC8wN1wvRUlTX0F1c2dhYmUtMjI5X2ZpbmFsMi5qcGcifQ%3D%3D\">\n\t\t\t\t\t\t\t<img data-attachment-id=\"3611\" data-permalink=\"https:\/\/www.gemeinsame-jugendarbeit.de\/wordpress\/eis_ausgabe-229_final2\/\" data-orig-file=\"https:\/\/i0.wp.com\/www.gemeinsame-jugendarbeit.de\/wordpress\/wp-content\/uploads\/2022\/07\/EIS_Ausgabe-229_final2.jpg?fit=1748%2C1240&amp;ssl=1\" data-orig-size=\"1748,1240\" data-comments-opened=\"0\" data-image-meta=\"{&quot;aperture&quot;:&quot;0&quot;,&quot;credit&quot;:&quot;&quot;,&quot;camera&quot;:&quot;&quot;,&quot;caption&quot;:&quot;&quot;,&quot;created_timestamp&quot;:&quot;0&quot;,&quot;copyright&quot;:&quot;&quot;,&quot;focal_length&quot;:&quot;0&quot;,&quot;iso&quot;:&quot;0&quot;,&quot;shutter_speed&quot;:&quot;0&quot;,&quot;title&quot;:&quot;&quot;,&quot;orientation&quot;:&quot;0&quot;}\" data-image-title=\"EIS_Ausgabe 229_final2\" data-image-description=\"\" data-image-caption=\"\" data-medium-file=\"https:\/\/i0.wp.com\/www.gemeinsame-jugendarbeit.de\/wordpress\/wp-content\/uploads\/2022\/07\/EIS_Ausgabe-229_final2.jpg?fit=300%2C213&amp;ssl=1\" data-large-file=\"https:\/\/i0.wp.com\/www.gemeinsame-jugendarbeit.de\/wordpress\/wp-content\/uploads\/2022\/07\/EIS_Ausgabe-229_final2.jpg?fit=1000%2C709&amp;ssl=1\" decoding=\"async\" width=\"1000\" height=\"709\" src=\"https:\/\/i0.wp.com\/www.gemeinsame-jugendarbeit.de\/wordpress\/wp-content\/uploads\/2022\/07\/EIS_Ausgabe-229_final2.jpg?fit=1000%2C709&amp;ssl=1\" class=\"attachment-large size-large wp-image-3611\" alt=\"\" srcset=\"https:\/\/i0.wp.com\/www.gemeinsame-jugendarbeit.de\/wordpress\/wp-content\/uploads\/2022\/07\/EIS_Ausgabe-229_final2.jpg?w=1748&amp;ssl=1 1748w, https:\/\/i0.wp.com\/www.gemeinsame-jugendarbeit.de\/wordpress\/wp-content\/uploads\/2022\/07\/EIS_Ausgabe-229_final2.jpg?resize=300%2C213&amp;ssl=1 300w, https:\/\/i0.wp.com\/www.gemeinsame-jugendarbeit.de\/wordpress\/wp-content\/uploads\/2022\/07\/EIS_Ausgabe-229_final2.jpg?resize=1024%2C726&amp;ssl=1 1024w, https:\/\/i0.wp.com\/www.gemeinsame-jugendarbeit.de\/wordpress\/wp-content\/uploads\/2022\/07\/EIS_Ausgabe-229_final2.jpg?resize=768%2C545&amp;ssl=1 768w, https:\/\/i0.wp.com\/www.gemeinsame-jugendarbeit.de\/wordpress\/wp-content\/uploads\/2022\/07\/EIS_Ausgabe-229_final2.jpg?resize=1536%2C1090&amp;ssl=1 1536w, https:\/\/i0.wp.com\/www.gemeinsame-jugendarbeit.de\/wordpress\/wp-content\/uploads\/2022\/07\/EIS_Ausgabe-229_final2.jpg?resize=423%2C300&amp;ssl=1 423w\" sizes=\"(max-width: 1000px) 100vw, 1000px\" data-attachment-id=\"3611\" data-permalink=\"https:\/\/www.gemeinsame-jugendarbeit.de\/wordpress\/eis_ausgabe-229_final2\/\" data-orig-file=\"https:\/\/i0.wp.com\/www.gemeinsame-jugendarbeit.de\/wordpress\/wp-content\/uploads\/2022\/07\/EIS_Ausgabe-229_final2.jpg?fit=1748%2C1240&amp;ssl=1\" data-orig-size=\"1748,1240\" data-comments-opened=\"0\" data-image-meta=\"{&quot;aperture&quot;:&quot;0&quot;,&quot;credit&quot;:&quot;&quot;,&quot;camera&quot;:&quot;&quot;,&quot;caption&quot;:&quot;&quot;,&quot;created_timestamp&quot;:&quot;0&quot;,&quot;copyright&quot;:&quot;&quot;,&quot;focal_length&quot;:&quot;0&quot;,&quot;iso&quot;:&quot;0&quot;,&quot;shutter_speed&quot;:&quot;0&quot;,&quot;title&quot;:&quot;&quot;,&quot;orientation&quot;:&quot;0&quot;}\" data-image-title=\"EIS_Ausgabe 229_final2\" data-image-description=\"\" data-image-caption=\"\" data-medium-file=\"https:\/\/i0.wp.com\/www.gemeinsame-jugendarbeit.de\/wordpress\/wp-content\/uploads\/2022\/07\/EIS_Ausgabe-229_final2.jpg?fit=300%2C213&amp;ssl=1\" data-large-file=\"https:\/\/i0.wp.com\/www.gemeinsame-jugendarbeit.de\/wordpress\/wp-content\/uploads\/2022\/07\/EIS_Ausgabe-229_final2.jpg?fit=1000%2C709&amp;ssl=1\" \/>\t\t\t\t\t\t\t\t<\/a>\n\t\t\t\t\t\t\t\t\t\t\t\t\t<\/div>\n\t\t\t\t<\/div>\n\t\t\t\t\t<\/div>\n\t\t<\/div>\n\t\t\t\t\t<\/div>\n\t\t<\/section>\n\t\t\t\t<\/div>\n\t\t","protected":false},"excerpt":{"rendered":"<p>F\u00fcr die aktuelle EiS (das Gemeindemagazin Evangelisch in Sch\u00f6tmar) hat Chrissy dieses Mal beim Quartiermanagement in Sch\u00f6tmar nachgefragt. Du hast noch nichts vom Quartiersmanagement geh\u00f6rt? So geht es bestimmt vielen&#8230; <\/p>\n<div class=\"link-more\"><a href=\"https:\/\/www.gemeinsame-jugendarbeit.de\/wordpress\/2022\/06\/04\/eis-aktuell-chrissy-fragt-beim-quartiersmanagement-nach\/\">Weiterlesen<\/a><\/div>\n","protected":false},"author":1,"featured_media":3609,"comment_status":"closed","ping_status":"closed","sticky":false,"template":"","format":"standard","meta":{"ngg_post_thumbnail":0,"_jetpack_newsletter_access":""},"categories":[1,4],"tags":[29,21,5,18,46,6,17],"jetpack_featured_media_url":"https:\/\/i0.wp.com\/www.gemeinsame-jugendarbeit.de\/wordpress\/wp-content\/uploads\/2022\/07\/EIS_Ausgabe-229_28-29.jpg?fit=1748%2C1240&ssl=1","jetpack_sharing_enabled":true,"jetpack_shortlink":"https:\/\/wp.me\/p8sCNj-Wq","jetpack-related-posts":[{"id":4713,"url":"https:\/\/www.gemeinsame-jugendarbeit.de\/wordpress\/2024\/11\/29\/chrissy-und-aura\/","url_meta":{"origin":3622,"position":0},"title":"Chrissy und &#8222;Aura&#8220;","author":"schwarze","date":"29. November 2024","format":false,"excerpt":"Hallo zusammen! Hier findet ihr die aktuellen Jugendseiten aus dem Gemeindemagazin EiS (Evangelisch in Sch\u00f6tmar). Chrissy hat ihre eigenen Gedanken zum Jugendwort des Jahres. Aber lest am Besten selbst:","rel":"","context":"In &quot;Allgemein&quot;","block_context":{"text":"Allgemein","link":"https:\/\/www.gemeinsame-jugendarbeit.de\/wordpress\/category\/allgemein\/"},"img":{"alt_text":"","src":"https:\/\/i0.wp.com\/www.gemeinsame-jugendarbeit.de\/wordpress\/wp-content\/uploads\/2024\/12\/EIS_Ausgabe-239-30_32_neu-scaled.jpg?fit=1200%2C851&ssl=1&resize=350%2C200","width":350,"height":200,"srcset":"https:\/\/i0.wp.com\/www.gemeinsame-jugendarbeit.de\/wordpress\/wp-content\/uploads\/2024\/12\/EIS_Ausgabe-239-30_32_neu-scaled.jpg?fit=1200%2C851&ssl=1&resize=350%2C200 1x, https:\/\/i0.wp.com\/www.gemeinsame-jugendarbeit.de\/wordpress\/wp-content\/uploads\/2024\/12\/EIS_Ausgabe-239-30_32_neu-scaled.jpg?fit=1200%2C851&ssl=1&resize=525%2C300 1.5x, https:\/\/i0.wp.com\/www.gemeinsame-jugendarbeit.de\/wordpress\/wp-content\/uploads\/2024\/12\/EIS_Ausgabe-239-30_32_neu-scaled.jpg?fit=1200%2C851&ssl=1&resize=700%2C400 2x, https:\/\/i0.wp.com\/www.gemeinsame-jugendarbeit.de\/wordpress\/wp-content\/uploads\/2024\/12\/EIS_Ausgabe-239-30_32_neu-scaled.jpg?fit=1200%2C851&ssl=1&resize=1050%2C600 3x"},"classes":[]},{"id":5068,"url":"https:\/\/www.gemeinsame-jugendarbeit.de\/wordpress\/2025\/07\/26\/kirche-und-politik-geht-das-chrissy-fragt-nach\/","url_meta":{"origin":3622,"position":1},"title":"Kirche und Politik geht das? Chrissy fragt nach &#8230;","author":"schwarze","date":"26. Juli 2025","format":false,"excerpt":"Chrissy hat mit Tim Alexander gequatscht. Tim macht Politik im Stadtrat von Bad Salzuflen \u2013 und ganz nebenbei arbeitet er auch noch ehrenamtlich in der ev.-ref. Kirchengemeinde in Sch\u00f6tmar mit.Geht das \u00fcberhaupt zusammen? Das sind zwei Seiten aus dem informativen Gemeindemagazin \u201eEiS\u201c, dem Magazin der evangelischen Kirchengemeinden Sch\u00f6tmars. EiS online\u2026","rel":"","context":"In &quot;Allgemein&quot;","block_context":{"text":"Allgemein","link":"https:\/\/www.gemeinsame-jugendarbeit.de\/wordpress\/category\/allgemein\/"},"img":{"alt_text":"","src":"https:\/\/i0.wp.com\/www.gemeinsame-jugendarbeit.de\/wordpress\/wp-content\/uploads\/2025\/11\/IMG_4584.JPG2_.jpg?fit=849%2C1200&ssl=1&resize=350%2C200","width":350,"height":200,"srcset":"https:\/\/i0.wp.com\/www.gemeinsame-jugendarbeit.de\/wordpress\/wp-content\/uploads\/2025\/11\/IMG_4584.JPG2_.jpg?fit=849%2C1200&ssl=1&resize=350%2C200 1x, https:\/\/i0.wp.com\/www.gemeinsame-jugendarbeit.de\/wordpress\/wp-content\/uploads\/2025\/11\/IMG_4584.JPG2_.jpg?fit=849%2C1200&ssl=1&resize=525%2C300 1.5x, https:\/\/i0.wp.com\/www.gemeinsame-jugendarbeit.de\/wordpress\/wp-content\/uploads\/2025\/11\/IMG_4584.JPG2_.jpg?fit=849%2C1200&ssl=1&resize=700%2C400 2x"},"classes":[]},{"id":3646,"url":"https:\/\/www.gemeinsame-jugendarbeit.de\/wordpress\/2022\/08\/26\/neue-mitarbeiterin-fuer-kinder-in-der-kilianskirche\/","url_meta":{"origin":3622,"position":2},"title":"Neue Mitarbeiterin f\u00fcr Kinder in der Kilianskirche","author":"schwarze","date":"26. August 2022","format":false,"excerpt":"Text & Fotos: EiS (Evangelisch in Sch\u00f6tmar), Ausgabe 230","rel":"","context":"In &quot;Allgemein&quot;","block_context":{"text":"Allgemein","link":"https:\/\/www.gemeinsame-jugendarbeit.de\/wordpress\/category\/allgemein\/"},"img":{"alt_text":"","src":"https:\/\/i0.wp.com\/www.gemeinsame-jugendarbeit.de\/wordpress\/wp-content\/uploads\/2022\/08\/Grimm_Anna_Lena_web.jpg?fit=900%2C1200&ssl=1&resize=350%2C200","width":350,"height":200,"srcset":"https:\/\/i0.wp.com\/www.gemeinsame-jugendarbeit.de\/wordpress\/wp-content\/uploads\/2022\/08\/Grimm_Anna_Lena_web.jpg?fit=900%2C1200&ssl=1&resize=350%2C200 1x, https:\/\/i0.wp.com\/www.gemeinsame-jugendarbeit.de\/wordpress\/wp-content\/uploads\/2022\/08\/Grimm_Anna_Lena_web.jpg?fit=900%2C1200&ssl=1&resize=525%2C300 1.5x, https:\/\/i0.wp.com\/www.gemeinsame-jugendarbeit.de\/wordpress\/wp-content\/uploads\/2022\/08\/Grimm_Anna_Lena_web.jpg?fit=900%2C1200&ssl=1&resize=700%2C400 2x"},"classes":[]},{"id":1143,"url":"https:\/\/www.gemeinsame-jugendarbeit.de\/wordpress\/2018\/05\/09\/ausflug-der-katechumenen-der-kilianskirche-ins-kloster-loccum-steinhuder-meer\/","url_meta":{"origin":3622,"position":3},"title":"Ausflug der Katechumenen  der Kilianskirche ins Kloster Loccum\/Steinhuder Meer","author":"schwarze","date":"9. Mai 2018","format":false,"excerpt":"In der ev. ref. Kirchengemeinde Sch\u00f6tmar bereiten sich zur Zeit achtzehn Katechumenen, neun M\u00e4dchen und neun Jungs, auf ihre Konfirmation im n\u00e4chsten Jahr vor. Gemeinsam hei\u00dft es alle vier Wochen samst\u00e4glich die Kirchengemeinde kennenzulernen, Glaubensinhalten nachzugehen und Lieder zu singen. Anfang Mai konnten die Katechumenen dabei zusammen mit einigen Elternteilen\u2026","rel":"","context":"In &quot;Allgemein&quot;","block_context":{"text":"Allgemein","link":"https:\/\/www.gemeinsame-jugendarbeit.de\/wordpress\/category\/allgemein\/"},"img":{"alt_text":"","src":"","width":0,"height":0},"classes":[]},{"id":329,"url":"https:\/\/www.gemeinsame-jugendarbeit.de\/wordpress\/2017\/03\/20\/oekum-jugengottesdienst\/","url_meta":{"origin":3622,"position":4},"title":"Artikel zum \u00f6kum. Jugengottesdienst","author":"schwarze","date":"20. M\u00e4rz 2017","format":"image","excerpt":"\u00d6kumenischer Jugendgottesdienst \"Rufe mich an in der Not\u201c Finden Gottesdienste immer nur in der Kirche statt? Nicht, wenn zum \u00f6kumenischen Jugendgottesdienst eingeladen wird. Nach Gottesdiensten in der Trauerhalle Kramer und dem Fitnessstudio Pro Vita+, fand am 26. M\u00e4rz ein gemeinsamer Jugendgottesdienst der Evangelischen Jugend Bad Salzuflen, dem katholischen Pastoralverbund Bad\u2026","rel":"","context":"In &quot;Archiv&quot;","block_context":{"text":"Archiv","link":"https:\/\/www.gemeinsame-jugendarbeit.de\/wordpress\/category\/archiv\/"},"img":{"alt_text":"","src":"https:\/\/i0.wp.com\/www.gemeinsame-jugendarbeit.de\/wordpress\/wp-content\/uploads\/2017\/03\/jugo2017Plakat_klein.jpg?fit=1200%2C848&ssl=1&resize=350%2C200","width":350,"height":200,"srcset":"https:\/\/i0.wp.com\/www.gemeinsame-jugendarbeit.de\/wordpress\/wp-content\/uploads\/2017\/03\/jugo2017Plakat_klein.jpg?fit=1200%2C848&ssl=1&resize=350%2C200 1x, https:\/\/i0.wp.com\/www.gemeinsame-jugendarbeit.de\/wordpress\/wp-content\/uploads\/2017\/03\/jugo2017Plakat_klein.jpg?fit=1200%2C848&ssl=1&resize=525%2C300 1.5x, https:\/\/i0.wp.com\/www.gemeinsame-jugendarbeit.de\/wordpress\/wp-content\/uploads\/2017\/03\/jugo2017Plakat_klein.jpg?fit=1200%2C848&ssl=1&resize=700%2C400 2x, https:\/\/i0.wp.com\/www.gemeinsame-jugendarbeit.de\/wordpress\/wp-content\/uploads\/2017\/03\/jugo2017Plakat_klein.jpg?fit=1200%2C848&ssl=1&resize=1050%2C600 3x"},"classes":[]},{"id":346,"url":"https:\/\/www.gemeinsame-jugendarbeit.de\/wordpress\/2017\/03\/20\/hallo-und-guten-tag\/","url_meta":{"origin":3622,"position":5},"title":"Hallo und guten Tag!","author":"schwarze","date":"20. M\u00e4rz 2017","format":false,"excerpt":"Du bist auf der Homepage der Gemeinsamen Jugendarbeit der ev. Kirchengemeinden in Sch\u00f6tmar und Sylbach gelandet. Die ev.-ref. Kirchengemeinde Sch\u00f6tmar, die ev.-ltuh. Kirchengemeinde Sch\u00f6tmar, die ev.-ref. Kirchengemeinde Sylbach und der CVJM Sylbach e.V. arbeiten im Bereich der Arbeit mit Kindern und Jugendlichen seit einigen Jahren eng zusammen. Egal, ob f\u00fcr\u2026","rel":"","context":"In &quot;Allgemein&quot;","block_context":{"text":"Allgemein","link":"https:\/\/www.gemeinsame-jugendarbeit.de\/wordpress\/category\/allgemein\/"},"img":{"alt_text":"","src":"https:\/\/i0.wp.com\/www.gemeinsame-jugendarbeit.de\/wordpress\/wp-content\/uploads\/2020\/08\/gja_logo_2020_web.jpg?fit=614%2C521&ssl=1&resize=350%2C200","width":350,"height":200,"srcset":"https:\/\/i0.wp.com\/www.gemeinsame-jugendarbeit.de\/wordpress\/wp-content\/uploads\/2020\/08\/gja_logo_2020_web.jpg?fit=614%2C521&ssl=1&resize=350%2C200 1x, https:\/\/i0.wp.com\/www.gemeinsame-jugendarbeit.de\/wordpress\/wp-content\/uploads\/2020\/08\/gja_logo_2020_web.jpg?fit=614%2C521&ssl=1&resize=525%2C300 1.5x"},"classes":[]}],"publishpress_future_action":{"enabled":false,"date":"2026-05-05 18:04:01","action":"change-status","newStatus":"draft","terms":[],"taxonomy":"category"},"publishpress_future_workflow_manual_trigger":{"enabledWorkflows":[]},"_links":{"self":[{"href":"https:\/\/www.gemeinsame-jugendarbeit.de\/wordpress\/wp-json\/wp\/v2\/posts\/3622"}],"collection":[{"href":"https:\/\/www.gemeinsame-jugendarbeit.de\/wordpress\/wp-json\/wp\/v2\/posts"}],"about":[{"href":"https:\/\/www.gemeinsame-jugendarbeit.de\/wordpress\/wp-json\/wp\/v2\/types\/post"}],"author":[{"embeddable":true,"href":"https:\/\/www.gemeinsame-jugendarbeit.de\/wordpress\/wp-json\/wp\/v2\/users\/1"}],"replies":[{"embeddable":true,"href":"https:\/\/www.gemeinsame-jugendarbeit.de\/wordpress\/wp-json\/wp\/v2\/comments?post=3622"}],"version-history":[{"count":4,"href":"https:\/\/www.gemeinsame-jugendarbeit.de\/wordpress\/wp-json\/wp\/v2\/posts\/3622\/revisions"}],"predecessor-version":[{"id":3626,"href":"https:\/\/www.gemeinsame-jugendarbeit.de\/wordpress\/wp-json\/wp\/v2\/posts\/3622\/revisions\/3626"}],"wp:featuredmedia":[{"embeddable":true,"href":"https:\/\/www.gemeinsame-jugendarbeit.de\/wordpress\/wp-json\/wp\/v2\/media\/3609"}],"wp:attachment":[{"href":"https:\/\/www.gemeinsame-jugendarbeit.de\/wordpress\/wp-json\/wp\/v2\/media?parent=3622"}],"wp:term":[{"taxonomy":"category","embeddable":true,"href":"https:\/\/www.gemeinsame-jugendarbeit.de\/wordpress\/wp-json\/wp\/v2\/categories?post=3622"},{"taxonomy":"post_tag","embeddable":true,"href":"https:\/\/www.gemeinsame-jugendarbeit.de\/wordpress\/wp-json\/wp\/v2\/tags?post=3622"}],"curies":[{"name":"wp","href":"https:\/\/api.w.org\/{rel}","templated":true}]}}