{"id":3718,"date":"2024-05-28T17:34:57","date_gmt":"2024-05-28T15:34:57","guid":{"rendered":"http:\/\/www.gemeinsame-jugendarbeit.de\/wordpress\/?p=3718"},"modified":"2024-06-11T21:49:24","modified_gmt":"2024-06-11T19:49:24","slug":"kikiki-findet-wieder-statt","status":"publish","type":"post","link":"https:\/\/www.gemeinsame-jugendarbeit.de\/wordpress\/2024\/05\/28\/kikiki-findet-wieder-statt\/","title":{"rendered":"KiKiKi &#8211; der Kindergottesdienst in der Kilianskirche"},"content":{"rendered":"\t\t<div data-elementor-type=\"wp-post\" data-elementor-id=\"3718\" class=\"elementor elementor-3718\">\n\t\t\t\t\t\t<section class=\"elementor-section elementor-top-section elementor-element elementor-element-01fa364 elementor-section-boxed elementor-section-height-default elementor-section-height-default\" data-id=\"01fa364\" data-element_type=\"section\">\n\t\t\t\t\t\t<div class=\"elementor-container elementor-column-gap-default\">\n\t\t\t\t\t<div class=\"elementor-column elementor-col-100 elementor-top-column elementor-element elementor-element-2f2915f\" data-id=\"2f2915f\" data-element_type=\"column\">\n\t\t\t<div class=\"elementor-widget-wrap elementor-element-populated\">\n\t\t\t\t\t\t<section class=\"elementor-section elementor-inner-section elementor-element elementor-element-015a28d elementor-section-boxed elementor-section-height-default elementor-section-height-default\" data-id=\"015a28d\" data-element_type=\"section\">\n\t\t\t\t\t\t<div class=\"elementor-container elementor-column-gap-default\">\n\t\t\t\t\t<div class=\"elementor-column elementor-col-50 elementor-inner-column elementor-element elementor-element-dd67e93\" data-id=\"dd67e93\" data-element_type=\"column\">\n\t\t\t<div class=\"elementor-widget-wrap elementor-element-populated\">\n\t\t\t\t\t\t<div class=\"elementor-element elementor-element-148ae66 elementor-widget elementor-widget-text-editor\" data-id=\"148ae66\" data-element_type=\"widget\" data-widget_type=\"text-editor.default\">\n\t\t\t\t<div class=\"elementor-widget-container\">\n\t\t\t\t\t\t\t<p><strong><em>Hey liebe Kinder und Eltern!<\/em><\/strong><\/p><p>Die KiliansKinderKirche findet an jedem 3. Sonntag im Monat ab 10 Uhr in der ev. Kilianskirche statt. <br \/>Die Kinder treffen sich mit den Mitarbeitenden in der Kilianskirche und gehen von dort aus gemeinsam ins Gemeindehaus. <br \/>Es wird dort gespielt, gebastelt und gemeinsam gekocht und gegessen.<\/p><p>Die Kinder k\u00f6nnen im Anschluss um 12:30 Uhr von ihren Eltern wieder abgeholt werden.<\/p><p><strong><br \/>Die Termine:<\/strong> 21. Januar 2024 \/ 18. Februar 2024 \/ 17. M\u00e4rz 2024 \/21. April 2024\u00a0<\/p>\t\t\t\t\t\t<\/div>\n\t\t\t\t<\/div>\n\t\t\t\t\t<\/div>\n\t\t<\/div>\n\t\t\t\t<div class=\"elementor-column elementor-col-50 elementor-inner-column elementor-element elementor-element-4aee08d\" data-id=\"4aee08d\" data-element_type=\"column\">\n\t\t\t<div class=\"elementor-widget-wrap\">\n\t\t\t\t\t\t\t<\/div>\n\t\t<\/div>\n\t\t\t\t\t<\/div>\n\t\t<\/section>\n\t\t\t\t\t<\/div>\n\t\t<\/div>\n\t\t\t\t\t<\/div>\n\t\t<\/section>\n\t\t\t\t<\/div>\n\t\t","protected":false},"excerpt":{"rendered":"<p>Hey liebe Kinder und Eltern! Die KiliansKinderKirche findet an jedem 3. Sonntag im Monat ab 10 Uhr in der ev. Kilianskirche statt. Die Kinder treffen sich mit den Mitarbeitenden in&#8230; <\/p>\n<div class=\"link-more\"><a href=\"https:\/\/www.gemeinsame-jugendarbeit.de\/wordpress\/2024\/05\/28\/kikiki-findet-wieder-statt\/\">Weiterlesen<\/a><\/div>\n","protected":false},"author":1,"featured_media":4291,"comment_status":"closed","ping_status":"closed","sticky":false,"template":"","format":"standard","meta":{"ngg_post_thumbnail":0,"_jetpack_newsletter_access":""},"categories":[1],"tags":[74,18,73,56,6],"jetpack_featured_media_url":"https:\/\/i0.wp.com\/www.gemeinsame-jugendarbeit.de\/wordpress\/wp-content\/uploads\/2024\/01\/kikiki_24-01_angepasst.jpg?fit=1276%2C1790&ssl=1","jetpack_sharing_enabled":true,"jetpack_shortlink":"https:\/\/wp.me\/p8sCNj-XY","jetpack-related-posts":[{"id":5110,"url":"https:\/\/www.gemeinsame-jugendarbeit.de\/wordpress\/2026\/04\/11\/kikiki-in-der-kilianskirche\/","url_meta":{"origin":3718,"position":0},"title":"KiKiKi in der Kilianskirche","author":"schwarze","date":"11. April 2026","format":false,"excerpt":"Liebe Kinder & liebe Eltern!Die KiliansKinderKirche (KiKiKi) findet (in der Regel) an jedem dritten Sonntag im Monat ab 10.00 Uhr in der evangelischen Kilianskirche statt. (Ma\u00dfgeblich sind dabei immer die Termine auf den aktuellen Plakaten.)Die Kinder beginnen gemeinsam mit den Erwachsenen im Gottesdienst in der Kilianskirche. Von dort gehen sie\u2026","rel":"","context":"In &quot;Allgemein&quot;","block_context":{"text":"Allgemein","link":"https:\/\/www.gemeinsame-jugendarbeit.de\/wordpress\/category\/allgemein\/"},"img":{"alt_text":"","src":"https:\/\/i0.wp.com\/www.gemeinsame-jugendarbeit.de\/wordpress\/wp-content\/uploads\/2026\/04\/kikiki_2026-2.jpg?fit=859%2C1200&ssl=1&resize=350%2C200","width":350,"height":200,"srcset":"https:\/\/i0.wp.com\/www.gemeinsame-jugendarbeit.de\/wordpress\/wp-content\/uploads\/2026\/04\/kikiki_2026-2.jpg?fit=859%2C1200&ssl=1&resize=350%2C200 1x, https:\/\/i0.wp.com\/www.gemeinsame-jugendarbeit.de\/wordpress\/wp-content\/uploads\/2026\/04\/kikiki_2026-2.jpg?fit=859%2C1200&ssl=1&resize=525%2C300 1.5x, https:\/\/i0.wp.com\/www.gemeinsame-jugendarbeit.de\/wordpress\/wp-content\/uploads\/2026\/04\/kikiki_2026-2.jpg?fit=859%2C1200&ssl=1&resize=700%2C400 2x"},"classes":[]},{"id":4841,"url":"https:\/\/www.gemeinsame-jugendarbeit.de\/wordpress\/2025\/04\/30\/kikiki-am-18-mai-2025\/","url_meta":{"origin":3718,"position":1},"title":"KiKiKi am 18. Mai 2025","author":"schwarze","date":"30. April 2025","format":false,"excerpt":"Wie viele Kinder und Familien wissen, findet an jeden 3. Sonntag im Monat KiKiKi \u2013 der Kindergottesdienst der Kilianskirche statt. Am 18. Mai wird dieser als Familiengottesdienst im Rahmen des Abschlusses des ersten Jahrgangs des KU3+7 *), der KiKoKi (KiliansKonfiKids) gefeiert. Ganz herzliche Einladung! *) Der KU3+7 ist ein neuer\u2026","rel":"","context":"In &quot;Allgemein&quot;","block_context":{"text":"Allgemein","link":"https:\/\/www.gemeinsame-jugendarbeit.de\/wordpress\/category\/allgemein\/"},"img":{"alt_text":"","src":"https:\/\/i0.wp.com\/www.gemeinsame-jugendarbeit.de\/wordpress\/wp-content\/uploads\/2025\/04\/Kikiki_250518.jpg?fit=835%2C1200&ssl=1&resize=350%2C200","width":350,"height":200,"srcset":"https:\/\/i0.wp.com\/www.gemeinsame-jugendarbeit.de\/wordpress\/wp-content\/uploads\/2025\/04\/Kikiki_250518.jpg?fit=835%2C1200&ssl=1&resize=350%2C200 1x, https:\/\/i0.wp.com\/www.gemeinsame-jugendarbeit.de\/wordpress\/wp-content\/uploads\/2025\/04\/Kikiki_250518.jpg?fit=835%2C1200&ssl=1&resize=525%2C300 1.5x, https:\/\/i0.wp.com\/www.gemeinsame-jugendarbeit.de\/wordpress\/wp-content\/uploads\/2025\/04\/Kikiki_250518.jpg?fit=835%2C1200&ssl=1&resize=700%2C400 2x"},"classes":[]},{"id":1143,"url":"https:\/\/www.gemeinsame-jugendarbeit.de\/wordpress\/2018\/05\/09\/ausflug-der-katechumenen-der-kilianskirche-ins-kloster-loccum-steinhuder-meer\/","url_meta":{"origin":3718,"position":2},"title":"Ausflug der Katechumenen  der Kilianskirche ins Kloster Loccum\/Steinhuder Meer","author":"schwarze","date":"9. Mai 2018","format":false,"excerpt":"In der ev. ref. Kirchengemeinde Sch\u00f6tmar bereiten sich zur Zeit achtzehn Katechumenen, neun M\u00e4dchen und neun Jungs, auf ihre Konfirmation im n\u00e4chsten Jahr vor. Gemeinsam hei\u00dft es alle vier Wochen samst\u00e4glich die Kirchengemeinde kennenzulernen, Glaubensinhalten nachzugehen und Lieder zu singen. Anfang Mai konnten die Katechumenen dabei zusammen mit einigen Elternteilen\u2026","rel":"","context":"In &quot;Allgemein&quot;","block_context":{"text":"Allgemein","link":"https:\/\/www.gemeinsame-jugendarbeit.de\/wordpress\/category\/allgemein\/"},"img":{"alt_text":"","src":"","width":0,"height":0},"classes":[]},{"id":923,"url":"https:\/\/www.gemeinsame-jugendarbeit.de\/wordpress\/2018\/04\/25\/kibiwo-2018-bericht\/","url_meta":{"origin":3718,"position":3},"title":"Kibiwo 2018 &#8211; Bericht","author":"schwarze","date":"25. April 2018","format":false,"excerpt":"\u201eZeitreise zu schr\u00e4gen Typen\u201c \u2013 unter diesem Motto stand in diesem Jahr die Kinderbibelwoche (KiBiWo) in der zweiter Osterferienwoche in Sch\u00f6tmar. Diese wird von der Gemeinsamen Jugendarbeit der ev. Kirchengemeinden Sch\u00f6tmar und Sylbach organisiert und veranstaltet. Zusammen mit 16 jugendlichen Mitarbeitern, die teilweise fr\u00fcher selbst Teilnehmer waren, Gemeindep\u00e4dagoge Axel Schwarze\u2026","rel":"","context":"In &quot;Allgemein&quot;","block_context":{"text":"Allgemein","link":"https:\/\/www.gemeinsame-jugendarbeit.de\/wordpress\/category\/allgemein\/"},"img":{"alt_text":"","src":"https:\/\/i0.wp.com\/www.gemeinsame-jugendarbeit.de\/wordpress\/wp-content\/uploads\/2018\/02\/Kibiwo_mauer_bunt_rand.jpg?fit=1082%2C1200&ssl=1&resize=350%2C200","width":350,"height":200,"srcset":"https:\/\/i0.wp.com\/www.gemeinsame-jugendarbeit.de\/wordpress\/wp-content\/uploads\/2018\/02\/Kibiwo_mauer_bunt_rand.jpg?fit=1082%2C1200&ssl=1&resize=350%2C200 1x, https:\/\/i0.wp.com\/www.gemeinsame-jugendarbeit.de\/wordpress\/wp-content\/uploads\/2018\/02\/Kibiwo_mauer_bunt_rand.jpg?fit=1082%2C1200&ssl=1&resize=525%2C300 1.5x, https:\/\/i0.wp.com\/www.gemeinsame-jugendarbeit.de\/wordpress\/wp-content\/uploads\/2018\/02\/Kibiwo_mauer_bunt_rand.jpg?fit=1082%2C1200&ssl=1&resize=700%2C400 2x, https:\/\/i0.wp.com\/www.gemeinsame-jugendarbeit.de\/wordpress\/wp-content\/uploads\/2018\/02\/Kibiwo_mauer_bunt_rand.jpg?fit=1082%2C1200&ssl=1&resize=1050%2C600 3x"},"classes":[]},{"id":3539,"url":"https:\/\/www.gemeinsame-jugendarbeit.de\/wordpress\/2022\/05\/03\/3539\/","url_meta":{"origin":3718,"position":4},"title":"Kinderbibelwoche 2022 &#8211; ein R\u00fcckblick","author":"schwarze","date":"3. Mai 2022","format":false,"excerpt":"Wie k\u00f6nnen Kinder heutzutage Jesus erleben? Nat\u00fcrlich in der Kinderbibelwoche! \u201eJesus erleben!\u201c lautete der Titel der diesj\u00e4hrigen Kinderbibelwoche in der Woche nach Ostern in Sch\u00f6tmar. Aber was haben die Geschichten vom verlorenen Schaf, die Stillung des Sturms oder das gro\u00dfe Festmahl mit den Menschen von heute zu tun? Zusammen mit\u2026","rel":"","context":"In &quot;Allgemein&quot;","block_context":{"text":"Allgemein","link":"https:\/\/www.gemeinsame-jugendarbeit.de\/wordpress\/category\/allgemein\/"},"img":{"alt_text":"","src":"https:\/\/i0.wp.com\/www.gemeinsame-jugendarbeit.de\/wordpress\/wp-content\/uploads\/2022\/05\/20220422_121414-scaled.jpg?fit=1200%2C675&ssl=1&resize=350%2C200","width":350,"height":200,"srcset":"https:\/\/i0.wp.com\/www.gemeinsame-jugendarbeit.de\/wordpress\/wp-content\/uploads\/2022\/05\/20220422_121414-scaled.jpg?fit=1200%2C675&ssl=1&resize=350%2C200 1x, https:\/\/i0.wp.com\/www.gemeinsame-jugendarbeit.de\/wordpress\/wp-content\/uploads\/2022\/05\/20220422_121414-scaled.jpg?fit=1200%2C675&ssl=1&resize=525%2C300 1.5x, https:\/\/i0.wp.com\/www.gemeinsame-jugendarbeit.de\/wordpress\/wp-content\/uploads\/2022\/05\/20220422_121414-scaled.jpg?fit=1200%2C675&ssl=1&resize=700%2C400 2x, https:\/\/i0.wp.com\/www.gemeinsame-jugendarbeit.de\/wordpress\/wp-content\/uploads\/2022\/05\/20220422_121414-scaled.jpg?fit=1200%2C675&ssl=1&resize=1050%2C600 3x"},"classes":[]},{"id":1202,"url":"https:\/\/www.gemeinsame-jugendarbeit.de\/wordpress\/2018\/12\/03\/churchnight-2018-2\/","url_meta":{"origin":3718,"position":5},"title":"Churchnight 2018","author":"schwarze","date":"3. Dezember 2018","format":false,"excerpt":"Mister Joy verzaubert die Kilianskirche F\u00fcr die Churchnight 2018 hat sich das Team rund um Axel Schwarze (Gemeinsame Jugendarbeit Sch\u00f6tmar und Sylbach) und Kerstin Lobenstein (ev. Kirchengemeinden Talle und Retzen) dieses Jahr etwas ganz Zauberhaftes ausgedacht: Der Zauberer und Kleink\u00fcnstler Mr. Joy hat in der Kilianskirche auf seine ganz eigene\u2026","rel":"","context":"In &quot;Allgemein&quot;","block_context":{"text":"Allgemein","link":"https:\/\/www.gemeinsame-jugendarbeit.de\/wordpress\/category\/allgemein\/"},"img":{"alt_text":"","src":"https:\/\/i0.wp.com\/www.gemeinsame-jugendarbeit.de\/wordpress\/wp-content\/uploads\/2018\/12\/DSC2909.jpg?fit=1200%2C795&ssl=1&resize=350%2C200","width":350,"height":200,"srcset":"https:\/\/i0.wp.com\/www.gemeinsame-jugendarbeit.de\/wordpress\/wp-content\/uploads\/2018\/12\/DSC2909.jpg?fit=1200%2C795&ssl=1&resize=350%2C200 1x, https:\/\/i0.wp.com\/www.gemeinsame-jugendarbeit.de\/wordpress\/wp-content\/uploads\/2018\/12\/DSC2909.jpg?fit=1200%2C795&ssl=1&resize=525%2C300 1.5x, https:\/\/i0.wp.com\/www.gemeinsame-jugendarbeit.de\/wordpress\/wp-content\/uploads\/2018\/12\/DSC2909.jpg?fit=1200%2C795&ssl=1&resize=700%2C400 2x, https:\/\/i0.wp.com\/www.gemeinsame-jugendarbeit.de\/wordpress\/wp-content\/uploads\/2018\/12\/DSC2909.jpg?fit=1200%2C795&ssl=1&resize=1050%2C600 3x"},"classes":[]}],"publishpress_future_action":{"enabled":false,"date":"2026-05-09 03:42:49","action":"change-status","newStatus":"draft","terms":[],"taxonomy":"category"},"publishpress_future_workflow_manual_trigger":{"enabledWorkflows":[]},"_links":{"self":[{"href":"https:\/\/www.gemeinsame-jugendarbeit.de\/wordpress\/wp-json\/wp\/v2\/posts\/3718"}],"collection":[{"href":"https:\/\/www.gemeinsame-jugendarbeit.de\/wordpress\/wp-json\/wp\/v2\/posts"}],"about":[{"href":"https:\/\/www.gemeinsame-jugendarbeit.de\/wordpress\/wp-json\/wp\/v2\/types\/post"}],"author":[{"embeddable":true,"href":"https:\/\/www.gemeinsame-jugendarbeit.de\/wordpress\/wp-json\/wp\/v2\/users\/1"}],"replies":[{"embeddable":true,"href":"https:\/\/www.gemeinsame-jugendarbeit.de\/wordpress\/wp-json\/wp\/v2\/comments?post=3718"}],"version-history":[{"count":31,"href":"https:\/\/www.gemeinsame-jugendarbeit.de\/wordpress\/wp-json\/wp\/v2\/posts\/3718\/revisions"}],"predecessor-version":[{"id":4292,"href":"https:\/\/www.gemeinsame-jugendarbeit.de\/wordpress\/wp-json\/wp\/v2\/posts\/3718\/revisions\/4292"}],"wp:featuredmedia":[{"embeddable":true,"href":"https:\/\/www.gemeinsame-jugendarbeit.de\/wordpress\/wp-json\/wp\/v2\/media\/4291"}],"wp:attachment":[{"href":"https:\/\/www.gemeinsame-jugendarbeit.de\/wordpress\/wp-json\/wp\/v2\/media?parent=3718"}],"wp:term":[{"taxonomy":"category","embeddable":true,"href":"https:\/\/www.gemeinsame-jugendarbeit.de\/wordpress\/wp-json\/wp\/v2\/categories?post=3718"},{"taxonomy":"post_tag","embeddable":true,"href":"https:\/\/www.gemeinsame-jugendarbeit.de\/wordpress\/wp-json\/wp\/v2\/tags?post=3718"}],"curies":[{"name":"wp","href":"https:\/\/api.w.org\/{rel}","templated":true}]}}