{"id":4102,"date":"2023-09-01T07:47:36","date_gmt":"2023-09-01T05:47:36","guid":{"rendered":"https:\/\/www.gemeinsame-jugendarbeit.de\/wordpress\/?p=4102"},"modified":"2023-09-08T07:49:16","modified_gmt":"2023-09-08T05:49:16","slug":"das-war-das-kinderzeltlager-in-sylbach","status":"publish","type":"post","link":"https:\/\/www.gemeinsame-jugendarbeit.de\/wordpress\/2023\/09\/01\/das-war-das-kinderzeltlager-in-sylbach\/","title":{"rendered":"Das war das Kinderzeltlager in Sylbach"},"content":{"rendered":"<p>Sylbacher Kinderzeltlager ist ein gro\u00dfer Spa\u00df f\u00fcr 63 Jungen und M\u00e4dchen.<\/p>\n<p>Ende August hat unter der Leitung von Gemeindep\u00e4dagoge Axel Schwarze das diesj\u00e4hrige Sylbacher Kinderzeltlager stattgefunden. Dazu braucht es einige Zutaten, wie Pfarrer Dirk M\u00f6lling sagt: \u201eMan nehme 63 Kinder, 21 jugendliche Mitarbeitende, 16 Eltern und ein gro\u00dfartiges Cateringteam um Annelore Vannahme, mische dazu 25 Zelte, super Wetter am Samstag, etwas Regen am Sonntag, 15 Salate, 23 Kuchen, acht Puddings, jede Menge W\u00fcrstchen, eine Spieleolympiade und andere bunte Aktionen f\u00fcr die Kinder. Einmal gut sch\u00fctteln, und dann ergibt es das Sylbacher Kinderzeltlager.\u201c<\/p>\n<p>Im Gottesdienst am Sonntag stand die Botschaft im Mittelpunkt, \u201edass Gott stark ist, viel st\u00e4rker noch als Superman, und dass er uns nie allein l\u00e4sst. Im Gegenteil, Gott ist immer f\u00fcr uns da. Er ist \u00fcber uns, unter uns, neben uns, hinter uns mit seinem Segen\u201c. Diese frohe Botschaft h\u00e4tten sich die Kinder und Mitarbeiter immer wieder fr\u00f6hlich mit mitrei\u00dfenden Bewegungsliedern zugesungen.<\/p>\n<p>Nach der Siegerehrung am Sonntagnachmittag seien sich alle einig gewesen: \u201eWir kommen 2024 wieder, auch wenn es regnet!\u201c<\/p>\nngg_shortcode_0_placeholder\n","protected":false},"excerpt":{"rendered":"<p>Sylbacher Kinderzeltlager ist ein gro\u00dfer Spa\u00df f\u00fcr 63 Jungen und M\u00e4dchen. Ende August hat unter der Leitung von Gemeindep\u00e4dagoge Axel Schwarze das diesj\u00e4hrige Sylbacher Kinderzeltlager stattgefunden. Dazu braucht es einige&#8230; <\/p>\n<div class=\"link-more\"><a href=\"https:\/\/www.gemeinsame-jugendarbeit.de\/wordpress\/2023\/09\/01\/das-war-das-kinderzeltlager-in-sylbach\/\">Weiterlesen<\/a><\/div>\n","protected":false},"author":1,"featured_media":4103,"comment_status":"closed","ping_status":"closed","sticky":false,"template":"","format":"standard","meta":{"ngg_post_thumbnail":0,"_jetpack_newsletter_access":""},"categories":[1],"tags":[91,46,66,93,22],"jetpack_featured_media_url":"https:\/\/i0.wp.com\/www.gemeinsame-jugendarbeit.de\/wordpress\/wp-content\/uploads\/2023\/09\/20230826_163747-scaled.jpg?fit=1440%2C2560&ssl=1","jetpack_sharing_enabled":true,"jetpack_shortlink":"https:\/\/wp.me\/p8sCNj-14a","jetpack-related-posts":[{"id":3596,"url":"https:\/\/www.gemeinsame-jugendarbeit.de\/wordpress\/2024\/05\/27\/kinderzeltlager-in-sylbach\/","url_meta":{"origin":4102,"position":0},"title":"Kinderzeltlager in Sylbach","author":"schwarze","date":"27. Mai 2024","format":false,"excerpt":"\u201cGott ist stark!\u201dAm 29. & 30. Juni 2024 findet das diesj\u00e4hrige Kinderzeltlager an der Sylbacher Kirche statt.In der Bibel stehen viele Geschichten, die es zu entdecken lohnt. Von Menschen, die mit Gott aufregende Dinge erlebt haben - die total mutig und stark oder sehr \u00e4ngstlich waren; die alleine etwas gemacht\u2026","rel":"","context":"In &quot;Allgemein&quot;","block_context":{"text":"Allgemein","link":"https:\/\/www.gemeinsame-jugendarbeit.de\/wordpress\/category\/allgemein\/"},"img":{"alt_text":"","src":"https:\/\/i0.wp.com\/www.gemeinsame-jugendarbeit.de\/wordpress\/wp-content\/uploads\/2024\/05\/kiz2024_Header_2.jpg?fit=1200%2C846&ssl=1&resize=350%2C200","width":350,"height":200,"srcset":"https:\/\/i0.wp.com\/www.gemeinsame-jugendarbeit.de\/wordpress\/wp-content\/uploads\/2024\/05\/kiz2024_Header_2.jpg?fit=1200%2C846&ssl=1&resize=350%2C200 1x, https:\/\/i0.wp.com\/www.gemeinsame-jugendarbeit.de\/wordpress\/wp-content\/uploads\/2024\/05\/kiz2024_Header_2.jpg?fit=1200%2C846&ssl=1&resize=525%2C300 1.5x, https:\/\/i0.wp.com\/www.gemeinsame-jugendarbeit.de\/wordpress\/wp-content\/uploads\/2024\/05\/kiz2024_Header_2.jpg?fit=1200%2C846&ssl=1&resize=700%2C400 2x, https:\/\/i0.wp.com\/www.gemeinsame-jugendarbeit.de\/wordpress\/wp-content\/uploads\/2024\/05\/kiz2024_Header_2.jpg?fit=1200%2C846&ssl=1&resize=1050%2C600 3x"},"classes":[]},{"id":4968,"url":"https:\/\/www.gemeinsame-jugendarbeit.de\/wordpress\/2025\/06\/15\/kinderzeltlager-in-sylbach-28-29-6-25\/","url_meta":{"origin":4102,"position":1},"title":"Kinderzeltlager in Sylbach, 28.\/29.6.25","author":"schwarze","date":"15. Juni 2025","format":false,"excerpt":"\u201cWunder erleben!\u201dAm 28. & 29. Juni 2025 findet das diesj\u00e4hrige Kinderzeltlager an der Sylbacher Kirche statt.Hast du schon mal daran gedacht, wie unglaublich es ist, dass unsere Welt \u00fcberhaupt existiert?Die Bibel erz\u00e4hlt: Gott hat die Welt nicht aus Versehen gemacht \u2013 sondern mit ganz viel Liebe und Kraft! Aus dem\u2026","rel":"","context":"In &quot;Allgemein&quot;","block_context":{"text":"Allgemein","link":"https:\/\/www.gemeinsame-jugendarbeit.de\/wordpress\/category\/allgemein\/"},"img":{"alt_text":"","src":"https:\/\/i0.wp.com\/www.gemeinsame-jugendarbeit.de\/wordpress\/wp-content\/uploads\/2025\/06\/kiz2025_Einladung_kurz-216x303_vorne.jpg?fit=855%2C1200&ssl=1&resize=350%2C200","width":350,"height":200,"srcset":"https:\/\/i0.wp.com\/www.gemeinsame-jugendarbeit.de\/wordpress\/wp-content\/uploads\/2025\/06\/kiz2025_Einladung_kurz-216x303_vorne.jpg?fit=855%2C1200&ssl=1&resize=350%2C200 1x, https:\/\/i0.wp.com\/www.gemeinsame-jugendarbeit.de\/wordpress\/wp-content\/uploads\/2025\/06\/kiz2025_Einladung_kurz-216x303_vorne.jpg?fit=855%2C1200&ssl=1&resize=525%2C300 1.5x, https:\/\/i0.wp.com\/www.gemeinsame-jugendarbeit.de\/wordpress\/wp-content\/uploads\/2025\/06\/kiz2025_Einladung_kurz-216x303_vorne.jpg?fit=855%2C1200&ssl=1&resize=700%2C400 2x"},"classes":[]},{"id":5200,"url":"https:\/\/www.gemeinsame-jugendarbeit.de\/wordpress\/2026\/04\/20\/kinderzeltlager-2026-in-sylbach-save-the-date\/","url_meta":{"origin":4102,"position":2},"title":"Kinderzeltlager 2026 in Sylbach &#8211; Save the date!!!","author":"schwarze","date":"20. April 2026","format":false,"excerpt":"Weitere Infos folgen ...","rel":"","context":"In &quot;Allgemein&quot;","block_context":{"text":"Allgemein","link":"https:\/\/www.gemeinsame-jugendarbeit.de\/wordpress\/category\/allgemein\/"},"img":{"alt_text":"","src":"https:\/\/i0.wp.com\/www.gemeinsame-jugendarbeit.de\/wordpress\/wp-content\/uploads\/2026\/04\/KIZ2026_Logo_SavetheDate-scaled.jpg?fit=1200%2C1200&ssl=1&resize=350%2C200","width":350,"height":200,"srcset":"https:\/\/i0.wp.com\/www.gemeinsame-jugendarbeit.de\/wordpress\/wp-content\/uploads\/2026\/04\/KIZ2026_Logo_SavetheDate-scaled.jpg?fit=1200%2C1200&ssl=1&resize=350%2C200 1x, https:\/\/i0.wp.com\/www.gemeinsame-jugendarbeit.de\/wordpress\/wp-content\/uploads\/2026\/04\/KIZ2026_Logo_SavetheDate-scaled.jpg?fit=1200%2C1200&ssl=1&resize=525%2C300 1.5x, https:\/\/i0.wp.com\/www.gemeinsame-jugendarbeit.de\/wordpress\/wp-content\/uploads\/2026\/04\/KIZ2026_Logo_SavetheDate-scaled.jpg?fit=1200%2C1200&ssl=1&resize=700%2C400 2x, https:\/\/i0.wp.com\/www.gemeinsame-jugendarbeit.de\/wordpress\/wp-content\/uploads\/2026\/04\/KIZ2026_Logo_SavetheDate-scaled.jpg?fit=1200%2C1200&ssl=1&resize=1050%2C600 3x"},"classes":[]},{"id":4811,"url":"https:\/\/www.gemeinsame-jugendarbeit.de\/wordpress\/2025\/04\/20\/neuer-kindergottesdienst-in-sylbach-22-3-2025\/","url_meta":{"origin":4102,"position":3},"title":"KiGo! &#8211; Kindergottesdienst in Sylbach &#8211; 3. Mai 2025","author":"schwarze","date":"20. April 2025","format":false,"excerpt":"Anmeldung \u201eKiGO!\u201c \u2013 Kindergottesdienst am 3. Mai in SylbachDer n\u00e4chste KiGo! findet bald statt. KiGo! ist eine tolle Veranstaltung f\u00fcr alle Kinder zwischen 5 und 10 Jahren, die sich gerne mehr mit Gott und der Bibel besch\u00e4ftigen m\u00f6chten \u2026Einmal im Monat treffen wir uns samstags von 11 bis 13 Uhr\u2026","rel":"","context":"In &quot;Allgemein&quot;","block_context":{"text":"Allgemein","link":"https:\/\/www.gemeinsame-jugendarbeit.de\/wordpress\/category\/allgemein\/"},"img":{"alt_text":"","src":"https:\/\/i0.wp.com\/www.gemeinsame-jugendarbeit.de\/wordpress\/wp-content\/uploads\/2025\/04\/Kindergottesdienst_250503-scaled.jpg?fit=848%2C1200&ssl=1&resize=350%2C200","width":350,"height":200,"srcset":"https:\/\/i0.wp.com\/www.gemeinsame-jugendarbeit.de\/wordpress\/wp-content\/uploads\/2025\/04\/Kindergottesdienst_250503-scaled.jpg?fit=848%2C1200&ssl=1&resize=350%2C200 1x, https:\/\/i0.wp.com\/www.gemeinsame-jugendarbeit.de\/wordpress\/wp-content\/uploads\/2025\/04\/Kindergottesdienst_250503-scaled.jpg?fit=848%2C1200&ssl=1&resize=525%2C300 1.5x, https:\/\/i0.wp.com\/www.gemeinsame-jugendarbeit.de\/wordpress\/wp-content\/uploads\/2025\/04\/Kindergottesdienst_250503-scaled.jpg?fit=848%2C1200&ssl=1&resize=700%2C400 2x"},"classes":[]},{"id":5041,"url":"https:\/\/www.gemeinsame-jugendarbeit.de\/wordpress\/2025\/11\/26\/elementor-5041\/","url_meta":{"origin":4102,"position":4},"title":"Holzhauser Adventsmarkt an der Sylbacher Kirche \u2013 29.11.2025","author":"schwarze","date":"26. November 2025","format":false,"excerpt":"Adventsmarkt in Holzhausen \u2013 gemeinsam in denAdvent starten\u00a0Am Samstag vor dem 1. Advent, am 29. November, laden die Holzhauser Vereine und Institutionen herzlich zum Adventsmarkt an der Sylbacher Kirche (Sylbacher Stra\u00dfe 271, Bad Salzuflen) ein.Von 15 bis 18 Uhr verwandelt sich das Kirchengel\u00e4nde in einen gem\u00fctlichen Treffpunkt f\u00fcr Gro\u00df und\u2026","rel":"","context":"In &quot;Allgemein&quot;","block_context":{"text":"Allgemein","link":"https:\/\/www.gemeinsame-jugendarbeit.de\/wordpress\/category\/allgemein\/"},"img":{"alt_text":"","src":"https:\/\/i0.wp.com\/www.gemeinsame-jugendarbeit.de\/wordpress\/wp-content\/uploads\/2025\/11\/Adventsmarkt_2025_ohneBus_Flyer-scaled.jpg?fit=848%2C1200&ssl=1&resize=350%2C200","width":350,"height":200,"srcset":"https:\/\/i0.wp.com\/www.gemeinsame-jugendarbeit.de\/wordpress\/wp-content\/uploads\/2025\/11\/Adventsmarkt_2025_ohneBus_Flyer-scaled.jpg?fit=848%2C1200&ssl=1&resize=350%2C200 1x, https:\/\/i0.wp.com\/www.gemeinsame-jugendarbeit.de\/wordpress\/wp-content\/uploads\/2025\/11\/Adventsmarkt_2025_ohneBus_Flyer-scaled.jpg?fit=848%2C1200&ssl=1&resize=525%2C300 1.5x, https:\/\/i0.wp.com\/www.gemeinsame-jugendarbeit.de\/wordpress\/wp-content\/uploads\/2025\/11\/Adventsmarkt_2025_ohneBus_Flyer-scaled.jpg?fit=848%2C1200&ssl=1&resize=700%2C400 2x"},"classes":[]},{"id":501,"url":"https:\/\/www.gemeinsame-jugendarbeit.de\/wordpress\/2017\/05\/04\/minigottesdienst-sylbach\/","url_meta":{"origin":4102,"position":5},"title":"Minigottesdienst Sylbach","author":"schwarze","date":"4. Mai 2017","format":false,"excerpt":"\"Wer tr\u00f6stet mich?\" Egal ob jung oder alt, es gibt immer mal wieder traurige Situationen oder Augenblicke. F\u00fcr die Kinder haben die Eltern tr\u00f6stende Worte, ein Taschentuch oder eine Umarmung parat. Was ist aber, wenn nicht sofort jemand oder sogar mal niemand zum Tr\u00f6sten da ist? Wie kann da geholfen\u2026","rel":"","context":"In &quot;Archiv&quot;","block_context":{"text":"Archiv","link":"https:\/\/www.gemeinsame-jugendarbeit.de\/wordpress\/category\/archiv\/"},"img":{"alt_text":"","src":"","width":0,"height":0},"classes":[]}],"publishpress_future_action":{"enabled":false,"date":"2026-05-07 11:34:47","action":"change-status","newStatus":"draft","terms":[],"taxonomy":"category"},"publishpress_future_workflow_manual_trigger":{"enabledWorkflows":[]},"_links":{"self":[{"href":"https:\/\/www.gemeinsame-jugendarbeit.de\/wordpress\/wp-json\/wp\/v2\/posts\/4102"}],"collection":[{"href":"https:\/\/www.gemeinsame-jugendarbeit.de\/wordpress\/wp-json\/wp\/v2\/posts"}],"about":[{"href":"https:\/\/www.gemeinsame-jugendarbeit.de\/wordpress\/wp-json\/wp\/v2\/types\/post"}],"author":[{"embeddable":true,"href":"https:\/\/www.gemeinsame-jugendarbeit.de\/wordpress\/wp-json\/wp\/v2\/users\/1"}],"replies":[{"embeddable":true,"href":"https:\/\/www.gemeinsame-jugendarbeit.de\/wordpress\/wp-json\/wp\/v2\/comments?post=4102"}],"version-history":[{"count":2,"href":"https:\/\/www.gemeinsame-jugendarbeit.de\/wordpress\/wp-json\/wp\/v2\/posts\/4102\/revisions"}],"predecessor-version":[{"id":4212,"href":"https:\/\/www.gemeinsame-jugendarbeit.de\/wordpress\/wp-json\/wp\/v2\/posts\/4102\/revisions\/4212"}],"wp:featuredmedia":[{"embeddable":true,"href":"https:\/\/www.gemeinsame-jugendarbeit.de\/wordpress\/wp-json\/wp\/v2\/media\/4103"}],"wp:attachment":[{"href":"https:\/\/www.gemeinsame-jugendarbeit.de\/wordpress\/wp-json\/wp\/v2\/media?parent=4102"}],"wp:term":[{"taxonomy":"category","embeddable":true,"href":"https:\/\/www.gemeinsame-jugendarbeit.de\/wordpress\/wp-json\/wp\/v2\/categories?post=4102"},{"taxonomy":"post_tag","embeddable":true,"href":"https:\/\/www.gemeinsame-jugendarbeit.de\/wordpress\/wp-json\/wp\/v2\/tags?post=4102"}],"curies":[{"name":"wp","href":"https:\/\/api.w.org\/{rel}","templated":true}]}}