{"id":4293,"date":"2024-01-03T07:45:03","date_gmt":"2024-01-03T06:45:03","guid":{"rendered":"https:\/\/www.gemeinsame-jugendarbeit.de\/wordpress\/?p=4293"},"modified":"2024-01-19T07:58:21","modified_gmt":"2024-01-19T06:58:21","slug":"chrissy-und-der-krieg-in-israel","status":"publish","type":"post","link":"https:\/\/www.gemeinsame-jugendarbeit.de\/wordpress\/2024\/01\/03\/chrissy-und-der-krieg-in-israel\/","title":{"rendered":"Chrissy und der Krieg in Israel"},"content":{"rendered":"\t\t<div data-elementor-type=\"wp-post\" data-elementor-id=\"4293\" class=\"elementor elementor-4293\">\n\t\t\t\t\t\t<section class=\"elementor-section elementor-top-section elementor-element elementor-element-6d91087 elementor-section-boxed elementor-section-height-default elementor-section-height-default\" data-id=\"6d91087\" data-element_type=\"section\">\n\t\t\t\t\t\t<div class=\"elementor-container elementor-column-gap-default\">\n\t\t\t\t\t<div class=\"elementor-column elementor-col-100 elementor-top-column elementor-element elementor-element-611b7ea\" data-id=\"611b7ea\" data-element_type=\"column\">\n\t\t\t<div class=\"elementor-widget-wrap elementor-element-populated\">\n\t\t\t\t\t\t<div class=\"elementor-element elementor-element-dfa5650 elementor-widget elementor-widget-text-editor\" data-id=\"dfa5650\" data-element_type=\"widget\" data-widget_type=\"text-editor.default\">\n\t\t\t\t<div class=\"elementor-widget-container\">\n\t\t\t\t\t\t\t<p>Wie viele Menschen ist Chrissy erschrocken und traurig \u00fcber das, was am 7. Oktober in Israel geschehen ist.<\/p><p>Sie hat viele Frage. Jan Christian Pinsch versucht ihr ein paar Antworten zu geben. Aber lest am besten selbst:<\/p>\t\t\t\t\t\t<\/div>\n\t\t\t\t<\/div>\n\t\t\t\t\t<\/div>\n\t\t<\/div>\n\t\t\t\t\t<\/div>\n\t\t<\/section>\n\t\t\t\t<section class=\"elementor-section elementor-top-section elementor-element elementor-element-8936aa9 elementor-section-boxed elementor-section-height-default elementor-section-height-default\" data-id=\"8936aa9\" data-element_type=\"section\">\n\t\t\t\t\t\t<div class=\"elementor-container elementor-column-gap-default\">\n\t\t\t\t\t<div class=\"elementor-column elementor-col-100 elementor-top-column elementor-element elementor-element-b53da9e\" data-id=\"b53da9e\" data-element_type=\"column\">\n\t\t\t<div class=\"elementor-widget-wrap elementor-element-populated\">\n\t\t\t\t\t\t<div class=\"elementor-element elementor-element-74714e2 elementor-widget elementor-widget-image\" data-id=\"74714e2\" data-element_type=\"widget\" data-widget_type=\"image.default\">\n\t\t\t\t<div class=\"elementor-widget-container\">\n\t\t\t\t\t\t\t\t\t\t\t\t\t\t<a href=\"https:\/\/i0.wp.com\/www.gemeinsame-jugendarbeit.de\/wordpress\/wp-content\/uploads\/2024\/01\/EIS_Ausgabe-235_34-35.jpg?ssl=1\" data-elementor-open-lightbox=\"yes\" data-elementor-lightbox-title=\"EIS_Ausgabe 235_34-35\" data-e-action-hash=\"#elementor-action%3Aaction%3Dlightbox%26settings%3DeyJpZCI6NDI5NCwidXJsIjoiaHR0cHM6XC9cL3d3dy5nZW1laW5zYW1lLWp1Z2VuZGFyYmVpdC5kZVwvd29yZHByZXNzXC93cC1jb250ZW50XC91cGxvYWRzXC8yMDI0XC8wMVwvRUlTX0F1c2dhYmUtMjM1XzM0LTM1LmpwZyJ9\">\n\t\t\t\t\t\t\t<img data-attachment-id=\"4294\" data-permalink=\"https:\/\/www.gemeinsame-jugendarbeit.de\/wordpress\/2024\/01\/03\/chrissy-und-der-krieg-in-israel\/eis_ausgabe-235_34-35\/\" data-orig-file=\"https:\/\/i0.wp.com\/www.gemeinsame-jugendarbeit.de\/wordpress\/wp-content\/uploads\/2024\/01\/EIS_Ausgabe-235_34-35.jpg?fit=2098%2C1488&amp;ssl=1\" data-orig-size=\"2098,1488\" data-comments-opened=\"0\" data-image-meta=\"{&quot;aperture&quot;:&quot;0&quot;,&quot;credit&quot;:&quot;&quot;,&quot;camera&quot;:&quot;&quot;,&quot;caption&quot;:&quot;&quot;,&quot;created_timestamp&quot;:&quot;0&quot;,&quot;copyright&quot;:&quot;&quot;,&quot;focal_length&quot;:&quot;0&quot;,&quot;iso&quot;:&quot;0&quot;,&quot;shutter_speed&quot;:&quot;0&quot;,&quot;title&quot;:&quot;&quot;,&quot;orientation&quot;:&quot;0&quot;}\" data-image-title=\"EIS_Ausgabe 235_34-35\" data-image-description=\"\" data-image-caption=\"\" data-medium-file=\"https:\/\/i0.wp.com\/www.gemeinsame-jugendarbeit.de\/wordpress\/wp-content\/uploads\/2024\/01\/EIS_Ausgabe-235_34-35.jpg?fit=300%2C213&amp;ssl=1\" data-large-file=\"https:\/\/i0.wp.com\/www.gemeinsame-jugendarbeit.de\/wordpress\/wp-content\/uploads\/2024\/01\/EIS_Ausgabe-235_34-35.jpg?fit=1000%2C709&amp;ssl=1\" fetchpriority=\"high\" decoding=\"async\" width=\"1000\" height=\"709\" src=\"https:\/\/i0.wp.com\/www.gemeinsame-jugendarbeit.de\/wordpress\/wp-content\/uploads\/2024\/01\/EIS_Ausgabe-235_34-35.jpg?fit=1000%2C709&amp;ssl=1\" class=\"attachment-large size-large wp-image-4294\" alt=\"\" srcset=\"https:\/\/i0.wp.com\/www.gemeinsame-jugendarbeit.de\/wordpress\/wp-content\/uploads\/2024\/01\/EIS_Ausgabe-235_34-35.jpg?w=2098&amp;ssl=1 2098w, https:\/\/i0.wp.com\/www.gemeinsame-jugendarbeit.de\/wordpress\/wp-content\/uploads\/2024\/01\/EIS_Ausgabe-235_34-35.jpg?resize=300%2C213&amp;ssl=1 300w, https:\/\/i0.wp.com\/www.gemeinsame-jugendarbeit.de\/wordpress\/wp-content\/uploads\/2024\/01\/EIS_Ausgabe-235_34-35.jpg?resize=1024%2C726&amp;ssl=1 1024w, https:\/\/i0.wp.com\/www.gemeinsame-jugendarbeit.de\/wordpress\/wp-content\/uploads\/2024\/01\/EIS_Ausgabe-235_34-35.jpg?resize=768%2C545&amp;ssl=1 768w, https:\/\/i0.wp.com\/www.gemeinsame-jugendarbeit.de\/wordpress\/wp-content\/uploads\/2024\/01\/EIS_Ausgabe-235_34-35.jpg?resize=1536%2C1089&amp;ssl=1 1536w, https:\/\/i0.wp.com\/www.gemeinsame-jugendarbeit.de\/wordpress\/wp-content\/uploads\/2024\/01\/EIS_Ausgabe-235_34-35.jpg?resize=2048%2C1453&amp;ssl=1 2048w, https:\/\/i0.wp.com\/www.gemeinsame-jugendarbeit.de\/wordpress\/wp-content\/uploads\/2024\/01\/EIS_Ausgabe-235_34-35.jpg?resize=423%2C300&amp;ssl=1 423w\" sizes=\"(max-width: 1000px) 100vw, 1000px\" data-attachment-id=\"4294\" data-permalink=\"https:\/\/www.gemeinsame-jugendarbeit.de\/wordpress\/2024\/01\/03\/chrissy-und-der-krieg-in-israel\/eis_ausgabe-235_34-35\/\" data-orig-file=\"https:\/\/i0.wp.com\/www.gemeinsame-jugendarbeit.de\/wordpress\/wp-content\/uploads\/2024\/01\/EIS_Ausgabe-235_34-35.jpg?fit=2098%2C1488&amp;ssl=1\" data-orig-size=\"2098,1488\" data-comments-opened=\"0\" data-image-meta=\"{&quot;aperture&quot;:&quot;0&quot;,&quot;credit&quot;:&quot;&quot;,&quot;camera&quot;:&quot;&quot;,&quot;caption&quot;:&quot;&quot;,&quot;created_timestamp&quot;:&quot;0&quot;,&quot;copyright&quot;:&quot;&quot;,&quot;focal_length&quot;:&quot;0&quot;,&quot;iso&quot;:&quot;0&quot;,&quot;shutter_speed&quot;:&quot;0&quot;,&quot;title&quot;:&quot;&quot;,&quot;orientation&quot;:&quot;0&quot;}\" data-image-title=\"EIS_Ausgabe 235_34-35\" data-image-description=\"\" data-image-caption=\"\" data-medium-file=\"https:\/\/i0.wp.com\/www.gemeinsame-jugendarbeit.de\/wordpress\/wp-content\/uploads\/2024\/01\/EIS_Ausgabe-235_34-35.jpg?fit=300%2C213&amp;ssl=1\" data-large-file=\"https:\/\/i0.wp.com\/www.gemeinsame-jugendarbeit.de\/wordpress\/wp-content\/uploads\/2024\/01\/EIS_Ausgabe-235_34-35.jpg?fit=1000%2C709&amp;ssl=1\" \/>\t\t\t\t\t\t\t\t<\/a>\n\t\t\t\t\t\t\t\t\t\t\t\t\t<\/div>\n\t\t\t\t<\/div>\n\t\t\t\t\t<\/div>\n\t\t<\/div>\n\t\t\t\t\t<\/div>\n\t\t<\/section>\n\t\t\t\t<section class=\"elementor-section elementor-top-section elementor-element elementor-element-a360e6c elementor-section-boxed elementor-section-height-default elementor-section-height-default\" data-id=\"a360e6c\" data-element_type=\"section\">\n\t\t\t\t\t\t<div class=\"elementor-container elementor-column-gap-default\">\n\t\t\t\t\t<div class=\"elementor-column elementor-col-100 elementor-top-column elementor-element elementor-element-38a159b\" data-id=\"38a159b\" data-element_type=\"column\">\n\t\t\t<div class=\"elementor-widget-wrap elementor-element-populated\">\n\t\t\t\t\t\t<div class=\"elementor-element elementor-element-47cc92a elementor-widget elementor-widget-spacer\" data-id=\"47cc92a\" data-element_type=\"widget\" data-widget_type=\"spacer.default\">\n\t\t\t\t<div class=\"elementor-widget-container\">\n\t\t\t\t\t<div class=\"elementor-spacer\">\n\t\t\t<div class=\"elementor-spacer-inner\"><\/div>\n\t\t<\/div>\n\t\t\t\t<\/div>\n\t\t\t\t<\/div>\n\t\t\t\t\t<\/div>\n\t\t<\/div>\n\t\t\t\t\t<\/div>\n\t\t<\/section>\n\t\t\t\t<section class=\"elementor-section elementor-top-section elementor-element elementor-element-381e62a elementor-section-boxed elementor-section-height-default elementor-section-height-default\" data-id=\"381e62a\" data-element_type=\"section\">\n\t\t\t\t\t\t<div class=\"elementor-container elementor-column-gap-default\">\n\t\t\t\t\t<div class=\"elementor-column elementor-col-100 elementor-top-column elementor-element elementor-element-8139c6f\" data-id=\"8139c6f\" data-element_type=\"column\">\n\t\t\t<div class=\"elementor-widget-wrap elementor-element-populated\">\n\t\t\t\t\t\t<div class=\"elementor-element elementor-element-fad1b31 elementor-widget elementor-widget-video\" data-id=\"fad1b31\" data-element_type=\"widget\" data-settings=\"{&quot;youtube_url&quot;:&quot;https:\\\/\\\/www.youtube.com\\\/watch?v=K5DfBK8HXxI&quot;,&quot;start&quot;:86,&quot;end&quot;:192,&quot;video_type&quot;:&quot;youtube&quot;,&quot;controls&quot;:&quot;yes&quot;}\" data-widget_type=\"video.default\">\n\t\t\t\t<div class=\"elementor-widget-container\">\n\t\t\t\t\t<div class=\"elementor-wrapper elementor-open-inline\">\n\t\t\t<div class=\"elementor-video\"><\/div>\t\t<\/div>\n\t\t\t\t<\/div>\n\t\t\t\t<\/div>\n\t\t\t\t\t<\/div>\n\t\t<\/div>\n\t\t\t\t\t<\/div>\n\t\t<\/section>\n\t\t\t\t<\/div>\n\t\t","protected":false},"excerpt":{"rendered":"<p>Wie viele Menschen ist Chrissy erschrocken und traurig \u00fcber das, was am 7. Oktober in Israel geschehen ist. Sie hat viele Frage. Jan Christian Pinsch versucht ihr ein paar Antworten&#8230; <\/p>\n<div class=\"link-more\"><a href=\"https:\/\/www.gemeinsame-jugendarbeit.de\/wordpress\/2024\/01\/03\/chrissy-und-der-krieg-in-israel\/\">Weiterlesen<\/a><\/div>\n","protected":false},"author":1,"featured_media":4294,"comment_status":"closed","ping_status":"closed","sticky":false,"template":"","format":"standard","meta":{"ngg_post_thumbnail":0,"_jetpack_newsletter_access":""},"categories":[1],"tags":[],"jetpack_featured_media_url":"https:\/\/i0.wp.com\/www.gemeinsame-jugendarbeit.de\/wordpress\/wp-content\/uploads\/2024\/01\/EIS_Ausgabe-235_34-35.jpg?fit=2098%2C1488&ssl=1","jetpack_sharing_enabled":true,"jetpack_shortlink":"https:\/\/wp.me\/p8sCNj-17f","jetpack-related-posts":[{"id":3937,"url":"https:\/\/www.gemeinsame-jugendarbeit.de\/wordpress\/2023\/03\/01\/chrissy-bleibt-am-ball\/","url_meta":{"origin":4293,"position":0},"title":"Chrissy bleibt am Ball&#8230;","author":"schwarze","date":"1. M\u00e4rz 2023","format":false,"excerpt":"Chrissy hat in der Herbstausgabe des Gemeindemagazins EiS (Nr. 230) einiges zum Thema Umwelt- und Naturschutz herausgefunden. Aber es ist immer ganz einfach in die Welt zu schauen. Deshalb hat sie sich in der reformierten Kirchengemeinde der Kilianskirche erkundigt, wie dann dort mit dem Thema Umweltschutz umgegangen wird. Das es\u2026","rel":"","context":"In &quot;Allgemein&quot;","block_context":{"text":"Allgemein","link":"https:\/\/www.gemeinsame-jugendarbeit.de\/wordpress\/category\/allgemein\/"},"img":{"alt_text":"","src":"https:\/\/i0.wp.com\/www.gemeinsame-jugendarbeit.de\/wordpress\/wp-content\/uploads\/2023\/03\/EIS_Ausgabe-232_Seite-36_37_Chrissy.jpg?fit=1200%2C851&ssl=1&resize=350%2C200","width":350,"height":200,"srcset":"https:\/\/i0.wp.com\/www.gemeinsame-jugendarbeit.de\/wordpress\/wp-content\/uploads\/2023\/03\/EIS_Ausgabe-232_Seite-36_37_Chrissy.jpg?fit=1200%2C851&ssl=1&resize=350%2C200 1x, https:\/\/i0.wp.com\/www.gemeinsame-jugendarbeit.de\/wordpress\/wp-content\/uploads\/2023\/03\/EIS_Ausgabe-232_Seite-36_37_Chrissy.jpg?fit=1200%2C851&ssl=1&resize=525%2C300 1.5x, https:\/\/i0.wp.com\/www.gemeinsame-jugendarbeit.de\/wordpress\/wp-content\/uploads\/2023\/03\/EIS_Ausgabe-232_Seite-36_37_Chrissy.jpg?fit=1200%2C851&ssl=1&resize=700%2C400 2x, https:\/\/i0.wp.com\/www.gemeinsame-jugendarbeit.de\/wordpress\/wp-content\/uploads\/2023\/03\/EIS_Ausgabe-232_Seite-36_37_Chrissy.jpg?fit=1200%2C851&ssl=1&resize=1050%2C600 3x"},"classes":[]},{"id":5061,"url":"https:\/\/www.gemeinsame-jugendarbeit.de\/wordpress\/2025\/11\/26\/chrissy-interviewt-uta-singer\/","url_meta":{"origin":4293,"position":1},"title":"Musik, die ber\u00fchrt  &#8211; Chrissy interviewt Kantorin Uta Singer","author":"schwarze","date":"26. November 2025","format":false,"excerpt":"Das sind zwei Seiten aus dem informativen Gemeindemagazin \"EiS\", dem Magazin der evangelischen Kirchengemeinden Sch\u00f6tmars. Zur Onlineausgabe Musik, die ber\u00fchrt \u2013 und manchmal auch freche Knaben braucht Stell dir vor: Du sitzt im Gottesdienst \u2013 und pl\u00f6tzlich kommt jemand von der Orgel, geht zum Klavier, leitet ein Lied an, und\u2026","rel":"","context":"In &quot;Allgemein&quot;","block_context":{"text":"Allgemein","link":"https:\/\/www.gemeinsame-jugendarbeit.de\/wordpress\/category\/allgemein\/"},"img":{"alt_text":"","src":"https:\/\/i0.wp.com\/www.gemeinsame-jugendarbeit.de\/wordpress\/wp-content\/uploads\/2025\/11\/EIS_Ausgabe-243_Chrissy-scaled.jpg?fit=1200%2C851&ssl=1&resize=350%2C200","width":350,"height":200,"srcset":"https:\/\/i0.wp.com\/www.gemeinsame-jugendarbeit.de\/wordpress\/wp-content\/uploads\/2025\/11\/EIS_Ausgabe-243_Chrissy-scaled.jpg?fit=1200%2C851&ssl=1&resize=350%2C200 1x, https:\/\/i0.wp.com\/www.gemeinsame-jugendarbeit.de\/wordpress\/wp-content\/uploads\/2025\/11\/EIS_Ausgabe-243_Chrissy-scaled.jpg?fit=1200%2C851&ssl=1&resize=525%2C300 1.5x, https:\/\/i0.wp.com\/www.gemeinsame-jugendarbeit.de\/wordpress\/wp-content\/uploads\/2025\/11\/EIS_Ausgabe-243_Chrissy-scaled.jpg?fit=1200%2C851&ssl=1&resize=700%2C400 2x, https:\/\/i0.wp.com\/www.gemeinsame-jugendarbeit.de\/wordpress\/wp-content\/uploads\/2025\/11\/EIS_Ausgabe-243_Chrissy-scaled.jpg?fit=1200%2C851&ssl=1&resize=1050%2C600 3x"},"classes":[]},{"id":3622,"url":"https:\/\/www.gemeinsame-jugendarbeit.de\/wordpress\/2022\/06\/04\/eis-aktuell-chrissy-fragt-beim-quartiersmanagement-nach\/","url_meta":{"origin":4293,"position":2},"title":"EiS aktuell: Chrissy fragt beim Quartiersmanagement nach","author":"schwarze","date":"4. Juni 2022","format":false,"excerpt":"F\u00fcr die aktuelle EiS (das Gemeindemagazin Evangelisch in Sch\u00f6tmar) hat Chrissy dieses Mal beim Quartiermanagement in Sch\u00f6tmar nachgefragt. Du hast noch nichts vom Quartiersmanagement geh\u00f6rt? So geht es bestimmt vielen Leuten in Sch\u00f6tmar. Dabei ist es total spannend, wer das alles ist, was die so machen und wie Sch\u00f6tmar dadurch\u2026","rel":"","context":"In &quot;Allgemein&quot;","block_context":{"text":"Allgemein","link":"https:\/\/www.gemeinsame-jugendarbeit.de\/wordpress\/category\/allgemein\/"},"img":{"alt_text":"","src":"https:\/\/i0.wp.com\/www.gemeinsame-jugendarbeit.de\/wordpress\/wp-content\/uploads\/2022\/07\/EIS_Ausgabe-229_28-29.jpg?fit=1200%2C851&ssl=1&resize=350%2C200","width":350,"height":200,"srcset":"https:\/\/i0.wp.com\/www.gemeinsame-jugendarbeit.de\/wordpress\/wp-content\/uploads\/2022\/07\/EIS_Ausgabe-229_28-29.jpg?fit=1200%2C851&ssl=1&resize=350%2C200 1x, https:\/\/i0.wp.com\/www.gemeinsame-jugendarbeit.de\/wordpress\/wp-content\/uploads\/2022\/07\/EIS_Ausgabe-229_28-29.jpg?fit=1200%2C851&ssl=1&resize=525%2C300 1.5x, https:\/\/i0.wp.com\/www.gemeinsame-jugendarbeit.de\/wordpress\/wp-content\/uploads\/2022\/07\/EIS_Ausgabe-229_28-29.jpg?fit=1200%2C851&ssl=1&resize=700%2C400 2x, https:\/\/i0.wp.com\/www.gemeinsame-jugendarbeit.de\/wordpress\/wp-content\/uploads\/2022\/07\/EIS_Ausgabe-229_28-29.jpg?fit=1200%2C851&ssl=1&resize=1050%2C600 3x"},"classes":[]},{"id":3523,"url":"https:\/\/www.gemeinsame-jugendarbeit.de\/wordpress\/2022\/04\/02\/heisses-eisen-in-der-eis-mobbing\/","url_meta":{"origin":4293,"position":3},"title":"Hei\u00dfes Eisen in der EIS &#8211; Mobbing","author":"schwarze","date":"2. April 2022","format":false,"excerpt":"Chrissy hat in der aktuellen EIS ein sehr wichtiges Thema angesprochen - Mobbing. Und sie hat eindeutig Stellung dazu bezogen: Mobbing - GEHT GAR NICHT! Aber lest selbst: Chrissy findet, dass Mobbing ein Problem ist und offen angesprochen werden muss. Hier kannst Du Dich \u00fcber die Links weiter mit dem\u2026","rel":"","context":"In &quot;Allgemein&quot;","block_context":{"text":"Allgemein","link":"https:\/\/www.gemeinsame-jugendarbeit.de\/wordpress\/category\/allgemein\/"},"img":{"alt_text":"","src":"https:\/\/i0.wp.com\/www.gemeinsame-jugendarbeit.de\/wordpress\/wp-content\/uploads\/2022\/04\/EIS_Ausgabe-228_online_teaser_web.jpg?fit=931%2C586&ssl=1&resize=350%2C200","width":350,"height":200,"srcset":"https:\/\/i0.wp.com\/www.gemeinsame-jugendarbeit.de\/wordpress\/wp-content\/uploads\/2022\/04\/EIS_Ausgabe-228_online_teaser_web.jpg?fit=931%2C586&ssl=1&resize=350%2C200 1x, https:\/\/i0.wp.com\/www.gemeinsame-jugendarbeit.de\/wordpress\/wp-content\/uploads\/2022\/04\/EIS_Ausgabe-228_online_teaser_web.jpg?fit=931%2C586&ssl=1&resize=525%2C300 1.5x, https:\/\/i0.wp.com\/www.gemeinsame-jugendarbeit.de\/wordpress\/wp-content\/uploads\/2022\/04\/EIS_Ausgabe-228_online_teaser_web.jpg?fit=931%2C586&ssl=1&resize=700%2C400 2x"},"classes":[]},{"id":4713,"url":"https:\/\/www.gemeinsame-jugendarbeit.de\/wordpress\/2024\/11\/29\/chrissy-und-aura\/","url_meta":{"origin":4293,"position":4},"title":"Chrissy und &#8222;Aura&#8220;","author":"schwarze","date":"29. November 2024","format":false,"excerpt":"Hallo zusammen! Hier findet ihr die aktuellen Jugendseiten aus dem Gemeindemagazin EiS (Evangelisch in Sch\u00f6tmar). Chrissy hat ihre eigenen Gedanken zum Jugendwort des Jahres. Aber lest am Besten selbst:","rel":"","context":"In &quot;Allgemein&quot;","block_context":{"text":"Allgemein","link":"https:\/\/www.gemeinsame-jugendarbeit.de\/wordpress\/category\/allgemein\/"},"img":{"alt_text":"","src":"https:\/\/i0.wp.com\/www.gemeinsame-jugendarbeit.de\/wordpress\/wp-content\/uploads\/2024\/12\/EIS_Ausgabe-239-30_32_neu-scaled.jpg?fit=1200%2C851&ssl=1&resize=350%2C200","width":350,"height":200,"srcset":"https:\/\/i0.wp.com\/www.gemeinsame-jugendarbeit.de\/wordpress\/wp-content\/uploads\/2024\/12\/EIS_Ausgabe-239-30_32_neu-scaled.jpg?fit=1200%2C851&ssl=1&resize=350%2C200 1x, https:\/\/i0.wp.com\/www.gemeinsame-jugendarbeit.de\/wordpress\/wp-content\/uploads\/2024\/12\/EIS_Ausgabe-239-30_32_neu-scaled.jpg?fit=1200%2C851&ssl=1&resize=525%2C300 1.5x, https:\/\/i0.wp.com\/www.gemeinsame-jugendarbeit.de\/wordpress\/wp-content\/uploads\/2024\/12\/EIS_Ausgabe-239-30_32_neu-scaled.jpg?fit=1200%2C851&ssl=1&resize=700%2C400 2x, https:\/\/i0.wp.com\/www.gemeinsame-jugendarbeit.de\/wordpress\/wp-content\/uploads\/2024\/12\/EIS_Ausgabe-239-30_32_neu-scaled.jpg?fit=1200%2C851&ssl=1&resize=1050%2C600 3x"},"classes":[]},{"id":5068,"url":"https:\/\/www.gemeinsame-jugendarbeit.de\/wordpress\/2025\/07\/26\/kirche-und-politik-geht-das-chrissy-fragt-nach\/","url_meta":{"origin":4293,"position":5},"title":"Kirche und Politik geht das? Chrissy fragt nach &#8230;","author":"schwarze","date":"26. Juli 2025","format":false,"excerpt":"Chrissy hat mit Tim Alexander gequatscht. Tim macht Politik im Stadtrat von Bad Salzuflen \u2013 und ganz nebenbei arbeitet er auch noch ehrenamtlich in der ev.-ref. Kirchengemeinde in Sch\u00f6tmar mit.Geht das \u00fcberhaupt zusammen? Das sind zwei Seiten aus dem informativen Gemeindemagazin \u201eEiS\u201c, dem Magazin der evangelischen Kirchengemeinden Sch\u00f6tmars. EiS online\u2026","rel":"","context":"In &quot;Allgemein&quot;","block_context":{"text":"Allgemein","link":"https:\/\/www.gemeinsame-jugendarbeit.de\/wordpress\/category\/allgemein\/"},"img":{"alt_text":"","src":"https:\/\/i0.wp.com\/www.gemeinsame-jugendarbeit.de\/wordpress\/wp-content\/uploads\/2025\/11\/IMG_4584.JPG2_.jpg?fit=849%2C1200&ssl=1&resize=350%2C200","width":350,"height":200,"srcset":"https:\/\/i0.wp.com\/www.gemeinsame-jugendarbeit.de\/wordpress\/wp-content\/uploads\/2025\/11\/IMG_4584.JPG2_.jpg?fit=849%2C1200&ssl=1&resize=350%2C200 1x, https:\/\/i0.wp.com\/www.gemeinsame-jugendarbeit.de\/wordpress\/wp-content\/uploads\/2025\/11\/IMG_4584.JPG2_.jpg?fit=849%2C1200&ssl=1&resize=525%2C300 1.5x, https:\/\/i0.wp.com\/www.gemeinsame-jugendarbeit.de\/wordpress\/wp-content\/uploads\/2025\/11\/IMG_4584.JPG2_.jpg?fit=849%2C1200&ssl=1&resize=700%2C400 2x"},"classes":[]}],"publishpress_future_action":{"enabled":false,"date":"2026-05-10 13:42:55","action":"change-status","newStatus":"draft","terms":[],"taxonomy":"category"},"publishpress_future_workflow_manual_trigger":{"enabledWorkflows":[]},"_links":{"self":[{"href":"https:\/\/www.gemeinsame-jugendarbeit.de\/wordpress\/wp-json\/wp\/v2\/posts\/4293"}],"collection":[{"href":"https:\/\/www.gemeinsame-jugendarbeit.de\/wordpress\/wp-json\/wp\/v2\/posts"}],"about":[{"href":"https:\/\/www.gemeinsame-jugendarbeit.de\/wordpress\/wp-json\/wp\/v2\/types\/post"}],"author":[{"embeddable":true,"href":"https:\/\/www.gemeinsame-jugendarbeit.de\/wordpress\/wp-json\/wp\/v2\/users\/1"}],"replies":[{"embeddable":true,"href":"https:\/\/www.gemeinsame-jugendarbeit.de\/wordpress\/wp-json\/wp\/v2\/comments?post=4293"}],"version-history":[{"count":16,"href":"https:\/\/www.gemeinsame-jugendarbeit.de\/wordpress\/wp-json\/wp\/v2\/posts\/4293\/revisions"}],"predecessor-version":[{"id":4314,"href":"https:\/\/www.gemeinsame-jugendarbeit.de\/wordpress\/wp-json\/wp\/v2\/posts\/4293\/revisions\/4314"}],"wp:featuredmedia":[{"embeddable":true,"href":"https:\/\/www.gemeinsame-jugendarbeit.de\/wordpress\/wp-json\/wp\/v2\/media\/4294"}],"wp:attachment":[{"href":"https:\/\/www.gemeinsame-jugendarbeit.de\/wordpress\/wp-json\/wp\/v2\/media?parent=4293"}],"wp:term":[{"taxonomy":"category","embeddable":true,"href":"https:\/\/www.gemeinsame-jugendarbeit.de\/wordpress\/wp-json\/wp\/v2\/categories?post=4293"},{"taxonomy":"post_tag","embeddable":true,"href":"https:\/\/www.gemeinsame-jugendarbeit.de\/wordpress\/wp-json\/wp\/v2\/tags?post=4293"}],"curies":[{"name":"wp","href":"https:\/\/api.w.org\/{rel}","templated":true}]}}