{"id":4625,"date":"2024-09-15T20:38:47","date_gmt":"2024-09-15T18:38:47","guid":{"rendered":"https:\/\/www.gemeinsame-jugendarbeit.de\/wordpress\/?p=4625"},"modified":"2024-10-13T12:34:31","modified_gmt":"2024-10-13T10:34:31","slug":"chrissys-idee-eine-filmabend-in-der-kilianskirche","status":"publish","type":"post","link":"https:\/\/www.gemeinsame-jugendarbeit.de\/wordpress\/2024\/09\/15\/chrissys-idee-eine-filmabend-in-der-kilianskirche\/","title":{"rendered":"Chrissys Idee &#8211; eine Filmabend in der Kilianskirche"},"content":{"rendered":"<h3>Chrissy hat etwas Tolles mit ihren Freundinnen erlebt &#8211; und daraus entsteht eine spannende Idee.<br \/>\nAber lest einfach selbst:<\/h3>\n<p><a href=\"https:\/\/i0.wp.com\/www.gemeinsame-jugendarbeit.de\/wordpress\/wp-content\/uploads\/2024\/10\/EiS-238_the-chosen-scaled.jpg?ssl=1\"><img data-attachment-id=\"4641\" data-permalink=\"https:\/\/www.gemeinsame-jugendarbeit.de\/wordpress\/2024\/09\/15\/chrissys-idee-eine-filmabend-in-der-kilianskirche\/eis-238_the-chosen\/\" data-orig-file=\"https:\/\/i0.wp.com\/www.gemeinsame-jugendarbeit.de\/wordpress\/wp-content\/uploads\/2024\/10\/EiS-238_the-chosen-scaled.jpg?fit=2560%2C1816&amp;ssl=1\" data-orig-size=\"2560,1816\" data-comments-opened=\"0\" data-image-meta=\"{&quot;aperture&quot;:&quot;0&quot;,&quot;credit&quot;:&quot;&quot;,&quot;camera&quot;:&quot;&quot;,&quot;caption&quot;:&quot;&quot;,&quot;created_timestamp&quot;:&quot;0&quot;,&quot;copyright&quot;:&quot;&quot;,&quot;focal_length&quot;:&quot;0&quot;,&quot;iso&quot;:&quot;0&quot;,&quot;shutter_speed&quot;:&quot;0&quot;,&quot;title&quot;:&quot;&quot;,&quot;orientation&quot;:&quot;0&quot;}\" data-image-title=\"EiS 238_the chosen\" data-image-description=\"\" data-image-caption=\"\" data-medium-file=\"https:\/\/i0.wp.com\/www.gemeinsame-jugendarbeit.de\/wordpress\/wp-content\/uploads\/2024\/10\/EiS-238_the-chosen-scaled.jpg?fit=300%2C213&amp;ssl=1\" data-large-file=\"https:\/\/i0.wp.com\/www.gemeinsame-jugendarbeit.de\/wordpress\/wp-content\/uploads\/2024\/10\/EiS-238_the-chosen-scaled.jpg?fit=1000%2C709&amp;ssl=1\" fetchpriority=\"high\" decoding=\"async\" class=\"alignnone wp-image-4641\" src=\"https:\/\/i0.wp.com\/www.gemeinsame-jugendarbeit.de\/wordpress\/wp-content\/uploads\/2024\/10\/EiS-238_the-chosen.jpg?resize=417%2C296&#038;ssl=1\" alt=\"\" width=\"417\" height=\"296\" srcset=\"https:\/\/i0.wp.com\/www.gemeinsame-jugendarbeit.de\/wordpress\/wp-content\/uploads\/2024\/10\/EiS-238_the-chosen-scaled.jpg?resize=300%2C213&amp;ssl=1 300w, https:\/\/i0.wp.com\/www.gemeinsame-jugendarbeit.de\/wordpress\/wp-content\/uploads\/2024\/10\/EiS-238_the-chosen-scaled.jpg?resize=1024%2C726&amp;ssl=1 1024w, https:\/\/i0.wp.com\/www.gemeinsame-jugendarbeit.de\/wordpress\/wp-content\/uploads\/2024\/10\/EiS-238_the-chosen-scaled.jpg?resize=768%2C545&amp;ssl=1 768w, https:\/\/i0.wp.com\/www.gemeinsame-jugendarbeit.de\/wordpress\/wp-content\/uploads\/2024\/10\/EiS-238_the-chosen-scaled.jpg?resize=1536%2C1090&amp;ssl=1 1536w, https:\/\/i0.wp.com\/www.gemeinsame-jugendarbeit.de\/wordpress\/wp-content\/uploads\/2024\/10\/EiS-238_the-chosen-scaled.jpg?resize=2048%2C1453&amp;ssl=1 2048w, https:\/\/i0.wp.com\/www.gemeinsame-jugendarbeit.de\/wordpress\/wp-content\/uploads\/2024\/10\/EiS-238_the-chosen-scaled.jpg?resize=423%2C300&amp;ssl=1 423w\" sizes=\"(max-width: 417px) 100vw, 417px\" data-recalc-dims=\"1\" \/><\/a><\/p>\n<p>&nbsp;<\/p>\n<h3><a href=\"https:\/\/user-8896315509.cld.bz\/Veranstaltungstipps-September-November-der-ev-Kirchengemeinden-in-Schotmar\/28\/\" target=\"_blank\" rel=\"noopener\"><strong><span style=\"color: #ff0000;\">HIER Klicken<\/span><\/strong><\/a> f\u00fcr Infos zum Filmabend!<\/h3>\n<p>&nbsp;<\/p>\n","protected":false},"excerpt":{"rendered":"<p>Chrissy hat etwas Tolles mit ihren Freundinnen erlebt &#8211; und daraus entsteht eine spannende Idee. Aber lest einfach selbst: &nbsp; HIER Klicken f\u00fcr Infos zum Filmabend! &nbsp;<\/p>\n","protected":false},"author":1,"featured_media":4639,"comment_status":"closed","ping_status":"closed","sticky":false,"template":"","format":"standard","meta":{"ngg_post_thumbnail":0,"_jetpack_newsletter_access":""},"categories":[1],"tags":[],"jetpack_featured_media_url":"https:\/\/i0.wp.com\/www.gemeinsame-jugendarbeit.de\/wordpress\/wp-content\/uploads\/2024\/10\/EIS_Ausgabe-24-3_final-1.jpg?fit=1619%2C1156&ssl=1","jetpack_sharing_enabled":true,"jetpack_shortlink":"https:\/\/wp.me\/p8sCNj-1cB","jetpack-related-posts":[{"id":5058,"url":"https:\/\/www.gemeinsame-jugendarbeit.de\/wordpress\/2025\/11\/26\/kilians-filmabend-bach-am-27-12-2025\/","url_meta":{"origin":4625,"position":0},"title":"KILIANS FILMABEND \u2013 Bach \u2013 Am 27.12.2025","author":"schwarze","date":"26. November 2025","format":false,"excerpt":"KILIANS FILMABEND \u2013 Mehr als NUR Filme gucken. Die ev.-ref. Kirchengemeinde Sch\u00f6tmar l\u00e4dt herzlich ein zu unserer Veranstaltungsreihe: KILIANS-FILMABEND. Unter diesem Namen pr\u00e4sentieren wir Filme, die auf besondere Weise christliche oder ethische Themen ansprechen und zum Nachdenken anregen. Dabei steht nicht nur das gemeinsame Filmerlebnis im Mittelpunkt, sondern auch der\u2026","rel":"","context":"In &quot;Allgemein&quot;","block_context":{"text":"Allgemein","link":"https:\/\/www.gemeinsame-jugendarbeit.de\/wordpress\/category\/allgemein\/"},"img":{"alt_text":"","src":"https:\/\/i0.wp.com\/www.gemeinsame-jugendarbeit.de\/wordpress\/wp-content\/uploads\/2025\/11\/Plakat-Kilians-Filmabend.jpg?fit=731%2C1008&ssl=1&resize=350%2C200","width":350,"height":200,"srcset":"https:\/\/i0.wp.com\/www.gemeinsame-jugendarbeit.de\/wordpress\/wp-content\/uploads\/2025\/11\/Plakat-Kilians-Filmabend.jpg?fit=731%2C1008&ssl=1&resize=350%2C200 1x, https:\/\/i0.wp.com\/www.gemeinsame-jugendarbeit.de\/wordpress\/wp-content\/uploads\/2025\/11\/Plakat-Kilians-Filmabend.jpg?fit=731%2C1008&ssl=1&resize=525%2C300 1.5x, https:\/\/i0.wp.com\/www.gemeinsame-jugendarbeit.de\/wordpress\/wp-content\/uploads\/2025\/11\/Plakat-Kilians-Filmabend.jpg?fit=731%2C1008&ssl=1&resize=700%2C400 2x"},"classes":[]},{"id":4646,"url":"https:\/\/www.gemeinsame-jugendarbeit.de\/wordpress\/2024\/10\/19\/kilians-filmabende-the-chosen-am-8-24-11-2024\/","url_meta":{"origin":4625,"position":1},"title":"Kilians Filmabende &#8222;The Chosen&#8220; am 8. &#038; 24.11.2024","author":"schwarze","date":"19. Oktober 2024","format":false,"excerpt":"Kilians Filmabende ,,The Chosen\" Gew\u00f6hn dich an anders! Die ev.-ref. Kirchengemeinde Sch\u00f6tmar zeigt die au\u00dfergew\u00f6hnliche Jesus-Serie im Gemeindehaus an der Kilianskirche! Die inspirierende Serie \u201eThe Chosen\" gemeinsam erleben, die das Leben Jesu und seiner J\u00fcnger auf eine neue und eindrucksvolle Weise erz\u00e4hlt. Nach dem Filmabend laden wir herzlich zu einer\u2026","rel":"","context":"In &quot;Allgemein&quot;","block_context":{"text":"Allgemein","link":"https:\/\/www.gemeinsame-jugendarbeit.de\/wordpress\/category\/allgemein\/"},"img":{"alt_text":"","src":"https:\/\/i0.wp.com\/www.gemeinsame-jugendarbeit.de\/wordpress\/wp-content\/uploads\/2024\/10\/Postkarte-Kirche_the-Chosen_DIN-A6_rgb.jpg?fit=865%2C1200&ssl=1&resize=350%2C200","width":350,"height":200,"srcset":"https:\/\/i0.wp.com\/www.gemeinsame-jugendarbeit.de\/wordpress\/wp-content\/uploads\/2024\/10\/Postkarte-Kirche_the-Chosen_DIN-A6_rgb.jpg?fit=865%2C1200&ssl=1&resize=350%2C200 1x, https:\/\/i0.wp.com\/www.gemeinsame-jugendarbeit.de\/wordpress\/wp-content\/uploads\/2024\/10\/Postkarte-Kirche_the-Chosen_DIN-A6_rgb.jpg?fit=865%2C1200&ssl=1&resize=525%2C300 1.5x, https:\/\/i0.wp.com\/www.gemeinsame-jugendarbeit.de\/wordpress\/wp-content\/uploads\/2024\/10\/Postkarte-Kirche_the-Chosen_DIN-A6_rgb.jpg?fit=865%2C1200&ssl=1&resize=700%2C400 2x"},"classes":[]},{"id":1460,"url":"https:\/\/www.gemeinsame-jugendarbeit.de\/wordpress\/2019\/09\/11\/queensgarden-gewinnt-sunnys\/","url_meta":{"origin":4625,"position":2},"title":"Queensgarden gewinnt Sunnys","author":"schwarze","date":"11. September 2019","format":false,"excerpt":"Im Juni hatte die B\u00e4ckerei Lechtermann \/ Pollmeier einen Promotion-Wettbewerb ausgeschrieben, bei dem sich Gruppen kreativ vorstellen konnten. Der sch\u00f6tmaraner M\u00e4dchenkreis Queensgarden hat es als Anlass genommen, ein Werbevideo \u00fcber ihre Gruppe zu drehen. Es wurde gefilmt, fotografiert, geschnitten, abgestimmt und neu geschnitten - und dann war es fertig. Das\u2026","rel":"","context":"In &quot;Allgemein&quot;","block_context":{"text":"Allgemein","link":"https:\/\/www.gemeinsame-jugendarbeit.de\/wordpress\/category\/allgemein\/"},"img":{"alt_text":"","src":"https:\/\/i0.wp.com\/www.gemeinsame-jugendarbeit.de\/wordpress\/wp-content\/uploads\/2019\/09\/WhatsApp-Image-2019-09-11-at-21.37.221-e1568231000456.jpeg?fit=900%2C1200&ssl=1&resize=350%2C200","width":350,"height":200,"srcset":"https:\/\/i0.wp.com\/www.gemeinsame-jugendarbeit.de\/wordpress\/wp-content\/uploads\/2019\/09\/WhatsApp-Image-2019-09-11-at-21.37.221-e1568231000456.jpeg?fit=900%2C1200&ssl=1&resize=350%2C200 1x, https:\/\/i0.wp.com\/www.gemeinsame-jugendarbeit.de\/wordpress\/wp-content\/uploads\/2019\/09\/WhatsApp-Image-2019-09-11-at-21.37.221-e1568231000456.jpeg?fit=900%2C1200&ssl=1&resize=525%2C300 1.5x, https:\/\/i0.wp.com\/www.gemeinsame-jugendarbeit.de\/wordpress\/wp-content\/uploads\/2019\/09\/WhatsApp-Image-2019-09-11-at-21.37.221-e1568231000456.jpeg?fit=900%2C1200&ssl=1&resize=700%2C400 2x"},"classes":[]},{"id":507,"url":"https:\/\/www.gemeinsame-jugendarbeit.de\/wordpress\/2020\/05\/13\/hoer-mal-hin-erfpop\/","url_meta":{"origin":4625,"position":3},"title":"H\u00f6r mal hin: ERFpop","author":"schwarze","date":"13. Mai 2020","format":"image","excerpt":"\"Wir wissen, dass Gott jeden Menschen liebt und eine Beziehung zu ihm haben m\u00f6chte. Wir sind \u00fcberzeugt davon, dass Christsein lebens- und gesellschaftsver\u00e4ndernd sein kann. Deswegen machen wir ERF Pop.\" (Zitat: ERFpop.de) ERFpop iste eine andere M\u00f6glichkeit einmal Radio zu h\u00f6ren. Eine bunte Mischung aus Charthits, christlichen Liedern, Nachrichten und\u2026","rel":"","context":"In &quot;Allgemein&quot;","block_context":{"text":"Allgemein","link":"https:\/\/www.gemeinsame-jugendarbeit.de\/wordpress\/category\/allgemein\/"},"img":{"alt_text":"","src":"","width":0,"height":0},"classes":[]},{"id":3210,"url":"https:\/\/www.gemeinsame-jugendarbeit.de\/wordpress\/2021\/09\/24\/eis-jugendseite-ich-bin-sophie-scholl\/","url_meta":{"origin":4625,"position":4},"title":"EIS-Jugendseite: Ich bin Sophie Scholl","author":"schwarze","date":"24. September 2021","format":false,"excerpt":"Crissi hat sich in der aktuellen EIS ein besonderes Thema ausgesucht:\u00a0 Sophie Scholl Eine junge Frau, die sich in der NS-Zeit gegen das Regime und f\u00fcr Freiheit und Selbstbestimmung eingesetzt hat.\u00a0 Ihr fr\u00fcher Tod hat sie bekannt gemacht - aber lest selbst ... \"Ich bin Sophie Scholl\" ist eine beeindruckendes\u2026","rel":"","context":"In &quot;Allgemein&quot;","block_context":{"text":"Allgemein","link":"https:\/\/www.gemeinsame-jugendarbeit.de\/wordpress\/category\/allgemein\/"},"img":{"alt_text":"","src":"https:\/\/i0.wp.com\/www.gemeinsame-jugendarbeit.de\/wordpress\/wp-content\/uploads\/2021\/09\/EIS_Ausgabe26-27_rgb-scaled.jpg?fit=1200%2C851&ssl=1&resize=350%2C200","width":350,"height":200,"srcset":"https:\/\/i0.wp.com\/www.gemeinsame-jugendarbeit.de\/wordpress\/wp-content\/uploads\/2021\/09\/EIS_Ausgabe26-27_rgb-scaled.jpg?fit=1200%2C851&ssl=1&resize=350%2C200 1x, https:\/\/i0.wp.com\/www.gemeinsame-jugendarbeit.de\/wordpress\/wp-content\/uploads\/2021\/09\/EIS_Ausgabe26-27_rgb-scaled.jpg?fit=1200%2C851&ssl=1&resize=525%2C300 1.5x, https:\/\/i0.wp.com\/www.gemeinsame-jugendarbeit.de\/wordpress\/wp-content\/uploads\/2021\/09\/EIS_Ausgabe26-27_rgb-scaled.jpg?fit=1200%2C851&ssl=1&resize=700%2C400 2x, https:\/\/i0.wp.com\/www.gemeinsame-jugendarbeit.de\/wordpress\/wp-content\/uploads\/2021\/09\/EIS_Ausgabe26-27_rgb-scaled.jpg?fit=1200%2C851&ssl=1&resize=1050%2C600 3x"},"classes":[]},{"id":1343,"url":"https:\/\/www.gemeinsame-jugendarbeit.de\/wordpress\/2019\/05\/01\/das-war-die-kinderbibelwoche-2019\/","url_meta":{"origin":4625,"position":5},"title":"Das war die Kinderbibelwoche 2019","author":"schwarze","date":"1. Mai 2019","format":false,"excerpt":"Eine Woche rund um das Labyrinth von Susa und die mutige K\u00f6nigin Esther - Die gemeinsame Jugendarbeit der evangelischen Kirchengemeinden in Sch\u00f6tmar und Sylbach hatte wieder ein starkes Programm organisiert. Ein Team aus 15 Ehrenamtlichen unter Leitung von Diakon Axel Schwarze und Pfr. Matthias Schmidt hatte f\u00fcr \u00fcber 60 Kinder\u2026","rel":"","context":"In &quot;Allgemein&quot;","block_context":{"text":"Allgemein","link":"https:\/\/www.gemeinsame-jugendarbeit.de\/wordpress\/category\/allgemein\/"},"img":{"alt_text":"","src":"https:\/\/i0.wp.com\/www.gemeinsame-jugendarbeit.de\/wordpress\/wp-content\/uploads\/2019\/02\/kbw2019_plakat.jpg?fit=855%2C1200&ssl=1&resize=350%2C200","width":350,"height":200,"srcset":"https:\/\/i0.wp.com\/www.gemeinsame-jugendarbeit.de\/wordpress\/wp-content\/uploads\/2019\/02\/kbw2019_plakat.jpg?fit=855%2C1200&ssl=1&resize=350%2C200 1x, https:\/\/i0.wp.com\/www.gemeinsame-jugendarbeit.de\/wordpress\/wp-content\/uploads\/2019\/02\/kbw2019_plakat.jpg?fit=855%2C1200&ssl=1&resize=525%2C300 1.5x, https:\/\/i0.wp.com\/www.gemeinsame-jugendarbeit.de\/wordpress\/wp-content\/uploads\/2019\/02\/kbw2019_plakat.jpg?fit=855%2C1200&ssl=1&resize=700%2C400 2x"},"classes":[]}],"publishpress_future_action":{"enabled":false,"date":"2026-05-09 05:16:08","action":"change-status","newStatus":"draft","terms":[],"taxonomy":"category"},"publishpress_future_workflow_manual_trigger":{"enabledWorkflows":[]},"_links":{"self":[{"href":"https:\/\/www.gemeinsame-jugendarbeit.de\/wordpress\/wp-json\/wp\/v2\/posts\/4625"}],"collection":[{"href":"https:\/\/www.gemeinsame-jugendarbeit.de\/wordpress\/wp-json\/wp\/v2\/posts"}],"about":[{"href":"https:\/\/www.gemeinsame-jugendarbeit.de\/wordpress\/wp-json\/wp\/v2\/types\/post"}],"author":[{"embeddable":true,"href":"https:\/\/www.gemeinsame-jugendarbeit.de\/wordpress\/wp-json\/wp\/v2\/users\/1"}],"replies":[{"embeddable":true,"href":"https:\/\/www.gemeinsame-jugendarbeit.de\/wordpress\/wp-json\/wp\/v2\/comments?post=4625"}],"version-history":[{"count":5,"href":"https:\/\/www.gemeinsame-jugendarbeit.de\/wordpress\/wp-json\/wp\/v2\/posts\/4625\/revisions"}],"predecessor-version":[{"id":4642,"href":"https:\/\/www.gemeinsame-jugendarbeit.de\/wordpress\/wp-json\/wp\/v2\/posts\/4625\/revisions\/4642"}],"wp:featuredmedia":[{"embeddable":true,"href":"https:\/\/www.gemeinsame-jugendarbeit.de\/wordpress\/wp-json\/wp\/v2\/media\/4639"}],"wp:attachment":[{"href":"https:\/\/www.gemeinsame-jugendarbeit.de\/wordpress\/wp-json\/wp\/v2\/media?parent=4625"}],"wp:term":[{"taxonomy":"category","embeddable":true,"href":"https:\/\/www.gemeinsame-jugendarbeit.de\/wordpress\/wp-json\/wp\/v2\/categories?post=4625"},{"taxonomy":"post_tag","embeddable":true,"href":"https:\/\/www.gemeinsame-jugendarbeit.de\/wordpress\/wp-json\/wp\/v2\/tags?post=4625"}],"curies":[{"name":"wp","href":"https:\/\/api.w.org\/{rel}","templated":true}]}}