{"id":4756,"date":"2025-01-07T20:02:54","date_gmt":"2025-01-07T19:02:54","guid":{"rendered":"https:\/\/www.gemeinsame-jugendarbeit.de\/wordpress\/?p=4756"},"modified":"2025-01-07T20:13:51","modified_gmt":"2025-01-07T19:13:51","slug":"weihnachtsspass-fuer-gross-und-klein-ein-nachmittag-voller-musik-freude-und-gemeinschaft-mit-daniel-kallauch","status":"publish","type":"post","link":"https:\/\/www.gemeinsame-jugendarbeit.de\/wordpress\/2025\/01\/07\/weihnachtsspass-fuer-gross-und-klein-ein-nachmittag-voller-musik-freude-und-gemeinschaft-mit-daniel-kallauch\/","title":{"rendered":"Tolle Adventsshow mit Daniel Kallauch"},"content":{"rendered":"\t\t<div data-elementor-type=\"wp-post\" data-elementor-id=\"4756\" class=\"elementor elementor-4756\">\n\t\t\t\t\t\t<section class=\"elementor-section elementor-top-section elementor-element elementor-element-a2366d3 elementor-section-boxed elementor-section-height-default elementor-section-height-default\" data-id=\"a2366d3\" data-element_type=\"section\">\n\t\t\t\t\t\t<div class=\"elementor-container elementor-column-gap-default\">\n\t\t\t\t\t<div class=\"elementor-column elementor-col-100 elementor-top-column elementor-element elementor-element-9ca226b\" data-id=\"9ca226b\" data-element_type=\"column\">\n\t\t\t<div class=\"elementor-widget-wrap elementor-element-populated\">\n\t\t\t\t\t\t<div class=\"elementor-element elementor-element-cb3fdcf elementor-widget elementor-widget-heading\" data-id=\"cb3fdcf\" data-element_type=\"widget\" data-widget_type=\"heading.default\">\n\t\t\t\t<div class=\"elementor-widget-container\">\n\t\t\t<h2 class=\"elementor-heading-title elementor-size-default\">Weihnachtsspa\u00df f\u00fcr Gro\u00df und Klein: Ein Nachmittag voller Musik, Freude und Gemeinschaft<\/h2>\t\t<\/div>\n\t\t\t\t<\/div>\n\t\t\t\t\t<\/div>\n\t\t<\/div>\n\t\t\t\t\t<\/div>\n\t\t<\/section>\n\t\t\t\t<section class=\"elementor-section elementor-top-section elementor-element elementor-element-db94e95 elementor-section-boxed elementor-section-height-default elementor-section-height-default\" data-id=\"db94e95\" data-element_type=\"section\">\n\t\t\t\t\t\t<div class=\"elementor-container elementor-column-gap-default\">\n\t\t\t\t\t<div class=\"elementor-column elementor-col-100 elementor-top-column elementor-element elementor-element-881173d\" data-id=\"881173d\" data-element_type=\"column\">\n\t\t\t<div class=\"elementor-widget-wrap elementor-element-populated\">\n\t\t\t\t\t\t<div class=\"elementor-element elementor-element-2894583 elementor-widget elementor-widget-text-editor\" data-id=\"2894583\" data-element_type=\"widget\" data-widget_type=\"text-editor.default\">\n\t\t\t\t<div class=\"elementor-widget-container\">\n\t\t\t\t\t\t\t<p>Am 20. Dezember 2024 verwandelte sich die Aula des Schulzentrums Lohfeld in Bad Salzuflen in eine fr\u00f6hliche Weihnachtsliederwelt, die Gro\u00df und Klein gleicherma\u00dfen begeisterte. Rund 250 Besucher*innen folgten der Einladung zu einem besonderen Adventserlebnis mit Daniel Kallauch und seiner frechcharmanten Handpuppe Willibald.<\/p><p>Mit seiner Mischung aus fetzigen Liedern, nachdenklichen Momenten und einer ordentlichen Prise Humor zog Kallauch das Publikum sofort in seinen Bann. Die Kinder klatschten, sangen und lachten, w\u00e4hrend die Erwachsenen die liebevollen Details und die weihnachtliche Botschaft der Show genossen. Besonders Willibald, wurde zum heimlichen Star des Nachmittags. Seine Vorfreude auf Weihnachten \u2013 und nat\u00fcrlich die Geschenke \u2013 sowie seine lustigen Verwechslungen, wie die Umbenennung von \u201eBad Salzuflen\u201c in \u201eBad Schnalzschnuffeln\u201c, sorgten f\u00fcr zahlreiche Lacher. Als Willibald schlie\u00dflich freudig verk\u00fcndete, dass er ein Geschwisterchen bekommen w\u00fcrde, ging ein kollektives \u201eOhh\u201c durch die Reihen.<\/p><p>Die 80-min\u00fctige Show verging wie im Flug. Ob bei mitrei\u00dfenden Mitmachliedern oder stillen Momenten der Besinnung \u2013 f\u00fcr jeden war etwas dabei.<\/p><p>\u00a0<\/p><p>Doch das Event war mehr als nur ein Konzert. Es war ein Beweis f\u00fcr gute Zusammenarbeit, denn die Adventsshow \u201eWeihnachten ist Party f\u00fcr Jesus\u201c wurde von den CVJMs und Kirchengemeinden aus Bad Salzuflen gemeinsam organisiert und zeigte eindrucksvoll, wie gelebte Gemeinschaft funktionieren kann. Zusammen schufen sie einen Nachmittag, der Freude und Hoffnung verbreitete \u2013 und der noch lange in den Herzen der G\u00e4ste nachklingen wird.<\/p><p>Es war ein gelungener Auftakt zur Weihnachtszeit, der die Botschaft klar vermittelte: Weihnachten ist nicht nur ein Fest der Geschenke, sondern vor allem ein Fest der Liebe, Gemeinschaft und des Glaubens.<\/p>\t\t\t\t\t\t<\/div>\n\t\t\t\t<\/div>\n\t\t\t\t\t<\/div>\n\t\t<\/div>\n\t\t\t\t\t<\/div>\n\t\t<\/section>\n\t\t\t\t<section class=\"elementor-section elementor-top-section elementor-element elementor-element-faa998f elementor-section-boxed elementor-section-height-default elementor-section-height-default\" data-id=\"faa998f\" data-element_type=\"section\">\n\t\t\t\t\t\t<div class=\"elementor-container elementor-column-gap-default\">\n\t\t\t\t\t<div class=\"elementor-column elementor-col-33 elementor-top-column elementor-element elementor-element-96f5160\" data-id=\"96f5160\" data-element_type=\"column\">\n\t\t\t<div class=\"elementor-widget-wrap elementor-element-populated\">\n\t\t\t\t\t\t<div class=\"elementor-element elementor-element-c5cd387 elementor-widget elementor-widget-image\" data-id=\"c5cd387\" data-element_type=\"widget\" data-widget_type=\"image.default\">\n\t\t\t\t<div class=\"elementor-widget-container\">\n\t\t\t\t\t\t\t\t\t\t\t\t\t\t<a href=\"https:\/\/i0.wp.com\/www.gemeinsame-jugendarbeit.de\/wordpress\/wp-content\/uploads\/2025\/01\/20241220_180122_Cut2.jpg?ssl=1\" data-elementor-open-lightbox=\"yes\" data-elementor-lightbox-title=\"20241220_180122_Cut2\" data-e-action-hash=\"#elementor-action%3Aaction%3Dlightbox%26settings%3DeyJpZCI6NDc1OCwidXJsIjoiaHR0cHM6XC9cL3d3dy5nZW1laW5zYW1lLWp1Z2VuZGFyYmVpdC5kZVwvd29yZHByZXNzXC93cC1jb250ZW50XC91cGxvYWRzXC8yMDI1XC8wMVwvMjAyNDEyMjBfMTgwMTIyX0N1dDIuanBnIn0%3D\">\n\t\t\t\t\t\t\t<img data-attachment-id=\"4758\" data-permalink=\"https:\/\/www.gemeinsame-jugendarbeit.de\/wordpress\/20241220_180122_cut2\/\" data-orig-file=\"https:\/\/i0.wp.com\/www.gemeinsame-jugendarbeit.de\/wordpress\/wp-content\/uploads\/2025\/01\/20241220_180122_Cut2.jpg?fit=1875%2C1629&amp;ssl=1\" data-orig-size=\"1875,1629\" data-comments-opened=\"0\" data-image-meta=\"{&quot;aperture&quot;:&quot;1.8&quot;,&quot;credit&quot;:&quot;acer&quot;,&quot;camera&quot;:&quot;Galaxy S24+&quot;,&quot;caption&quot;:&quot;&quot;,&quot;created_timestamp&quot;:&quot;1734856460&quot;,&quot;copyright&quot;:&quot;&quot;,&quot;focal_length&quot;:&quot;5.4&quot;,&quot;iso&quot;:&quot;500&quot;,&quot;shutter_speed&quot;:&quot;0.033333333333333&quot;,&quot;title&quot;:&quot;&quot;,&quot;orientation&quot;:&quot;1&quot;}\" data-image-title=\"20241220_180122_Cut2\" data-image-description=\"\" data-image-caption=\"\" data-medium-file=\"https:\/\/i0.wp.com\/www.gemeinsame-jugendarbeit.de\/wordpress\/wp-content\/uploads\/2025\/01\/20241220_180122_Cut2.jpg?fit=300%2C261&amp;ssl=1\" data-large-file=\"https:\/\/i0.wp.com\/www.gemeinsame-jugendarbeit.de\/wordpress\/wp-content\/uploads\/2025\/01\/20241220_180122_Cut2.jpg?fit=1000%2C869&amp;ssl=1\" fetchpriority=\"high\" decoding=\"async\" width=\"768\" height=\"667\" src=\"https:\/\/i0.wp.com\/www.gemeinsame-jugendarbeit.de\/wordpress\/wp-content\/uploads\/2025\/01\/20241220_180122_Cut2.jpg?fit=768%2C667&amp;ssl=1\" class=\"attachment-medium_large size-medium_large wp-image-4758\" alt=\"\" srcset=\"https:\/\/i0.wp.com\/www.gemeinsame-jugendarbeit.de\/wordpress\/wp-content\/uploads\/2025\/01\/20241220_180122_Cut2.jpg?w=1875&amp;ssl=1 1875w, https:\/\/i0.wp.com\/www.gemeinsame-jugendarbeit.de\/wordpress\/wp-content\/uploads\/2025\/01\/20241220_180122_Cut2.jpg?resize=300%2C261&amp;ssl=1 300w, https:\/\/i0.wp.com\/www.gemeinsame-jugendarbeit.de\/wordpress\/wp-content\/uploads\/2025\/01\/20241220_180122_Cut2.jpg?resize=1024%2C890&amp;ssl=1 1024w, https:\/\/i0.wp.com\/www.gemeinsame-jugendarbeit.de\/wordpress\/wp-content\/uploads\/2025\/01\/20241220_180122_Cut2.jpg?resize=768%2C667&amp;ssl=1 768w, https:\/\/i0.wp.com\/www.gemeinsame-jugendarbeit.de\/wordpress\/wp-content\/uploads\/2025\/01\/20241220_180122_Cut2.jpg?resize=1536%2C1334&amp;ssl=1 1536w, https:\/\/i0.wp.com\/www.gemeinsame-jugendarbeit.de\/wordpress\/wp-content\/uploads\/2025\/01\/20241220_180122_Cut2.jpg?resize=345%2C300&amp;ssl=1 345w\" sizes=\"(max-width: 768px) 100vw, 768px\" data-attachment-id=\"4758\" data-permalink=\"https:\/\/www.gemeinsame-jugendarbeit.de\/wordpress\/20241220_180122_cut2\/\" data-orig-file=\"https:\/\/i0.wp.com\/www.gemeinsame-jugendarbeit.de\/wordpress\/wp-content\/uploads\/2025\/01\/20241220_180122_Cut2.jpg?fit=1875%2C1629&amp;ssl=1\" data-orig-size=\"1875,1629\" data-comments-opened=\"0\" data-image-meta=\"{&quot;aperture&quot;:&quot;1.8&quot;,&quot;credit&quot;:&quot;acer&quot;,&quot;camera&quot;:&quot;Galaxy S24+&quot;,&quot;caption&quot;:&quot;&quot;,&quot;created_timestamp&quot;:&quot;1734856460&quot;,&quot;copyright&quot;:&quot;&quot;,&quot;focal_length&quot;:&quot;5.4&quot;,&quot;iso&quot;:&quot;500&quot;,&quot;shutter_speed&quot;:&quot;0.033333333333333&quot;,&quot;title&quot;:&quot;&quot;,&quot;orientation&quot;:&quot;1&quot;}\" data-image-title=\"20241220_180122_Cut2\" data-image-description=\"\" data-image-caption=\"\" data-medium-file=\"https:\/\/i0.wp.com\/www.gemeinsame-jugendarbeit.de\/wordpress\/wp-content\/uploads\/2025\/01\/20241220_180122_Cut2.jpg?fit=300%2C261&amp;ssl=1\" data-large-file=\"https:\/\/i0.wp.com\/www.gemeinsame-jugendarbeit.de\/wordpress\/wp-content\/uploads\/2025\/01\/20241220_180122_Cut2.jpg?fit=1000%2C869&amp;ssl=1\" \/>\t\t\t\t\t\t\t\t<\/a>\n\t\t\t\t\t\t\t\t\t\t\t\t\t<\/div>\n\t\t\t\t<\/div>\n\t\t\t\t\t<\/div>\n\t\t<\/div>\n\t\t\t\t<div class=\"elementor-column elementor-col-33 elementor-top-column elementor-element elementor-element-8ac766b\" data-id=\"8ac766b\" data-element_type=\"column\">\n\t\t\t<div class=\"elementor-widget-wrap elementor-element-populated\">\n\t\t\t\t\t\t<div class=\"elementor-element elementor-element-0511a2a elementor-widget elementor-widget-image\" data-id=\"0511a2a\" data-element_type=\"widget\" data-widget_type=\"image.default\">\n\t\t\t\t<div class=\"elementor-widget-container\">\n\t\t\t\t\t\t\t\t\t\t\t\t\t\t<a href=\"https:\/\/i0.wp.com\/www.gemeinsame-jugendarbeit.de\/wordpress\/wp-content\/uploads\/2025\/01\/20241220_173035_Cut-scaled.jpg?ssl=1\" data-elementor-open-lightbox=\"yes\" data-elementor-lightbox-title=\"20241220_173035_Cut\" data-e-action-hash=\"#elementor-action%3Aaction%3Dlightbox%26settings%3DeyJpZCI6NDc1NSwidXJsIjoiaHR0cHM6XC9cL3d3dy5nZW1laW5zYW1lLWp1Z2VuZGFyYmVpdC5kZVwvd29yZHByZXNzXC93cC1jb250ZW50XC91cGxvYWRzXC8yMDI1XC8wMVwvMjAyNDEyMjBfMTczMDM1X0N1dC1zY2FsZWQuanBnIn0%3D\">\n\t\t\t\t\t\t\t<img data-attachment-id=\"4755\" data-permalink=\"https:\/\/www.gemeinsame-jugendarbeit.de\/wordpress\/20241220_173035_cut\/\" data-orig-file=\"https:\/\/i0.wp.com\/www.gemeinsame-jugendarbeit.de\/wordpress\/wp-content\/uploads\/2025\/01\/20241220_173035_Cut-scaled.jpg?fit=2560%2C1307&amp;ssl=1\" data-orig-size=\"2560,1307\" data-comments-opened=\"0\" data-image-meta=\"{&quot;aperture&quot;:&quot;1.8&quot;,&quot;credit&quot;:&quot;acer&quot;,&quot;camera&quot;:&quot;Galaxy S24+&quot;,&quot;caption&quot;:&quot;&quot;,&quot;created_timestamp&quot;:&quot;1734856720&quot;,&quot;copyright&quot;:&quot;&quot;,&quot;focal_length&quot;:&quot;5.4&quot;,&quot;iso&quot;:&quot;3200&quot;,&quot;shutter_speed&quot;:&quot;0.076923076923077&quot;,&quot;title&quot;:&quot;&quot;,&quot;orientation&quot;:&quot;1&quot;}\" data-image-title=\"20241220_173035_Cut\" data-image-description=\"\" data-image-caption=\"\" data-medium-file=\"https:\/\/i0.wp.com\/www.gemeinsame-jugendarbeit.de\/wordpress\/wp-content\/uploads\/2025\/01\/20241220_173035_Cut-scaled.jpg?fit=300%2C153&amp;ssl=1\" data-large-file=\"https:\/\/i0.wp.com\/www.gemeinsame-jugendarbeit.de\/wordpress\/wp-content\/uploads\/2025\/01\/20241220_173035_Cut-scaled.jpg?fit=1000%2C511&amp;ssl=1\" decoding=\"async\" width=\"1000\" height=\"511\" src=\"https:\/\/i0.wp.com\/www.gemeinsame-jugendarbeit.de\/wordpress\/wp-content\/uploads\/2025\/01\/20241220_173035_Cut-scaled.jpg?fit=1000%2C511&amp;ssl=1\" class=\"attachment-large size-large wp-image-4755\" alt=\"\" srcset=\"https:\/\/i0.wp.com\/www.gemeinsame-jugendarbeit.de\/wordpress\/wp-content\/uploads\/2025\/01\/20241220_173035_Cut-scaled.jpg?w=2560&amp;ssl=1 2560w, https:\/\/i0.wp.com\/www.gemeinsame-jugendarbeit.de\/wordpress\/wp-content\/uploads\/2025\/01\/20241220_173035_Cut-scaled.jpg?resize=300%2C153&amp;ssl=1 300w, https:\/\/i0.wp.com\/www.gemeinsame-jugendarbeit.de\/wordpress\/wp-content\/uploads\/2025\/01\/20241220_173035_Cut-scaled.jpg?resize=1024%2C523&amp;ssl=1 1024w, https:\/\/i0.wp.com\/www.gemeinsame-jugendarbeit.de\/wordpress\/wp-content\/uploads\/2025\/01\/20241220_173035_Cut-scaled.jpg?resize=768%2C392&amp;ssl=1 768w, https:\/\/i0.wp.com\/www.gemeinsame-jugendarbeit.de\/wordpress\/wp-content\/uploads\/2025\/01\/20241220_173035_Cut-scaled.jpg?resize=1536%2C784&amp;ssl=1 1536w, https:\/\/i0.wp.com\/www.gemeinsame-jugendarbeit.de\/wordpress\/wp-content\/uploads\/2025\/01\/20241220_173035_Cut-scaled.jpg?resize=2048%2C1046&amp;ssl=1 2048w, https:\/\/i0.wp.com\/www.gemeinsame-jugendarbeit.de\/wordpress\/wp-content\/uploads\/2025\/01\/20241220_173035_Cut-scaled.jpg?resize=587%2C300&amp;ssl=1 587w\" sizes=\"(max-width: 1000px) 100vw, 1000px\" data-attachment-id=\"4755\" data-permalink=\"https:\/\/www.gemeinsame-jugendarbeit.de\/wordpress\/20241220_173035_cut\/\" data-orig-file=\"https:\/\/i0.wp.com\/www.gemeinsame-jugendarbeit.de\/wordpress\/wp-content\/uploads\/2025\/01\/20241220_173035_Cut-scaled.jpg?fit=2560%2C1307&amp;ssl=1\" data-orig-size=\"2560,1307\" data-comments-opened=\"0\" data-image-meta=\"{&quot;aperture&quot;:&quot;1.8&quot;,&quot;credit&quot;:&quot;acer&quot;,&quot;camera&quot;:&quot;Galaxy S24+&quot;,&quot;caption&quot;:&quot;&quot;,&quot;created_timestamp&quot;:&quot;1734856720&quot;,&quot;copyright&quot;:&quot;&quot;,&quot;focal_length&quot;:&quot;5.4&quot;,&quot;iso&quot;:&quot;3200&quot;,&quot;shutter_speed&quot;:&quot;0.076923076923077&quot;,&quot;title&quot;:&quot;&quot;,&quot;orientation&quot;:&quot;1&quot;}\" data-image-title=\"20241220_173035_Cut\" data-image-description=\"\" data-image-caption=\"\" data-medium-file=\"https:\/\/i0.wp.com\/www.gemeinsame-jugendarbeit.de\/wordpress\/wp-content\/uploads\/2025\/01\/20241220_173035_Cut-scaled.jpg?fit=300%2C153&amp;ssl=1\" data-large-file=\"https:\/\/i0.wp.com\/www.gemeinsame-jugendarbeit.de\/wordpress\/wp-content\/uploads\/2025\/01\/20241220_173035_Cut-scaled.jpg?fit=1000%2C511&amp;ssl=1\" \/>\t\t\t\t\t\t\t\t<\/a>\n\t\t\t\t\t\t\t\t\t\t\t\t\t<\/div>\n\t\t\t\t<\/div>\n\t\t\t\t\t<\/div>\n\t\t<\/div>\n\t\t\t\t<div class=\"elementor-column elementor-col-33 elementor-top-column elementor-element elementor-element-da0efda\" data-id=\"da0efda\" data-element_type=\"column\">\n\t\t\t<div class=\"elementor-widget-wrap elementor-element-populated\">\n\t\t\t\t\t\t<div class=\"elementor-element elementor-element-2b0225a elementor-widget elementor-widget-image\" data-id=\"2b0225a\" data-element_type=\"widget\" data-widget_type=\"image.default\">\n\t\t\t\t<div class=\"elementor-widget-container\">\n\t\t\t\t\t\t\t\t\t\t\t\t\t\t<a href=\"https:\/\/i0.wp.com\/www.gemeinsame-jugendarbeit.de\/wordpress\/wp-content\/uploads\/2025\/01\/20241220_172915_Cut-scaled.jpg?ssl=1\" data-elementor-open-lightbox=\"yes\" data-elementor-lightbox-title=\"20241220_172915_Cut\" data-e-action-hash=\"#elementor-action%3Aaction%3Dlightbox%26settings%3DeyJpZCI6NDc1NCwidXJsIjoiaHR0cHM6XC9cL3d3dy5nZW1laW5zYW1lLWp1Z2VuZGFyYmVpdC5kZVwvd29yZHByZXNzXC93cC1jb250ZW50XC91cGxvYWRzXC8yMDI1XC8wMVwvMjAyNDEyMjBfMTcyOTE1X0N1dC1zY2FsZWQuanBnIn0%3D\">\n\t\t\t\t\t\t\t<img data-attachment-id=\"4754\" data-permalink=\"https:\/\/www.gemeinsame-jugendarbeit.de\/wordpress\/20241220_172915_cut\/\" data-orig-file=\"https:\/\/i0.wp.com\/www.gemeinsame-jugendarbeit.de\/wordpress\/wp-content\/uploads\/2025\/01\/20241220_172915_Cut-scaled.jpg?fit=2560%2C1430&amp;ssl=1\" data-orig-size=\"2560,1430\" data-comments-opened=\"0\" data-image-meta=\"{&quot;aperture&quot;:&quot;1.8&quot;,&quot;credit&quot;:&quot;acer&quot;,&quot;camera&quot;:&quot;Galaxy S24+&quot;,&quot;caption&quot;:&quot;&quot;,&quot;created_timestamp&quot;:&quot;1734856636&quot;,&quot;copyright&quot;:&quot;&quot;,&quot;focal_length&quot;:&quot;5.4&quot;,&quot;iso&quot;:&quot;320&quot;,&quot;shutter_speed&quot;:&quot;0.025641025641026&quot;,&quot;title&quot;:&quot;&quot;,&quot;orientation&quot;:&quot;1&quot;}\" data-image-title=\"20241220_172915_Cut\" data-image-description=\"\" data-image-caption=\"\" data-medium-file=\"https:\/\/i0.wp.com\/www.gemeinsame-jugendarbeit.de\/wordpress\/wp-content\/uploads\/2025\/01\/20241220_172915_Cut-scaled.jpg?fit=300%2C168&amp;ssl=1\" data-large-file=\"https:\/\/i0.wp.com\/www.gemeinsame-jugendarbeit.de\/wordpress\/wp-content\/uploads\/2025\/01\/20241220_172915_Cut-scaled.jpg?fit=1000%2C559&amp;ssl=1\" decoding=\"async\" width=\"1000\" height=\"559\" src=\"https:\/\/i0.wp.com\/www.gemeinsame-jugendarbeit.de\/wordpress\/wp-content\/uploads\/2025\/01\/20241220_172915_Cut-scaled.jpg?fit=1000%2C559&amp;ssl=1\" class=\"attachment-large size-large wp-image-4754\" alt=\"\" srcset=\"https:\/\/i0.wp.com\/www.gemeinsame-jugendarbeit.de\/wordpress\/wp-content\/uploads\/2025\/01\/20241220_172915_Cut-scaled.jpg?w=2560&amp;ssl=1 2560w, https:\/\/i0.wp.com\/www.gemeinsame-jugendarbeit.de\/wordpress\/wp-content\/uploads\/2025\/01\/20241220_172915_Cut-scaled.jpg?resize=300%2C168&amp;ssl=1 300w, https:\/\/i0.wp.com\/www.gemeinsame-jugendarbeit.de\/wordpress\/wp-content\/uploads\/2025\/01\/20241220_172915_Cut-scaled.jpg?resize=1024%2C572&amp;ssl=1 1024w, https:\/\/i0.wp.com\/www.gemeinsame-jugendarbeit.de\/wordpress\/wp-content\/uploads\/2025\/01\/20241220_172915_Cut-scaled.jpg?resize=768%2C429&amp;ssl=1 768w, https:\/\/i0.wp.com\/www.gemeinsame-jugendarbeit.de\/wordpress\/wp-content\/uploads\/2025\/01\/20241220_172915_Cut-scaled.jpg?resize=1536%2C858&amp;ssl=1 1536w, https:\/\/i0.wp.com\/www.gemeinsame-jugendarbeit.de\/wordpress\/wp-content\/uploads\/2025\/01\/20241220_172915_Cut-scaled.jpg?resize=2048%2C1144&amp;ssl=1 2048w, https:\/\/i0.wp.com\/www.gemeinsame-jugendarbeit.de\/wordpress\/wp-content\/uploads\/2025\/01\/20241220_172915_Cut-scaled.jpg?resize=537%2C300&amp;ssl=1 537w\" sizes=\"(max-width: 1000px) 100vw, 1000px\" data-attachment-id=\"4754\" data-permalink=\"https:\/\/www.gemeinsame-jugendarbeit.de\/wordpress\/20241220_172915_cut\/\" data-orig-file=\"https:\/\/i0.wp.com\/www.gemeinsame-jugendarbeit.de\/wordpress\/wp-content\/uploads\/2025\/01\/20241220_172915_Cut-scaled.jpg?fit=2560%2C1430&amp;ssl=1\" data-orig-size=\"2560,1430\" data-comments-opened=\"0\" data-image-meta=\"{&quot;aperture&quot;:&quot;1.8&quot;,&quot;credit&quot;:&quot;acer&quot;,&quot;camera&quot;:&quot;Galaxy S24+&quot;,&quot;caption&quot;:&quot;&quot;,&quot;created_timestamp&quot;:&quot;1734856636&quot;,&quot;copyright&quot;:&quot;&quot;,&quot;focal_length&quot;:&quot;5.4&quot;,&quot;iso&quot;:&quot;320&quot;,&quot;shutter_speed&quot;:&quot;0.025641025641026&quot;,&quot;title&quot;:&quot;&quot;,&quot;orientation&quot;:&quot;1&quot;}\" data-image-title=\"20241220_172915_Cut\" data-image-description=\"\" data-image-caption=\"\" data-medium-file=\"https:\/\/i0.wp.com\/www.gemeinsame-jugendarbeit.de\/wordpress\/wp-content\/uploads\/2025\/01\/20241220_172915_Cut-scaled.jpg?fit=300%2C168&amp;ssl=1\" data-large-file=\"https:\/\/i0.wp.com\/www.gemeinsame-jugendarbeit.de\/wordpress\/wp-content\/uploads\/2025\/01\/20241220_172915_Cut-scaled.jpg?fit=1000%2C559&amp;ssl=1\" \/>\t\t\t\t\t\t\t\t<\/a>\n\t\t\t\t\t\t\t\t\t\t\t\t\t<\/div>\n\t\t\t\t<\/div>\n\t\t\t\t\t<\/div>\n\t\t<\/div>\n\t\t\t\t\t<\/div>\n\t\t<\/section>\n\t\t\t\t<section class=\"elementor-section elementor-top-section elementor-element elementor-element-5c65070 elementor-section-boxed elementor-section-height-default elementor-section-height-default\" data-id=\"5c65070\" data-element_type=\"section\">\n\t\t\t\t\t\t<div class=\"elementor-container elementor-column-gap-default\">\n\t\t\t\t\t<div class=\"elementor-column elementor-col-25 elementor-top-column elementor-element elementor-element-aa5ef26\" data-id=\"aa5ef26\" data-element_type=\"column\">\n\t\t\t<div class=\"elementor-widget-wrap elementor-element-populated\">\n\t\t\t\t\t\t<div class=\"elementor-element elementor-element-5448e7f elementor-widget elementor-widget-image\" data-id=\"5448e7f\" data-element_type=\"widget\" data-widget_type=\"image.default\">\n\t\t\t\t<div class=\"elementor-widget-container\">\n\t\t\t\t\t\t\t\t\t\t\t\t\t\t<a href=\"https:\/\/i0.wp.com\/www.gemeinsame-jugendarbeit.de\/wordpress\/wp-content\/uploads\/2025\/01\/20241220_180355-scaled.jpg?ssl=1\" data-elementor-open-lightbox=\"yes\" data-elementor-lightbox-title=\"20241220_180355\" data-e-action-hash=\"#elementor-action%3Aaction%3Dlightbox%26settings%3DeyJpZCI6NDc1OSwidXJsIjoiaHR0cHM6XC9cL3d3dy5nZW1laW5zYW1lLWp1Z2VuZGFyYmVpdC5kZVwvd29yZHByZXNzXC93cC1jb250ZW50XC91cGxvYWRzXC8yMDI1XC8wMVwvMjAyNDEyMjBfMTgwMzU1LXNjYWxlZC5qcGcifQ%3D%3D\">\n\t\t\t\t\t\t\t<img data-attachment-id=\"4759\" data-permalink=\"https:\/\/www.gemeinsame-jugendarbeit.de\/wordpress\/20241220_180355\/\" data-orig-file=\"https:\/\/i0.wp.com\/www.gemeinsame-jugendarbeit.de\/wordpress\/wp-content\/uploads\/2025\/01\/20241220_180355-scaled.jpg?fit=1441%2C2560&amp;ssl=1\" data-orig-size=\"1441,2560\" data-comments-opened=\"0\" data-image-meta=\"{&quot;aperture&quot;:&quot;2.4&quot;,&quot;credit&quot;:&quot;&quot;,&quot;camera&quot;:&quot;Galaxy S24+&quot;,&quot;caption&quot;:&quot;&quot;,&quot;created_timestamp&quot;:&quot;1734717835&quot;,&quot;copyright&quot;:&quot;&quot;,&quot;focal_length&quot;:&quot;7&quot;,&quot;iso&quot;:&quot;250&quot;,&quot;shutter_speed&quot;:&quot;0.033333333333333&quot;,&quot;title&quot;:&quot;&quot;,&quot;orientation&quot;:&quot;1&quot;}\" data-image-title=\"20241220_180355\" data-image-description=\"\" data-image-caption=\"\" data-medium-file=\"https:\/\/i0.wp.com\/www.gemeinsame-jugendarbeit.de\/wordpress\/wp-content\/uploads\/2025\/01\/20241220_180355-scaled.jpg?fit=169%2C300&amp;ssl=1\" data-large-file=\"https:\/\/i0.wp.com\/www.gemeinsame-jugendarbeit.de\/wordpress\/wp-content\/uploads\/2025\/01\/20241220_180355-scaled.jpg?fit=577%2C1024&amp;ssl=1\" loading=\"lazy\" decoding=\"async\" width=\"577\" height=\"1024\" src=\"https:\/\/i0.wp.com\/www.gemeinsame-jugendarbeit.de\/wordpress\/wp-content\/uploads\/2025\/01\/20241220_180355-scaled.jpg?fit=577%2C1024&amp;ssl=1\" class=\"attachment-large size-large wp-image-4759\" alt=\"\" srcset=\"https:\/\/i0.wp.com\/www.gemeinsame-jugendarbeit.de\/wordpress\/wp-content\/uploads\/2025\/01\/20241220_180355-scaled.jpg?w=1441&amp;ssl=1 1441w, https:\/\/i0.wp.com\/www.gemeinsame-jugendarbeit.de\/wordpress\/wp-content\/uploads\/2025\/01\/20241220_180355-scaled.jpg?resize=169%2C300&amp;ssl=1 169w, https:\/\/i0.wp.com\/www.gemeinsame-jugendarbeit.de\/wordpress\/wp-content\/uploads\/2025\/01\/20241220_180355-scaled.jpg?resize=577%2C1024&amp;ssl=1 577w, https:\/\/i0.wp.com\/www.gemeinsame-jugendarbeit.de\/wordpress\/wp-content\/uploads\/2025\/01\/20241220_180355-scaled.jpg?resize=768%2C1364&amp;ssl=1 768w, https:\/\/i0.wp.com\/www.gemeinsame-jugendarbeit.de\/wordpress\/wp-content\/uploads\/2025\/01\/20241220_180355-scaled.jpg?resize=865%2C1536&amp;ssl=1 865w, https:\/\/i0.wp.com\/www.gemeinsame-jugendarbeit.de\/wordpress\/wp-content\/uploads\/2025\/01\/20241220_180355-scaled.jpg?resize=1153%2C2048&amp;ssl=1 1153w\" sizes=\"(max-width: 577px) 100vw, 577px\" data-attachment-id=\"4759\" data-permalink=\"https:\/\/www.gemeinsame-jugendarbeit.de\/wordpress\/20241220_180355\/\" data-orig-file=\"https:\/\/i0.wp.com\/www.gemeinsame-jugendarbeit.de\/wordpress\/wp-content\/uploads\/2025\/01\/20241220_180355-scaled.jpg?fit=1441%2C2560&amp;ssl=1\" data-orig-size=\"1441,2560\" data-comments-opened=\"0\" data-image-meta=\"{&quot;aperture&quot;:&quot;2.4&quot;,&quot;credit&quot;:&quot;&quot;,&quot;camera&quot;:&quot;Galaxy S24+&quot;,&quot;caption&quot;:&quot;&quot;,&quot;created_timestamp&quot;:&quot;1734717835&quot;,&quot;copyright&quot;:&quot;&quot;,&quot;focal_length&quot;:&quot;7&quot;,&quot;iso&quot;:&quot;250&quot;,&quot;shutter_speed&quot;:&quot;0.033333333333333&quot;,&quot;title&quot;:&quot;&quot;,&quot;orientation&quot;:&quot;1&quot;}\" data-image-title=\"20241220_180355\" data-image-description=\"\" data-image-caption=\"\" data-medium-file=\"https:\/\/i0.wp.com\/www.gemeinsame-jugendarbeit.de\/wordpress\/wp-content\/uploads\/2025\/01\/20241220_180355-scaled.jpg?fit=169%2C300&amp;ssl=1\" data-large-file=\"https:\/\/i0.wp.com\/www.gemeinsame-jugendarbeit.de\/wordpress\/wp-content\/uploads\/2025\/01\/20241220_180355-scaled.jpg?fit=577%2C1024&amp;ssl=1\" \/>\t\t\t\t\t\t\t\t<\/a>\n\t\t\t\t\t\t\t\t\t\t\t\t\t<\/div>\n\t\t\t\t<\/div>\n\t\t\t\t\t<\/div>\n\t\t<\/div>\n\t\t\t\t<div class=\"elementor-column elementor-col-25 elementor-top-column elementor-element elementor-element-1081c48\" data-id=\"1081c48\" data-element_type=\"column\">\n\t\t\t<div class=\"elementor-widget-wrap elementor-element-populated\">\n\t\t\t\t\t\t<div class=\"elementor-element elementor-element-5551a9d elementor-widget elementor-widget-image\" data-id=\"5551a9d\" data-element_type=\"widget\" data-widget_type=\"image.default\">\n\t\t\t\t<div class=\"elementor-widget-container\">\n\t\t\t\t\t\t\t\t\t\t\t\t\t\t<a href=\"https:\/\/i0.wp.com\/www.gemeinsame-jugendarbeit.de\/wordpress\/wp-content\/uploads\/2025\/01\/20241220_182259-scaled.jpg?ssl=1\" data-elementor-open-lightbox=\"yes\" data-elementor-lightbox-title=\"20241220_182259\" data-e-action-hash=\"#elementor-action%3Aaction%3Dlightbox%26settings%3DeyJpZCI6NDc2MCwidXJsIjoiaHR0cHM6XC9cL3d3dy5nZW1laW5zYW1lLWp1Z2VuZGFyYmVpdC5kZVwvd29yZHByZXNzXC93cC1jb250ZW50XC91cGxvYWRzXC8yMDI1XC8wMVwvMjAyNDEyMjBfMTgyMjU5LXNjYWxlZC5qcGcifQ%3D%3D\">\n\t\t\t\t\t\t\t<img data-attachment-id=\"4760\" data-permalink=\"https:\/\/www.gemeinsame-jugendarbeit.de\/wordpress\/20241220_182259\/\" data-orig-file=\"https:\/\/i0.wp.com\/www.gemeinsame-jugendarbeit.de\/wordpress\/wp-content\/uploads\/2025\/01\/20241220_182259-scaled.jpg?fit=1441%2C2560&amp;ssl=1\" data-orig-size=\"1441,2560\" data-comments-opened=\"0\" data-image-meta=\"{&quot;aperture&quot;:&quot;2.4&quot;,&quot;credit&quot;:&quot;&quot;,&quot;camera&quot;:&quot;Galaxy S24+&quot;,&quot;caption&quot;:&quot;&quot;,&quot;created_timestamp&quot;:&quot;1734718979&quot;,&quot;copyright&quot;:&quot;&quot;,&quot;focal_length&quot;:&quot;7&quot;,&quot;iso&quot;:&quot;640&quot;,&quot;shutter_speed&quot;:&quot;0.033333333333333&quot;,&quot;title&quot;:&quot;&quot;,&quot;orientation&quot;:&quot;1&quot;}\" data-image-title=\"20241220_182259\" data-image-description=\"\" data-image-caption=\"\" data-medium-file=\"https:\/\/i0.wp.com\/www.gemeinsame-jugendarbeit.de\/wordpress\/wp-content\/uploads\/2025\/01\/20241220_182259-scaled.jpg?fit=169%2C300&amp;ssl=1\" data-large-file=\"https:\/\/i0.wp.com\/www.gemeinsame-jugendarbeit.de\/wordpress\/wp-content\/uploads\/2025\/01\/20241220_182259-scaled.jpg?fit=577%2C1024&amp;ssl=1\" loading=\"lazy\" decoding=\"async\" width=\"577\" height=\"1024\" src=\"https:\/\/i0.wp.com\/www.gemeinsame-jugendarbeit.de\/wordpress\/wp-content\/uploads\/2025\/01\/20241220_182259-scaled.jpg?fit=577%2C1024&amp;ssl=1\" class=\"attachment-large size-large wp-image-4760\" alt=\"\" srcset=\"https:\/\/i0.wp.com\/www.gemeinsame-jugendarbeit.de\/wordpress\/wp-content\/uploads\/2025\/01\/20241220_182259-scaled.jpg?w=1441&amp;ssl=1 1441w, https:\/\/i0.wp.com\/www.gemeinsame-jugendarbeit.de\/wordpress\/wp-content\/uploads\/2025\/01\/20241220_182259-scaled.jpg?resize=169%2C300&amp;ssl=1 169w, https:\/\/i0.wp.com\/www.gemeinsame-jugendarbeit.de\/wordpress\/wp-content\/uploads\/2025\/01\/20241220_182259-scaled.jpg?resize=577%2C1024&amp;ssl=1 577w, https:\/\/i0.wp.com\/www.gemeinsame-jugendarbeit.de\/wordpress\/wp-content\/uploads\/2025\/01\/20241220_182259-scaled.jpg?resize=768%2C1364&amp;ssl=1 768w, https:\/\/i0.wp.com\/www.gemeinsame-jugendarbeit.de\/wordpress\/wp-content\/uploads\/2025\/01\/20241220_182259-scaled.jpg?resize=865%2C1536&amp;ssl=1 865w, https:\/\/i0.wp.com\/www.gemeinsame-jugendarbeit.de\/wordpress\/wp-content\/uploads\/2025\/01\/20241220_182259-scaled.jpg?resize=1153%2C2048&amp;ssl=1 1153w\" sizes=\"(max-width: 577px) 100vw, 577px\" data-attachment-id=\"4760\" data-permalink=\"https:\/\/www.gemeinsame-jugendarbeit.de\/wordpress\/20241220_182259\/\" data-orig-file=\"https:\/\/i0.wp.com\/www.gemeinsame-jugendarbeit.de\/wordpress\/wp-content\/uploads\/2025\/01\/20241220_182259-scaled.jpg?fit=1441%2C2560&amp;ssl=1\" data-orig-size=\"1441,2560\" data-comments-opened=\"0\" data-image-meta=\"{&quot;aperture&quot;:&quot;2.4&quot;,&quot;credit&quot;:&quot;&quot;,&quot;camera&quot;:&quot;Galaxy S24+&quot;,&quot;caption&quot;:&quot;&quot;,&quot;created_timestamp&quot;:&quot;1734718979&quot;,&quot;copyright&quot;:&quot;&quot;,&quot;focal_length&quot;:&quot;7&quot;,&quot;iso&quot;:&quot;640&quot;,&quot;shutter_speed&quot;:&quot;0.033333333333333&quot;,&quot;title&quot;:&quot;&quot;,&quot;orientation&quot;:&quot;1&quot;}\" data-image-title=\"20241220_182259\" data-image-description=\"\" data-image-caption=\"\" data-medium-file=\"https:\/\/i0.wp.com\/www.gemeinsame-jugendarbeit.de\/wordpress\/wp-content\/uploads\/2025\/01\/20241220_182259-scaled.jpg?fit=169%2C300&amp;ssl=1\" data-large-file=\"https:\/\/i0.wp.com\/www.gemeinsame-jugendarbeit.de\/wordpress\/wp-content\/uploads\/2025\/01\/20241220_182259-scaled.jpg?fit=577%2C1024&amp;ssl=1\" \/>\t\t\t\t\t\t\t\t<\/a>\n\t\t\t\t\t\t\t\t\t\t\t\t\t<\/div>\n\t\t\t\t<\/div>\n\t\t\t\t\t<\/div>\n\t\t<\/div>\n\t\t\t\t<div class=\"elementor-column elementor-col-25 elementor-top-column elementor-element elementor-element-5a2a5f5\" data-id=\"5a2a5f5\" data-element_type=\"column\">\n\t\t\t<div class=\"elementor-widget-wrap elementor-element-populated\">\n\t\t\t\t\t\t<div class=\"elementor-element elementor-element-270d0b3 elementor-widget elementor-widget-image\" data-id=\"270d0b3\" data-element_type=\"widget\" data-widget_type=\"image.default\">\n\t\t\t\t<div class=\"elementor-widget-container\">\n\t\t\t\t\t\t\t\t\t\t\t\t\t\t<a href=\"https:\/\/i0.wp.com\/www.gemeinsame-jugendarbeit.de\/wordpress\/wp-content\/uploads\/2025\/01\/20241220_175559-scaled.jpg?ssl=1\" data-elementor-open-lightbox=\"yes\" data-elementor-lightbox-title=\"20241220_175559\" data-e-action-hash=\"#elementor-action%3Aaction%3Dlightbox%26settings%3DeyJpZCI6NDc1NywidXJsIjoiaHR0cHM6XC9cL3d3dy5nZW1laW5zYW1lLWp1Z2VuZGFyYmVpdC5kZVwvd29yZHByZXNzXC93cC1jb250ZW50XC91cGxvYWRzXC8yMDI1XC8wMVwvMjAyNDEyMjBfMTc1NTU5LXNjYWxlZC5qcGcifQ%3D%3D\">\n\t\t\t\t\t\t\t<img data-attachment-id=\"4757\" data-permalink=\"https:\/\/www.gemeinsame-jugendarbeit.de\/wordpress\/20241220_175559\/\" data-orig-file=\"https:\/\/i0.wp.com\/www.gemeinsame-jugendarbeit.de\/wordpress\/wp-content\/uploads\/2025\/01\/20241220_175559-scaled.jpg?fit=1441%2C2560&amp;ssl=1\" data-orig-size=\"1441,2560\" data-comments-opened=\"0\" data-image-meta=\"{&quot;aperture&quot;:&quot;2.4&quot;,&quot;credit&quot;:&quot;&quot;,&quot;camera&quot;:&quot;Galaxy S24+&quot;,&quot;caption&quot;:&quot;&quot;,&quot;created_timestamp&quot;:&quot;1734717360&quot;,&quot;copyright&quot;:&quot;&quot;,&quot;focal_length&quot;:&quot;7&quot;,&quot;iso&quot;:&quot;320&quot;,&quot;shutter_speed&quot;:&quot;0.033333333333333&quot;,&quot;title&quot;:&quot;&quot;,&quot;orientation&quot;:&quot;1&quot;}\" data-image-title=\"20241220_175559\" data-image-description=\"\" data-image-caption=\"\" data-medium-file=\"https:\/\/i0.wp.com\/www.gemeinsame-jugendarbeit.de\/wordpress\/wp-content\/uploads\/2025\/01\/20241220_175559-scaled.jpg?fit=169%2C300&amp;ssl=1\" data-large-file=\"https:\/\/i0.wp.com\/www.gemeinsame-jugendarbeit.de\/wordpress\/wp-content\/uploads\/2025\/01\/20241220_175559-scaled.jpg?fit=577%2C1024&amp;ssl=1\" loading=\"lazy\" decoding=\"async\" width=\"577\" height=\"1024\" src=\"https:\/\/i0.wp.com\/www.gemeinsame-jugendarbeit.de\/wordpress\/wp-content\/uploads\/2025\/01\/20241220_175559-scaled.jpg?fit=577%2C1024&amp;ssl=1\" class=\"attachment-large size-large wp-image-4757\" alt=\"\" srcset=\"https:\/\/i0.wp.com\/www.gemeinsame-jugendarbeit.de\/wordpress\/wp-content\/uploads\/2025\/01\/20241220_175559-scaled.jpg?w=1441&amp;ssl=1 1441w, https:\/\/i0.wp.com\/www.gemeinsame-jugendarbeit.de\/wordpress\/wp-content\/uploads\/2025\/01\/20241220_175559-scaled.jpg?resize=169%2C300&amp;ssl=1 169w, https:\/\/i0.wp.com\/www.gemeinsame-jugendarbeit.de\/wordpress\/wp-content\/uploads\/2025\/01\/20241220_175559-scaled.jpg?resize=577%2C1024&amp;ssl=1 577w, https:\/\/i0.wp.com\/www.gemeinsame-jugendarbeit.de\/wordpress\/wp-content\/uploads\/2025\/01\/20241220_175559-scaled.jpg?resize=768%2C1364&amp;ssl=1 768w, https:\/\/i0.wp.com\/www.gemeinsame-jugendarbeit.de\/wordpress\/wp-content\/uploads\/2025\/01\/20241220_175559-scaled.jpg?resize=865%2C1536&amp;ssl=1 865w, https:\/\/i0.wp.com\/www.gemeinsame-jugendarbeit.de\/wordpress\/wp-content\/uploads\/2025\/01\/20241220_175559-scaled.jpg?resize=1153%2C2048&amp;ssl=1 1153w\" sizes=\"(max-width: 577px) 100vw, 577px\" data-attachment-id=\"4757\" data-permalink=\"https:\/\/www.gemeinsame-jugendarbeit.de\/wordpress\/20241220_175559\/\" data-orig-file=\"https:\/\/i0.wp.com\/www.gemeinsame-jugendarbeit.de\/wordpress\/wp-content\/uploads\/2025\/01\/20241220_175559-scaled.jpg?fit=1441%2C2560&amp;ssl=1\" data-orig-size=\"1441,2560\" data-comments-opened=\"0\" data-image-meta=\"{&quot;aperture&quot;:&quot;2.4&quot;,&quot;credit&quot;:&quot;&quot;,&quot;camera&quot;:&quot;Galaxy S24+&quot;,&quot;caption&quot;:&quot;&quot;,&quot;created_timestamp&quot;:&quot;1734717360&quot;,&quot;copyright&quot;:&quot;&quot;,&quot;focal_length&quot;:&quot;7&quot;,&quot;iso&quot;:&quot;320&quot;,&quot;shutter_speed&quot;:&quot;0.033333333333333&quot;,&quot;title&quot;:&quot;&quot;,&quot;orientation&quot;:&quot;1&quot;}\" data-image-title=\"20241220_175559\" data-image-description=\"\" data-image-caption=\"\" data-medium-file=\"https:\/\/i0.wp.com\/www.gemeinsame-jugendarbeit.de\/wordpress\/wp-content\/uploads\/2025\/01\/20241220_175559-scaled.jpg?fit=169%2C300&amp;ssl=1\" data-large-file=\"https:\/\/i0.wp.com\/www.gemeinsame-jugendarbeit.de\/wordpress\/wp-content\/uploads\/2025\/01\/20241220_175559-scaled.jpg?fit=577%2C1024&amp;ssl=1\" \/>\t\t\t\t\t\t\t\t<\/a>\n\t\t\t\t\t\t\t\t\t\t\t\t\t<\/div>\n\t\t\t\t<\/div>\n\t\t\t\t\t<\/div>\n\t\t<\/div>\n\t\t\t\t<div class=\"elementor-column elementor-col-25 elementor-top-column elementor-element elementor-element-a1cc024\" data-id=\"a1cc024\" data-element_type=\"column\">\n\t\t\t<div class=\"elementor-widget-wrap elementor-element-populated\">\n\t\t\t\t\t\t<div class=\"elementor-element elementor-element-c250279 elementor-widget elementor-widget-image\" data-id=\"c250279\" data-element_type=\"widget\" data-widget_type=\"image.default\">\n\t\t\t\t<div class=\"elementor-widget-container\">\n\t\t\t\t\t\t\t\t\t\t\t\t\t\t<a href=\"https:\/\/i0.wp.com\/www.gemeinsame-jugendarbeit.de\/wordpress\/wp-content\/uploads\/2025\/01\/20241220_162827-scaled.jpg?ssl=1\" data-elementor-open-lightbox=\"yes\" data-elementor-lightbox-title=\"20241220_162827\" data-e-action-hash=\"#elementor-action%3Aaction%3Dlightbox%26settings%3DeyJpZCI6NDc1MiwidXJsIjoiaHR0cHM6XC9cL3d3dy5nZW1laW5zYW1lLWp1Z2VuZGFyYmVpdC5kZVwvd29yZHByZXNzXC93cC1jb250ZW50XC91cGxvYWRzXC8yMDI1XC8wMVwvMjAyNDEyMjBfMTYyODI3LXNjYWxlZC5qcGcifQ%3D%3D\">\n\t\t\t\t\t\t\t<img data-attachment-id=\"4752\" data-permalink=\"https:\/\/www.gemeinsame-jugendarbeit.de\/wordpress\/20241220_162827\/\" data-orig-file=\"https:\/\/i0.wp.com\/www.gemeinsame-jugendarbeit.de\/wordpress\/wp-content\/uploads\/2025\/01\/20241220_162827-scaled.jpg?fit=1441%2C2560&amp;ssl=1\" data-orig-size=\"1441,2560\" data-comments-opened=\"0\" data-image-meta=\"{&quot;aperture&quot;:&quot;1.8&quot;,&quot;credit&quot;:&quot;&quot;,&quot;camera&quot;:&quot;Galaxy S24+&quot;,&quot;caption&quot;:&quot;&quot;,&quot;created_timestamp&quot;:&quot;1734712107&quot;,&quot;copyright&quot;:&quot;&quot;,&quot;focal_length&quot;:&quot;5.4&quot;,&quot;iso&quot;:&quot;2000&quot;,&quot;shutter_speed&quot;:&quot;0.01&quot;,&quot;title&quot;:&quot;&quot;,&quot;orientation&quot;:&quot;1&quot;}\" data-image-title=\"20241220_162827\" data-image-description=\"\" data-image-caption=\"\" data-medium-file=\"https:\/\/i0.wp.com\/www.gemeinsame-jugendarbeit.de\/wordpress\/wp-content\/uploads\/2025\/01\/20241220_162827-scaled.jpg?fit=169%2C300&amp;ssl=1\" data-large-file=\"https:\/\/i0.wp.com\/www.gemeinsame-jugendarbeit.de\/wordpress\/wp-content\/uploads\/2025\/01\/20241220_162827-scaled.jpg?fit=577%2C1024&amp;ssl=1\" loading=\"lazy\" decoding=\"async\" width=\"577\" height=\"1024\" src=\"https:\/\/i0.wp.com\/www.gemeinsame-jugendarbeit.de\/wordpress\/wp-content\/uploads\/2025\/01\/20241220_162827-scaled.jpg?fit=577%2C1024&amp;ssl=1\" class=\"attachment-large size-large wp-image-4752\" alt=\"\" srcset=\"https:\/\/i0.wp.com\/www.gemeinsame-jugendarbeit.de\/wordpress\/wp-content\/uploads\/2025\/01\/20241220_162827-scaled.jpg?w=1441&amp;ssl=1 1441w, https:\/\/i0.wp.com\/www.gemeinsame-jugendarbeit.de\/wordpress\/wp-content\/uploads\/2025\/01\/20241220_162827-scaled.jpg?resize=169%2C300&amp;ssl=1 169w, https:\/\/i0.wp.com\/www.gemeinsame-jugendarbeit.de\/wordpress\/wp-content\/uploads\/2025\/01\/20241220_162827-scaled.jpg?resize=577%2C1024&amp;ssl=1 577w, https:\/\/i0.wp.com\/www.gemeinsame-jugendarbeit.de\/wordpress\/wp-content\/uploads\/2025\/01\/20241220_162827-scaled.jpg?resize=768%2C1364&amp;ssl=1 768w, https:\/\/i0.wp.com\/www.gemeinsame-jugendarbeit.de\/wordpress\/wp-content\/uploads\/2025\/01\/20241220_162827-scaled.jpg?resize=865%2C1536&amp;ssl=1 865w, https:\/\/i0.wp.com\/www.gemeinsame-jugendarbeit.de\/wordpress\/wp-content\/uploads\/2025\/01\/20241220_162827-scaled.jpg?resize=1153%2C2048&amp;ssl=1 1153w\" sizes=\"(max-width: 577px) 100vw, 577px\" data-attachment-id=\"4752\" data-permalink=\"https:\/\/www.gemeinsame-jugendarbeit.de\/wordpress\/20241220_162827\/\" data-orig-file=\"https:\/\/i0.wp.com\/www.gemeinsame-jugendarbeit.de\/wordpress\/wp-content\/uploads\/2025\/01\/20241220_162827-scaled.jpg?fit=1441%2C2560&amp;ssl=1\" data-orig-size=\"1441,2560\" data-comments-opened=\"0\" data-image-meta=\"{&quot;aperture&quot;:&quot;1.8&quot;,&quot;credit&quot;:&quot;&quot;,&quot;camera&quot;:&quot;Galaxy S24+&quot;,&quot;caption&quot;:&quot;&quot;,&quot;created_timestamp&quot;:&quot;1734712107&quot;,&quot;copyright&quot;:&quot;&quot;,&quot;focal_length&quot;:&quot;5.4&quot;,&quot;iso&quot;:&quot;2000&quot;,&quot;shutter_speed&quot;:&quot;0.01&quot;,&quot;title&quot;:&quot;&quot;,&quot;orientation&quot;:&quot;1&quot;}\" data-image-title=\"20241220_162827\" data-image-description=\"\" data-image-caption=\"\" data-medium-file=\"https:\/\/i0.wp.com\/www.gemeinsame-jugendarbeit.de\/wordpress\/wp-content\/uploads\/2025\/01\/20241220_162827-scaled.jpg?fit=169%2C300&amp;ssl=1\" data-large-file=\"https:\/\/i0.wp.com\/www.gemeinsame-jugendarbeit.de\/wordpress\/wp-content\/uploads\/2025\/01\/20241220_162827-scaled.jpg?fit=577%2C1024&amp;ssl=1\" \/>\t\t\t\t\t\t\t\t<\/a>\n\t\t\t\t\t\t\t\t\t\t\t\t\t<\/div>\n\t\t\t\t<\/div>\n\t\t\t\t\t<\/div>\n\t\t<\/div>\n\t\t\t\t\t<\/div>\n\t\t<\/section>\n\t\t\t\t<\/div>\n\t\t","protected":false},"excerpt":{"rendered":"<p>Weihnachtsspa\u00df f\u00fcr Gro\u00df und Klein: Ein Nachmittag voller Musik, Freude und Gemeinschaft Am 20. Dezember 2024 verwandelte sich die Aula des Schulzentrums Lohfeld in Bad Salzuflen in eine fr\u00f6hliche Weihnachtsliederwelt,&#8230; <\/p>\n<div class=\"link-more\"><a href=\"https:\/\/www.gemeinsame-jugendarbeit.de\/wordpress\/2025\/01\/07\/weihnachtsspass-fuer-gross-und-klein-ein-nachmittag-voller-musik-freude-und-gemeinschaft-mit-daniel-kallauch\/\">Weiterlesen<\/a><\/div>\n","protected":false},"author":1,"featured_media":4669,"comment_status":"closed","ping_status":"closed","sticky":false,"template":"","format":"standard","meta":{"ngg_post_thumbnail":0,"_jetpack_newsletter_access":""},"categories":[1],"tags":[],"jetpack_featured_media_url":"https:\/\/i0.wp.com\/www.gemeinsame-jugendarbeit.de\/wordpress\/wp-content\/uploads\/2024\/11\/Kallauch_Foto_Text.jpeg?fit=1772%2C1181&ssl=1","jetpack_sharing_enabled":true,"jetpack_shortlink":"https:\/\/wp.me\/p8sCNj-1eI","jetpack-related-posts":[{"id":5041,"url":"https:\/\/www.gemeinsame-jugendarbeit.de\/wordpress\/2025\/11\/26\/elementor-5041\/","url_meta":{"origin":4756,"position":0},"title":"Holzhauser Adventsmarkt an der Sylbacher Kirche \u2013 29.11.2025","author":"schwarze","date":"26. November 2025","format":false,"excerpt":"Adventsmarkt in Holzhausen \u2013 gemeinsam in denAdvent starten\u00a0Am Samstag vor dem 1. Advent, am 29. November, laden die Holzhauser Vereine und Institutionen herzlich zum Adventsmarkt an der Sylbacher Kirche (Sylbacher Stra\u00dfe 271, Bad Salzuflen) ein.Von 15 bis 18 Uhr verwandelt sich das Kirchengel\u00e4nde in einen gem\u00fctlichen Treffpunkt f\u00fcr Gro\u00df und\u2026","rel":"","context":"In &quot;Allgemein&quot;","block_context":{"text":"Allgemein","link":"https:\/\/www.gemeinsame-jugendarbeit.de\/wordpress\/category\/allgemein\/"},"img":{"alt_text":"","src":"https:\/\/i0.wp.com\/www.gemeinsame-jugendarbeit.de\/wordpress\/wp-content\/uploads\/2025\/11\/Adventsmarkt_2025_ohneBus_Flyer-scaled.jpg?fit=848%2C1200&ssl=1&resize=350%2C200","width":350,"height":200,"srcset":"https:\/\/i0.wp.com\/www.gemeinsame-jugendarbeit.de\/wordpress\/wp-content\/uploads\/2025\/11\/Adventsmarkt_2025_ohneBus_Flyer-scaled.jpg?fit=848%2C1200&ssl=1&resize=350%2C200 1x, https:\/\/i0.wp.com\/www.gemeinsame-jugendarbeit.de\/wordpress\/wp-content\/uploads\/2025\/11\/Adventsmarkt_2025_ohneBus_Flyer-scaled.jpg?fit=848%2C1200&ssl=1&resize=525%2C300 1.5x, https:\/\/i0.wp.com\/www.gemeinsame-jugendarbeit.de\/wordpress\/wp-content\/uploads\/2025\/11\/Adventsmarkt_2025_ohneBus_Flyer-scaled.jpg?fit=848%2C1200&ssl=1&resize=700%2C400 2x"},"classes":[]},{"id":5058,"url":"https:\/\/www.gemeinsame-jugendarbeit.de\/wordpress\/2025\/11\/26\/kilians-filmabend-bach-am-27-12-2025\/","url_meta":{"origin":4756,"position":1},"title":"KILIANS FILMABEND \u2013 Bach \u2013 Am 27.12.2025","author":"schwarze","date":"26. November 2025","format":false,"excerpt":"KILIANS FILMABEND \u2013 Mehr als NUR Filme gucken. Die ev.-ref. Kirchengemeinde Sch\u00f6tmar l\u00e4dt herzlich ein zu unserer Veranstaltungsreihe: KILIANS-FILMABEND. Unter diesem Namen pr\u00e4sentieren wir Filme, die auf besondere Weise christliche oder ethische Themen ansprechen und zum Nachdenken anregen. Dabei steht nicht nur das gemeinsame Filmerlebnis im Mittelpunkt, sondern auch der\u2026","rel":"","context":"In &quot;Allgemein&quot;","block_context":{"text":"Allgemein","link":"https:\/\/www.gemeinsame-jugendarbeit.de\/wordpress\/category\/allgemein\/"},"img":{"alt_text":"","src":"https:\/\/i0.wp.com\/www.gemeinsame-jugendarbeit.de\/wordpress\/wp-content\/uploads\/2025\/11\/Plakat-Kilians-Filmabend.jpg?fit=731%2C1008&ssl=1&resize=350%2C200","width":350,"height":200,"srcset":"https:\/\/i0.wp.com\/www.gemeinsame-jugendarbeit.de\/wordpress\/wp-content\/uploads\/2025\/11\/Plakat-Kilians-Filmabend.jpg?fit=731%2C1008&ssl=1&resize=350%2C200 1x, https:\/\/i0.wp.com\/www.gemeinsame-jugendarbeit.de\/wordpress\/wp-content\/uploads\/2025\/11\/Plakat-Kilians-Filmabend.jpg?fit=731%2C1008&ssl=1&resize=525%2C300 1.5x, https:\/\/i0.wp.com\/www.gemeinsame-jugendarbeit.de\/wordpress\/wp-content\/uploads\/2025\/11\/Plakat-Kilians-Filmabend.jpg?fit=731%2C1008&ssl=1&resize=700%2C400 2x"},"classes":[]},{"id":346,"url":"https:\/\/www.gemeinsame-jugendarbeit.de\/wordpress\/2017\/03\/20\/hallo-und-guten-tag\/","url_meta":{"origin":4756,"position":2},"title":"Hallo und guten Tag!","author":"schwarze","date":"20. M\u00e4rz 2017","format":false,"excerpt":"Du bist auf der Homepage der Gemeinsamen Jugendarbeit der ev. Kirchengemeinden in Sch\u00f6tmar und Sylbach gelandet. Die ev.-ref. Kirchengemeinde Sch\u00f6tmar, die ev.-ltuh. Kirchengemeinde Sch\u00f6tmar, die ev.-ref. Kirchengemeinde Sylbach und der CVJM Sylbach e.V. arbeiten im Bereich der Arbeit mit Kindern und Jugendlichen seit einigen Jahren eng zusammen. Egal, ob f\u00fcr\u2026","rel":"","context":"In &quot;Allgemein&quot;","block_context":{"text":"Allgemein","link":"https:\/\/www.gemeinsame-jugendarbeit.de\/wordpress\/category\/allgemein\/"},"img":{"alt_text":"","src":"https:\/\/i0.wp.com\/www.gemeinsame-jugendarbeit.de\/wordpress\/wp-content\/uploads\/2020\/08\/gja_logo_2020_web.jpg?fit=614%2C521&ssl=1&resize=350%2C200","width":350,"height":200,"srcset":"https:\/\/i0.wp.com\/www.gemeinsame-jugendarbeit.de\/wordpress\/wp-content\/uploads\/2020\/08\/gja_logo_2020_web.jpg?fit=614%2C521&ssl=1&resize=350%2C200 1x, https:\/\/i0.wp.com\/www.gemeinsame-jugendarbeit.de\/wordpress\/wp-content\/uploads\/2020\/08\/gja_logo_2020_web.jpg?fit=614%2C521&ssl=1&resize=525%2C300 1.5x"},"classes":[]},{"id":1202,"url":"https:\/\/www.gemeinsame-jugendarbeit.de\/wordpress\/2018\/12\/03\/churchnight-2018-2\/","url_meta":{"origin":4756,"position":3},"title":"Churchnight 2018","author":"schwarze","date":"3. Dezember 2018","format":false,"excerpt":"Mister Joy verzaubert die Kilianskirche F\u00fcr die Churchnight 2018 hat sich das Team rund um Axel Schwarze (Gemeinsame Jugendarbeit Sch\u00f6tmar und Sylbach) und Kerstin Lobenstein (ev. Kirchengemeinden Talle und Retzen) dieses Jahr etwas ganz Zauberhaftes ausgedacht: Der Zauberer und Kleink\u00fcnstler Mr. Joy hat in der Kilianskirche auf seine ganz eigene\u2026","rel":"","context":"In &quot;Allgemein&quot;","block_context":{"text":"Allgemein","link":"https:\/\/www.gemeinsame-jugendarbeit.de\/wordpress\/category\/allgemein\/"},"img":{"alt_text":"","src":"https:\/\/i0.wp.com\/www.gemeinsame-jugendarbeit.de\/wordpress\/wp-content\/uploads\/2018\/12\/DSC2909.jpg?fit=1200%2C795&ssl=1&resize=350%2C200","width":350,"height":200,"srcset":"https:\/\/i0.wp.com\/www.gemeinsame-jugendarbeit.de\/wordpress\/wp-content\/uploads\/2018\/12\/DSC2909.jpg?fit=1200%2C795&ssl=1&resize=350%2C200 1x, https:\/\/i0.wp.com\/www.gemeinsame-jugendarbeit.de\/wordpress\/wp-content\/uploads\/2018\/12\/DSC2909.jpg?fit=1200%2C795&ssl=1&resize=525%2C300 1.5x, https:\/\/i0.wp.com\/www.gemeinsame-jugendarbeit.de\/wordpress\/wp-content\/uploads\/2018\/12\/DSC2909.jpg?fit=1200%2C795&ssl=1&resize=700%2C400 2x, https:\/\/i0.wp.com\/www.gemeinsame-jugendarbeit.de\/wordpress\/wp-content\/uploads\/2018\/12\/DSC2909.jpg?fit=1200%2C795&ssl=1&resize=1050%2C600 3x"},"classes":[]},{"id":1489,"url":"https:\/\/www.gemeinsame-jugendarbeit.de\/wordpress\/2024\/11\/04\/oekum-martinsumzug-2019\/","url_meta":{"origin":4756,"position":4},"title":"\u00d6kumenischer Martinsumzug 2024","author":"schwarze","date":"4. November 2024","format":false,"excerpt":"Auch in diesem Jahr laden die drei christlichen Kirchengemeinden in Sch\u00f6tmar herzlich zum \u00f6kumenischen Martinsumzug ein. Der Laternenumzug findet am Samstag, den 16. November 2024, statt und beginnt um 17:00 Uhr auf dem Parkplatz gegen\u00fcber der evangelisch-lutherischen Trinitatiskirche in der Eduard-Wolff-Stra\u00dfe 17, Bad Salzuflen. Angef\u00fchrt wird der Umzug von einem\u2026","rel":"","context":"In &quot;Allgemein&quot;","block_context":{"text":"Allgemein","link":"https:\/\/www.gemeinsame-jugendarbeit.de\/wordpress\/category\/allgemein\/"},"img":{"alt_text":"","src":"https:\/\/i0.wp.com\/www.gemeinsame-jugendarbeit.de\/wordpress\/wp-content\/uploads\/2024\/11\/Martinsumzug-2024-EiS.jpg?fit=840%2C1200&ssl=1&resize=350%2C200","width":350,"height":200,"srcset":"https:\/\/i0.wp.com\/www.gemeinsame-jugendarbeit.de\/wordpress\/wp-content\/uploads\/2024\/11\/Martinsumzug-2024-EiS.jpg?fit=840%2C1200&ssl=1&resize=350%2C200 1x, https:\/\/i0.wp.com\/www.gemeinsame-jugendarbeit.de\/wordpress\/wp-content\/uploads\/2024\/11\/Martinsumzug-2024-EiS.jpg?fit=840%2C1200&ssl=1&resize=525%2C300 1.5x, https:\/\/i0.wp.com\/www.gemeinsame-jugendarbeit.de\/wordpress\/wp-content\/uploads\/2024\/11\/Martinsumzug-2024-EiS.jpg?fit=840%2C1200&ssl=1&resize=700%2C400 2x"},"classes":[]},{"id":923,"url":"https:\/\/www.gemeinsame-jugendarbeit.de\/wordpress\/2018\/04\/25\/kibiwo-2018-bericht\/","url_meta":{"origin":4756,"position":5},"title":"Kibiwo 2018 &#8211; Bericht","author":"schwarze","date":"25. April 2018","format":false,"excerpt":"\u201eZeitreise zu schr\u00e4gen Typen\u201c \u2013 unter diesem Motto stand in diesem Jahr die Kinderbibelwoche (KiBiWo) in der zweiter Osterferienwoche in Sch\u00f6tmar. Diese wird von der Gemeinsamen Jugendarbeit der ev. Kirchengemeinden Sch\u00f6tmar und Sylbach organisiert und veranstaltet. Zusammen mit 16 jugendlichen Mitarbeitern, die teilweise fr\u00fcher selbst Teilnehmer waren, Gemeindep\u00e4dagoge Axel Schwarze\u2026","rel":"","context":"In &quot;Allgemein&quot;","block_context":{"text":"Allgemein","link":"https:\/\/www.gemeinsame-jugendarbeit.de\/wordpress\/category\/allgemein\/"},"img":{"alt_text":"","src":"https:\/\/i0.wp.com\/www.gemeinsame-jugendarbeit.de\/wordpress\/wp-content\/uploads\/2018\/02\/Kibiwo_mauer_bunt_rand.jpg?fit=1082%2C1200&ssl=1&resize=350%2C200","width":350,"height":200,"srcset":"https:\/\/i0.wp.com\/www.gemeinsame-jugendarbeit.de\/wordpress\/wp-content\/uploads\/2018\/02\/Kibiwo_mauer_bunt_rand.jpg?fit=1082%2C1200&ssl=1&resize=350%2C200 1x, https:\/\/i0.wp.com\/www.gemeinsame-jugendarbeit.de\/wordpress\/wp-content\/uploads\/2018\/02\/Kibiwo_mauer_bunt_rand.jpg?fit=1082%2C1200&ssl=1&resize=525%2C300 1.5x, https:\/\/i0.wp.com\/www.gemeinsame-jugendarbeit.de\/wordpress\/wp-content\/uploads\/2018\/02\/Kibiwo_mauer_bunt_rand.jpg?fit=1082%2C1200&ssl=1&resize=700%2C400 2x, https:\/\/i0.wp.com\/www.gemeinsame-jugendarbeit.de\/wordpress\/wp-content\/uploads\/2018\/02\/Kibiwo_mauer_bunt_rand.jpg?fit=1082%2C1200&ssl=1&resize=1050%2C600 3x"},"classes":[]}],"publishpress_future_action":{"enabled":false,"date":"2026-05-07 17:46:23","action":"change-status","newStatus":"draft","terms":[],"taxonomy":"category"},"publishpress_future_workflow_manual_trigger":{"enabledWorkflows":[]},"_links":{"self":[{"href":"https:\/\/www.gemeinsame-jugendarbeit.de\/wordpress\/wp-json\/wp\/v2\/posts\/4756"}],"collection":[{"href":"https:\/\/www.gemeinsame-jugendarbeit.de\/wordpress\/wp-json\/wp\/v2\/posts"}],"about":[{"href":"https:\/\/www.gemeinsame-jugendarbeit.de\/wordpress\/wp-json\/wp\/v2\/types\/post"}],"author":[{"embeddable":true,"href":"https:\/\/www.gemeinsame-jugendarbeit.de\/wordpress\/wp-json\/wp\/v2\/users\/1"}],"replies":[{"embeddable":true,"href":"https:\/\/www.gemeinsame-jugendarbeit.de\/wordpress\/wp-json\/wp\/v2\/comments?post=4756"}],"version-history":[{"count":5,"href":"https:\/\/www.gemeinsame-jugendarbeit.de\/wordpress\/wp-json\/wp\/v2\/posts\/4756\/revisions"}],"predecessor-version":[{"id":4765,"href":"https:\/\/www.gemeinsame-jugendarbeit.de\/wordpress\/wp-json\/wp\/v2\/posts\/4756\/revisions\/4765"}],"wp:featuredmedia":[{"embeddable":true,"href":"https:\/\/www.gemeinsame-jugendarbeit.de\/wordpress\/wp-json\/wp\/v2\/media\/4669"}],"wp:attachment":[{"href":"https:\/\/www.gemeinsame-jugendarbeit.de\/wordpress\/wp-json\/wp\/v2\/media?parent=4756"}],"wp:term":[{"taxonomy":"category","embeddable":true,"href":"https:\/\/www.gemeinsame-jugendarbeit.de\/wordpress\/wp-json\/wp\/v2\/categories?post=4756"},{"taxonomy":"post_tag","embeddable":true,"href":"https:\/\/www.gemeinsame-jugendarbeit.de\/wordpress\/wp-json\/wp\/v2\/tags?post=4756"}],"curies":[{"name":"wp","href":"https:\/\/api.w.org\/{rel}","templated":true}]}}