{"id":5161,"date":"2026-03-13T07:36:32","date_gmt":"2026-03-13T06:36:32","guid":{"rendered":"https:\/\/www.gemeinsame-jugendarbeit.de\/wordpress\/?p=5161"},"modified":"2026-04-22T11:53:06","modified_gmt":"2026-04-22T09:53:06","slug":"kirche-was-soll-ich-hier-diskussionsnachmittag-am-21-maerz","status":"publish","type":"post","link":"https:\/\/www.gemeinsame-jugendarbeit.de\/wordpress\/2026\/03\/13\/kirche-was-soll-ich-hier-diskussionsnachmittag-am-21-maerz\/","title":{"rendered":"KIRCHE? &#8211; Was soll ich hier? Diskussionsnachmittag am 21. M\u00e4rz"},"content":{"rendered":"\t\t<div data-elementor-type=\"wp-post\" data-elementor-id=\"5161\" class=\"elementor elementor-5161\">\n\t\t\t\t\t\t<section class=\"elementor-section elementor-top-section elementor-element elementor-element-fb0a572 elementor-section-boxed elementor-section-height-default elementor-section-height-default\" data-id=\"fb0a572\" data-element_type=\"section\">\n\t\t\t\t\t\t<div class=\"elementor-container elementor-column-gap-default\">\n\t\t\t\t\t<div class=\"elementor-column elementor-col-50 elementor-top-column elementor-element elementor-element-7eb6111\" data-id=\"7eb6111\" data-element_type=\"column\">\n\t\t\t<div class=\"elementor-widget-wrap elementor-element-populated\">\n\t\t\t\t\t\t<div class=\"elementor-element elementor-element-3e77092 elementor-widget elementor-widget-text-editor\" data-id=\"3e77092\" data-element_type=\"widget\" data-widget_type=\"text-editor.default\">\n\t\t\t\t<div class=\"elementor-widget-container\">\n\t\t\t\t\t\t\t<p><em><strong>KIRCHE? &#8211;\u00a0<\/strong><\/em><strong><em>Was soll ich hier?!<\/em><\/strong><\/p><p>Ganz ehrlich:<br \/>Viele denken bei Kirche genau das.<\/p><p>Altmodisch?<br \/>Langweilig?<br \/>Hat mit meinem Leben nichts zu tun?<\/p><p>Oder vielleicht doch?<\/p><p>\ud83d\udc49 Lass uns dr\u00fcber reden.<\/p><p>Keine Predigt.<br \/>Keine peinlichen Antworten.<br \/>Sondern ein Nachmittag mit\u00a0<strong>Diskussion, Aktion und Essen<\/strong>.<\/p><p>Deine Fragen.<br \/>Deine Meinung.<br \/>Deine Ideen.<\/p><p><strong>Begegnungsst\u00e4tte an der ev. Kilianskirche Sch\u00f6tmar<br \/><\/strong>(Am Kirchplatz 1c, Bad Salzuflen)<br \/><strong>21. M\u00e4rz 2026<\/strong><br \/><strong>16\u201318 Uhr<\/strong><\/p><p><strong>Kirche f\u00fcr dich.<br \/>Mach es, wie du willst.<\/strong><\/p>\t\t\t\t\t\t<\/div>\n\t\t\t\t<\/div>\n\t\t\t\t\t<\/div>\n\t\t<\/div>\n\t\t\t\t<div class=\"elementor-column elementor-col-50 elementor-top-column elementor-element elementor-element-7ff4aa4\" data-id=\"7ff4aa4\" data-element_type=\"column\">\n\t\t\t<div class=\"elementor-widget-wrap elementor-element-populated\">\n\t\t\t\t\t\t<div class=\"elementor-element elementor-element-0d1dc80 elementor-widget elementor-widget-image\" data-id=\"0d1dc80\" data-element_type=\"widget\" data-widget_type=\"image.default\">\n\t\t\t\t<div class=\"elementor-widget-container\">\n\t\t\t\t\t\t\t\t\t\t\t\t\t\t<a href=\"https:\/\/i0.wp.com\/www.gemeinsame-jugendarbeit.de\/wordpress\/wp-content\/uploads\/2026\/03\/juuma_2026_plakat_neu.jpg?ssl=1\" data-elementor-open-lightbox=\"yes\" data-elementor-lightbox-title=\"juuma_2026_plakat_neu\" data-e-action-hash=\"#elementor-action%3Aaction%3Dlightbox%26settings%3DeyJpZCI6NTE2MCwidXJsIjoiaHR0cHM6XC9cL3d3dy5nZW1laW5zYW1lLWp1Z2VuZGFyYmVpdC5kZVwvd29yZHByZXNzXC93cC1jb250ZW50XC91cGxvYWRzXC8yMDI2XC8wM1wvanV1bWFfMjAyNl9wbGFrYXRfbmV1LmpwZyJ9\">\n\t\t\t\t\t\t\t<img data-attachment-id=\"5160\" data-permalink=\"https:\/\/www.gemeinsame-jugendarbeit.de\/wordpress\/juuma_2026_plakat_neu\/\" data-orig-file=\"https:\/\/i0.wp.com\/www.gemeinsame-jugendarbeit.de\/wordpress\/wp-content\/uploads\/2026\/03\/juuma_2026_plakat_neu.jpg?fit=1600%2C2400&amp;ssl=1\" data-orig-size=\"1600,2400\" data-comments-opened=\"0\" data-image-meta=\"{&quot;aperture&quot;:&quot;0&quot;,&quot;credit&quot;:&quot;acer&quot;,&quot;camera&quot;:&quot;&quot;,&quot;caption&quot;:&quot;&quot;,&quot;created_timestamp&quot;:&quot;1773365388&quot;,&quot;copyright&quot;:&quot;&quot;,&quot;focal_length&quot;:&quot;0&quot;,&quot;iso&quot;:&quot;0&quot;,&quot;shutter_speed&quot;:&quot;0&quot;,&quot;title&quot;:&quot;&quot;,&quot;orientation&quot;:&quot;0&quot;}\" data-image-title=\"juuma_2026_plakat_neu\" data-image-description=\"\" data-image-caption=\"\" data-medium-file=\"https:\/\/i0.wp.com\/www.gemeinsame-jugendarbeit.de\/wordpress\/wp-content\/uploads\/2026\/03\/juuma_2026_plakat_neu.jpg?fit=200%2C300&amp;ssl=1\" data-large-file=\"https:\/\/i0.wp.com\/www.gemeinsame-jugendarbeit.de\/wordpress\/wp-content\/uploads\/2026\/03\/juuma_2026_plakat_neu.jpg?fit=683%2C1024&amp;ssl=1\" fetchpriority=\"high\" decoding=\"async\" width=\"683\" height=\"1024\" src=\"https:\/\/i0.wp.com\/www.gemeinsame-jugendarbeit.de\/wordpress\/wp-content\/uploads\/2026\/03\/juuma_2026_plakat_neu.jpg?fit=683%2C1024&amp;ssl=1\" class=\"attachment-large size-large wp-image-5160\" alt=\"\" srcset=\"https:\/\/i0.wp.com\/www.gemeinsame-jugendarbeit.de\/wordpress\/wp-content\/uploads\/2026\/03\/juuma_2026_plakat_neu.jpg?w=1600&amp;ssl=1 1600w, https:\/\/i0.wp.com\/www.gemeinsame-jugendarbeit.de\/wordpress\/wp-content\/uploads\/2026\/03\/juuma_2026_plakat_neu.jpg?resize=200%2C300&amp;ssl=1 200w, https:\/\/i0.wp.com\/www.gemeinsame-jugendarbeit.de\/wordpress\/wp-content\/uploads\/2026\/03\/juuma_2026_plakat_neu.jpg?resize=683%2C1024&amp;ssl=1 683w, https:\/\/i0.wp.com\/www.gemeinsame-jugendarbeit.de\/wordpress\/wp-content\/uploads\/2026\/03\/juuma_2026_plakat_neu.jpg?resize=768%2C1152&amp;ssl=1 768w, https:\/\/i0.wp.com\/www.gemeinsame-jugendarbeit.de\/wordpress\/wp-content\/uploads\/2026\/03\/juuma_2026_plakat_neu.jpg?resize=1024%2C1536&amp;ssl=1 1024w, https:\/\/i0.wp.com\/www.gemeinsame-jugendarbeit.de\/wordpress\/wp-content\/uploads\/2026\/03\/juuma_2026_plakat_neu.jpg?resize=1365%2C2048&amp;ssl=1 1365w\" sizes=\"(max-width: 683px) 100vw, 683px\" data-attachment-id=\"5160\" data-permalink=\"https:\/\/www.gemeinsame-jugendarbeit.de\/wordpress\/juuma_2026_plakat_neu\/\" data-orig-file=\"https:\/\/i0.wp.com\/www.gemeinsame-jugendarbeit.de\/wordpress\/wp-content\/uploads\/2026\/03\/juuma_2026_plakat_neu.jpg?fit=1600%2C2400&amp;ssl=1\" data-orig-size=\"1600,2400\" data-comments-opened=\"0\" data-image-meta=\"{&quot;aperture&quot;:&quot;0&quot;,&quot;credit&quot;:&quot;acer&quot;,&quot;camera&quot;:&quot;&quot;,&quot;caption&quot;:&quot;&quot;,&quot;created_timestamp&quot;:&quot;1773365388&quot;,&quot;copyright&quot;:&quot;&quot;,&quot;focal_length&quot;:&quot;0&quot;,&quot;iso&quot;:&quot;0&quot;,&quot;shutter_speed&quot;:&quot;0&quot;,&quot;title&quot;:&quot;&quot;,&quot;orientation&quot;:&quot;0&quot;}\" data-image-title=\"juuma_2026_plakat_neu\" data-image-description=\"\" data-image-caption=\"\" data-medium-file=\"https:\/\/i0.wp.com\/www.gemeinsame-jugendarbeit.de\/wordpress\/wp-content\/uploads\/2026\/03\/juuma_2026_plakat_neu.jpg?fit=200%2C300&amp;ssl=1\" data-large-file=\"https:\/\/i0.wp.com\/www.gemeinsame-jugendarbeit.de\/wordpress\/wp-content\/uploads\/2026\/03\/juuma_2026_plakat_neu.jpg?fit=683%2C1024&amp;ssl=1\" \/>\t\t\t\t\t\t\t\t<\/a>\n\t\t\t\t\t\t\t\t\t\t\t\t\t<\/div>\n\t\t\t\t<\/div>\n\t\t\t\t\t<\/div>\n\t\t<\/div>\n\t\t\t\t\t<\/div>\n\t\t<\/section>\n\t\t\t\t<section class=\"elementor-section elementor-top-section elementor-element elementor-element-2f0fc75 elementor-section-boxed elementor-section-height-default elementor-section-height-default\" data-id=\"2f0fc75\" data-element_type=\"section\">\n\t\t\t\t\t\t<div class=\"elementor-container elementor-column-gap-default\">\n\t\t\t\t\t<div class=\"elementor-column elementor-col-100 elementor-top-column elementor-element elementor-element-72ec416\" data-id=\"72ec416\" data-element_type=\"column\">\n\t\t\t<div class=\"elementor-widget-wrap elementor-element-populated\">\n\t\t\t\t\t\t<div class=\"elementor-element elementor-element-2328d51 elementor-widget elementor-widget-text-editor\" data-id=\"2328d51\" data-element_type=\"widget\" data-widget_type=\"text-editor.default\">\n\t\t\t\t<div class=\"elementor-widget-container\">\n\t\t\t\t\t\t\t<p><span style=\"color: #0000ff;\"><strong>Um das Essen gut planen zu k\u00f6nnen, brauchen wir deine Anmeldung!<\/strong><\/span><\/p>\t\t\t\t\t\t<\/div>\n\t\t\t\t<\/div>\n\t\t\t\t\t<\/div>\n\t\t<\/div>\n\t\t\t\t\t<\/div>\n\t\t<\/section>\n\t\t\t\t<section class=\"elementor-section elementor-top-section elementor-element elementor-element-12bd025 elementor-section-boxed elementor-section-height-default elementor-section-height-default\" data-id=\"12bd025\" data-element_type=\"section\">\n\t\t\t\t\t\t<div class=\"elementor-container elementor-column-gap-default\">\n\t\t\t\t\t<div class=\"elementor-column elementor-col-100 elementor-top-column elementor-element elementor-element-fb8643a\" data-id=\"fb8643a\" data-element_type=\"column\">\n\t\t\t<div class=\"elementor-widget-wrap elementor-element-populated\">\n\t\t\t\t\t\t<div class=\"elementor-element elementor-element-198e527 elementor-button-info elementor-align-center elementor-widget__width-initial elementor-widget elementor-widget-button\" data-id=\"198e527\" data-element_type=\"widget\" data-widget_type=\"button.default\">\n\t\t\t\t<div class=\"elementor-widget-container\">\n\t\t\t\t\t<div class=\"elementor-button-wrapper\">\n\t\t\t<a class=\"elementor-button elementor-button-link elementor-size-sm\" href=\"https:\/\/forms.churchdesk.com\/f\/ZcMC6StNzM\" target=\"_blank\">\n\t\t\t\t\t\t<span class=\"elementor-button-content-wrapper\">\n\t\t\t\t\t\t\t\t\t<span class=\"elementor-button-text\">Onlineanmeldung<\/span>\n\t\t\t\t\t<\/span>\n\t\t\t\t\t<\/a>\n\t\t<\/div>\n\t\t\t\t<\/div>\n\t\t\t\t<\/div>\n\t\t\t\t\t<\/div>\n\t\t<\/div>\n\t\t\t\t\t<\/div>\n\t\t<\/section>\n\t\t\t\t<\/div>\n\t\t","protected":false},"excerpt":{"rendered":"<p>KIRCHE? &#8211;&nbsp;Was soll ich hier?! Ganz ehrlich: Viele denken bei Kirche genau das. Altmodisch? Langweilig? Hat mit meinem Leben nichts zu tun? Oder vielleicht doch? \ud83d\udc49 Lass uns dr\u00fcber reden&#8230;. <\/p>\n<div class=\"link-more\"><a href=\"https:\/\/www.gemeinsame-jugendarbeit.de\/wordpress\/2026\/03\/13\/kirche-was-soll-ich-hier-diskussionsnachmittag-am-21-maerz\/\">Weiterlesen<\/a><\/div>\n","protected":false},"author":1,"featured_media":5160,"comment_status":"closed","ping_status":"closed","sticky":false,"template":"","format":"standard","meta":{"ngg_post_thumbnail":0,"_jetpack_newsletter_access":""},"categories":[1],"tags":[],"jetpack_featured_media_url":"https:\/\/i0.wp.com\/www.gemeinsame-jugendarbeit.de\/wordpress\/wp-content\/uploads\/2026\/03\/juuma_2026_plakat_neu.jpg?fit=1600%2C2400&ssl=1","jetpack_sharing_enabled":true,"jetpack_shortlink":"https:\/\/wp.me\/p8sCNj-1lf","jetpack-related-posts":[{"id":2032,"url":"https:\/\/www.gemeinsame-jugendarbeit.de\/wordpress\/2020\/09\/14\/jung-konfi\/","url_meta":{"origin":5161,"position":0},"title":"Jung &#038; Konfi!?","author":"schwarze","date":"14. September 2020","format":false,"excerpt":"Kirche ist alt und versaubt?!Alt ist sie schon und wenn nicht geputzt wird, bestimmt auch staubig - aber doch nicht bei uns. Die Konfizeit und die Angebote f\u00fcr Jugendliche sind alles andere, nur nicht langweilig.Such doch mal unseren neuen Clip auf ...Deine Konfizeit","rel":"","context":"In &quot;Allgemein&quot;","block_context":{"text":"Allgemein","link":"https:\/\/www.gemeinsame-jugendarbeit.de\/wordpress\/category\/allgemein\/"},"img":{"alt_text":"","src":"https:\/\/i0.wp.com\/www.gemeinsame-jugendarbeit.de\/wordpress\/wp-content\/uploads\/2020\/09\/5_web.png?fit=1200%2C1200&ssl=1&resize=350%2C200","width":350,"height":200,"srcset":"https:\/\/i0.wp.com\/www.gemeinsame-jugendarbeit.de\/wordpress\/wp-content\/uploads\/2020\/09\/5_web.png?fit=1200%2C1200&ssl=1&resize=350%2C200 1x, https:\/\/i0.wp.com\/www.gemeinsame-jugendarbeit.de\/wordpress\/wp-content\/uploads\/2020\/09\/5_web.png?fit=1200%2C1200&ssl=1&resize=525%2C300 1.5x, https:\/\/i0.wp.com\/www.gemeinsame-jugendarbeit.de\/wordpress\/wp-content\/uploads\/2020\/09\/5_web.png?fit=1200%2C1200&ssl=1&resize=700%2C400 2x, https:\/\/i0.wp.com\/www.gemeinsame-jugendarbeit.de\/wordpress\/wp-content\/uploads\/2020\/09\/5_web.png?fit=1200%2C1200&ssl=1&resize=1050%2C600 3x"},"classes":[]},{"id":3440,"url":"https:\/\/www.gemeinsame-jugendarbeit.de\/wordpress\/2022\/03\/01\/friedensgebet-fuer-die-ukraine-ab-mittwoch\/","url_meta":{"origin":5161,"position":1},"title":"Friedensgebet f\u00fcr die Ukraine ab Mittwoch","author":"schwarze","date":"1. M\u00e4rz 2022","format":false,"excerpt":"Durch die langj\u00e4hrige Partnerschaft der Kirchengemeinde Sylbach mit der ev.-luth. Heilands-Kirchengemeinde in Nikolajev f\u00fchlen wir uns der Ukraine in besonderer Weise verbunden. Ab Aschermittwoch, dem 2. M\u00e4rz 2022, laden wir herzlich ein zum Friedensgebet f\u00fcr die Ukraine in die Sylbacher Kirche. Die Friedensgebete werden immer mittwochs von 19.30 \u2013 20\u2026","rel":"","context":"In &quot;Allgemein&quot;","block_context":{"text":"Allgemein","link":"https:\/\/www.gemeinsame-jugendarbeit.de\/wordpress\/category\/allgemein\/"},"img":{"alt_text":"","src":"https:\/\/i0.wp.com\/www.gemeinsame-jugendarbeit.de\/wordpress\/wp-content\/uploads\/2022\/03\/Kirche-Sylbach-Friedensgebet-fuer-die-Ukraine-1024x722-1.jpeg?fit=1024%2C722&ssl=1&resize=350%2C200","width":350,"height":200,"srcset":"https:\/\/i0.wp.com\/www.gemeinsame-jugendarbeit.de\/wordpress\/wp-content\/uploads\/2022\/03\/Kirche-Sylbach-Friedensgebet-fuer-die-Ukraine-1024x722-1.jpeg?fit=1024%2C722&ssl=1&resize=350%2C200 1x, https:\/\/i0.wp.com\/www.gemeinsame-jugendarbeit.de\/wordpress\/wp-content\/uploads\/2022\/03\/Kirche-Sylbach-Friedensgebet-fuer-die-Ukraine-1024x722-1.jpeg?fit=1024%2C722&ssl=1&resize=525%2C300 1.5x, https:\/\/i0.wp.com\/www.gemeinsame-jugendarbeit.de\/wordpress\/wp-content\/uploads\/2022\/03\/Kirche-Sylbach-Friedensgebet-fuer-die-Ukraine-1024x722-1.jpeg?fit=1024%2C722&ssl=1&resize=700%2C400 2x"},"classes":[]},{"id":1143,"url":"https:\/\/www.gemeinsame-jugendarbeit.de\/wordpress\/2018\/05\/09\/ausflug-der-katechumenen-der-kilianskirche-ins-kloster-loccum-steinhuder-meer\/","url_meta":{"origin":5161,"position":2},"title":"Ausflug der Katechumenen  der Kilianskirche ins Kloster Loccum\/Steinhuder Meer","author":"schwarze","date":"9. Mai 2018","format":false,"excerpt":"In der ev. ref. Kirchengemeinde Sch\u00f6tmar bereiten sich zur Zeit achtzehn Katechumenen, neun M\u00e4dchen und neun Jungs, auf ihre Konfirmation im n\u00e4chsten Jahr vor. Gemeinsam hei\u00dft es alle vier Wochen samst\u00e4glich die Kirchengemeinde kennenzulernen, Glaubensinhalten nachzugehen und Lieder zu singen. Anfang Mai konnten die Katechumenen dabei zusammen mit einigen Elternteilen\u2026","rel":"","context":"In &quot;Allgemein&quot;","block_context":{"text":"Allgemein","link":"https:\/\/www.gemeinsame-jugendarbeit.de\/wordpress\/category\/allgemein\/"},"img":{"alt_text":"","src":"","width":0,"height":0},"classes":[]},{"id":5068,"url":"https:\/\/www.gemeinsame-jugendarbeit.de\/wordpress\/2025\/07\/26\/kirche-und-politik-geht-das-chrissy-fragt-nach\/","url_meta":{"origin":5161,"position":3},"title":"Kirche und Politik geht das? Chrissy fragt nach &#8230;","author":"schwarze","date":"26. Juli 2025","format":false,"excerpt":"Chrissy hat mit Tim Alexander gequatscht. Tim macht Politik im Stadtrat von Bad Salzuflen \u2013 und ganz nebenbei arbeitet er auch noch ehrenamtlich in der ev.-ref. Kirchengemeinde in Sch\u00f6tmar mit.Geht das \u00fcberhaupt zusammen? Das sind zwei Seiten aus dem informativen Gemeindemagazin \u201eEiS\u201c, dem Magazin der evangelischen Kirchengemeinden Sch\u00f6tmars. EiS online\u2026","rel":"","context":"In &quot;Allgemein&quot;","block_context":{"text":"Allgemein","link":"https:\/\/www.gemeinsame-jugendarbeit.de\/wordpress\/category\/allgemein\/"},"img":{"alt_text":"","src":"https:\/\/i0.wp.com\/www.gemeinsame-jugendarbeit.de\/wordpress\/wp-content\/uploads\/2025\/11\/IMG_4584.JPG2_.jpg?fit=849%2C1200&ssl=1&resize=350%2C200","width":350,"height":200,"srcset":"https:\/\/i0.wp.com\/www.gemeinsame-jugendarbeit.de\/wordpress\/wp-content\/uploads\/2025\/11\/IMG_4584.JPG2_.jpg?fit=849%2C1200&ssl=1&resize=350%2C200 1x, https:\/\/i0.wp.com\/www.gemeinsame-jugendarbeit.de\/wordpress\/wp-content\/uploads\/2025\/11\/IMG_4584.JPG2_.jpg?fit=849%2C1200&ssl=1&resize=525%2C300 1.5x, https:\/\/i0.wp.com\/www.gemeinsame-jugendarbeit.de\/wordpress\/wp-content\/uploads\/2025\/11\/IMG_4584.JPG2_.jpg?fit=849%2C1200&ssl=1&resize=700%2C400 2x"},"classes":[]},{"id":3596,"url":"https:\/\/www.gemeinsame-jugendarbeit.de\/wordpress\/2024\/05\/27\/kinderzeltlager-in-sylbach\/","url_meta":{"origin":5161,"position":4},"title":"Kinderzeltlager in Sylbach","author":"schwarze","date":"27. Mai 2024","format":false,"excerpt":"\u201cGott ist stark!\u201dAm 29. & 30. Juni 2024 findet das diesj\u00e4hrige Kinderzeltlager an der Sylbacher Kirche statt.In der Bibel stehen viele Geschichten, die es zu entdecken lohnt. Von Menschen, die mit Gott aufregende Dinge erlebt haben - die total mutig und stark oder sehr \u00e4ngstlich waren; die alleine etwas gemacht\u2026","rel":"","context":"In &quot;Allgemein&quot;","block_context":{"text":"Allgemein","link":"https:\/\/www.gemeinsame-jugendarbeit.de\/wordpress\/category\/allgemein\/"},"img":{"alt_text":"","src":"https:\/\/i0.wp.com\/www.gemeinsame-jugendarbeit.de\/wordpress\/wp-content\/uploads\/2024\/05\/kiz2024_Header_2.jpg?fit=1200%2C846&ssl=1&resize=350%2C200","width":350,"height":200,"srcset":"https:\/\/i0.wp.com\/www.gemeinsame-jugendarbeit.de\/wordpress\/wp-content\/uploads\/2024\/05\/kiz2024_Header_2.jpg?fit=1200%2C846&ssl=1&resize=350%2C200 1x, https:\/\/i0.wp.com\/www.gemeinsame-jugendarbeit.de\/wordpress\/wp-content\/uploads\/2024\/05\/kiz2024_Header_2.jpg?fit=1200%2C846&ssl=1&resize=525%2C300 1.5x, https:\/\/i0.wp.com\/www.gemeinsame-jugendarbeit.de\/wordpress\/wp-content\/uploads\/2024\/05\/kiz2024_Header_2.jpg?fit=1200%2C846&ssl=1&resize=700%2C400 2x, https:\/\/i0.wp.com\/www.gemeinsame-jugendarbeit.de\/wordpress\/wp-content\/uploads\/2024\/05\/kiz2024_Header_2.jpg?fit=1200%2C846&ssl=1&resize=1050%2C600 3x"},"classes":[]},{"id":4457,"url":"https:\/\/www.gemeinsame-jugendarbeit.de\/wordpress\/2024\/05\/18\/ku37-neuer-konfiunterricht-der-ev-kirchengemeinden-in-schoetmar\/","url_meta":{"origin":5161,"position":5},"title":"KU3+7 &#8211; Neuer Konfiunterricht der ev. Kirchengemeinden in Sch\u00f6tmar","author":"schwarze","date":"18. Mai 2024","format":false,"excerpt":"Liebe Familien!Bisher besuchen die Jugendlichen in der 6. und 7. Klasse den Konfiunterricht und werden zum Abschluss in der Kirche konfirmiert.Auf dem Weg zur Konfirmation gibt es etwas Neues in den evangelisch reformierten und lutherischen Kirchengemeinden in Sch\u00f6tmar.\u201eKonfi 3+7\" - der zweigeteilte Konfiunterricht in der Zeit der 3. und der\u2026","rel":"","context":"In &quot;Allgemein&quot;","block_context":{"text":"Allgemein","link":"https:\/\/www.gemeinsame-jugendarbeit.de\/wordpress\/category\/allgemein\/"},"img":{"alt_text":"","src":"https:\/\/i0.wp.com\/www.gemeinsame-jugendarbeit.de\/wordpress\/wp-content\/uploads\/2024\/05\/AdobeStock_104875527-1024x684.jpeg?resize=350%2C200","width":350,"height":200,"srcset":"https:\/\/i0.wp.com\/www.gemeinsame-jugendarbeit.de\/wordpress\/wp-content\/uploads\/2024\/05\/AdobeStock_104875527-1024x684.jpeg?resize=350%2C200 1x, https:\/\/i0.wp.com\/www.gemeinsame-jugendarbeit.de\/wordpress\/wp-content\/uploads\/2024\/05\/AdobeStock_104875527-1024x684.jpeg?resize=525%2C300 1.5x, https:\/\/i0.wp.com\/www.gemeinsame-jugendarbeit.de\/wordpress\/wp-content\/uploads\/2024\/05\/AdobeStock_104875527-1024x684.jpeg?resize=700%2C400 2x"},"classes":[]}],"publishpress_future_action":{"enabled":false,"date":"2026-05-04 16:53:40","action":"change-status","newStatus":"draft","terms":[],"taxonomy":"category"},"publishpress_future_workflow_manual_trigger":{"enabledWorkflows":[]},"_links":{"self":[{"href":"https:\/\/www.gemeinsame-jugendarbeit.de\/wordpress\/wp-json\/wp\/v2\/posts\/5161"}],"collection":[{"href":"https:\/\/www.gemeinsame-jugendarbeit.de\/wordpress\/wp-json\/wp\/v2\/posts"}],"about":[{"href":"https:\/\/www.gemeinsame-jugendarbeit.de\/wordpress\/wp-json\/wp\/v2\/types\/post"}],"author":[{"embeddable":true,"href":"https:\/\/www.gemeinsame-jugendarbeit.de\/wordpress\/wp-json\/wp\/v2\/users\/1"}],"replies":[{"embeddable":true,"href":"https:\/\/www.gemeinsame-jugendarbeit.de\/wordpress\/wp-json\/wp\/v2\/comments?post=5161"}],"version-history":[{"count":7,"href":"https:\/\/www.gemeinsame-jugendarbeit.de\/wordpress\/wp-json\/wp\/v2\/posts\/5161\/revisions"}],"predecessor-version":[{"id":5177,"href":"https:\/\/www.gemeinsame-jugendarbeit.de\/wordpress\/wp-json\/wp\/v2\/posts\/5161\/revisions\/5177"}],"wp:featuredmedia":[{"embeddable":true,"href":"https:\/\/www.gemeinsame-jugendarbeit.de\/wordpress\/wp-json\/wp\/v2\/media\/5160"}],"wp:attachment":[{"href":"https:\/\/www.gemeinsame-jugendarbeit.de\/wordpress\/wp-json\/wp\/v2\/media?parent=5161"}],"wp:term":[{"taxonomy":"category","embeddable":true,"href":"https:\/\/www.gemeinsame-jugendarbeit.de\/wordpress\/wp-json\/wp\/v2\/categories?post=5161"},{"taxonomy":"post_tag","embeddable":true,"href":"https:\/\/www.gemeinsame-jugendarbeit.de\/wordpress\/wp-json\/wp\/v2\/tags?post=5161"}],"curies":[{"name":"wp","href":"https:\/\/api.w.org\/{rel}","templated":true}]}}