{"id":518,"date":"2017-05-31T11:05:55","date_gmt":"2017-05-31T09:05:55","guid":{"rendered":"http:\/\/www.gemeinsame-jugendarbeit.de\/wordpress\/?p=518"},"modified":"2017-07-14T19:36:37","modified_gmt":"2017-07-14T17:36:37","slug":"staytion-mit-gottesdienst","status":"publish","type":"post","link":"https:\/\/www.gemeinsame-jugendarbeit.de\/wordpress\/2017\/05\/31\/staytion-mit-gottesdienst\/","title":{"rendered":"Staytion mit Gottesdienst"},"content":{"rendered":"<div class=\"\" data-block=\"true\" data-editor=\"3r34j\" data-offset-key=\"9uqkb-0-0\">\n<h4 class=\"_1mf _1mj\" data-offset-key=\"9uqkb-0-0\"><span data-offset-key=\"9uqkb-0-0\">STAYTION &#8211; Der Jugendtreff am Sonntag l\u00e4dt ein:<\/span><\/h4>\n<\/div>\n<div class=\"\" data-block=\"true\" data-editor=\"3r34j\" data-offset-key=\"1jou1-0-0\">\n<div class=\"_1mf _1mj\" data-offset-key=\"1jou1-0-0\"><span data-offset-key=\"1jou1-0-0\">\u00a0<\/span><\/div>\n<\/div>\n<div class=\"\" data-block=\"true\" data-editor=\"3r34j\" data-offset-key=\"8herk-0-0\">\n<div class=\"_1mf _1mj\" data-offset-key=\"8herk-0-0\"><strong>11. Juni 2017<\/strong><\/div>\n<\/div>\n<div class=\"\" data-block=\"true\" data-editor=\"3r34j\" data-offset-key=\"c707n-0-0\">\n<div class=\"_1mf _1mj\" data-offset-key=\"c707n-0-0\"><span data-offset-key=\"c707n-0-0\">17 &#8211; 20 Uhr: Treffpunkt f\u00fcr Jugendliche ab 12 Jahre zum Spielen, Quatschen, Musik h\u00f6ren, Spa\u00df haben und lecker Essen!<\/span><\/div>\n<\/div>\n<div class=\"\" data-block=\"true\" data-editor=\"3r34j\" data-offset-key=\"8np56-0-0\">\n<div class=\"_1mf _1mj\" data-offset-key=\"8np56-0-0\"><span data-offset-key=\"8np56-0-0\">\u00a0<\/span><\/div>\n<\/div>\n<div class=\"\" data-block=\"true\" data-editor=\"3r34j\" data-offset-key=\"388m1-0-0\">\n<div class=\"_1mf _1mj\" data-offset-key=\"388m1-0-0\"><span data-offset-key=\"388m1-0-0\">18.00 Uhr: Jugendgottesdienst<\/span><\/div>\n<\/div>\n<div class=\"\" data-block=\"true\" data-editor=\"3r34j\" data-offset-key=\"8mccs-0-0\">\n<div class=\"_1mf _1mj\" data-offset-key=\"8mccs-0-0\"><span data-offset-key=\"8mccs-0-0\">&#8222;W\u00fcnsche werden wahr!?&#8220;<\/span><\/div>\n<\/div>\n<div class=\"\" data-block=\"true\" data-editor=\"3r34j\" data-offset-key=\"9j9q1-0-0\">\n<div class=\"_1mf _1mj\" data-offset-key=\"9j9q1-0-0\"><span data-offset-key=\"9j9q1-0-0\">\u00a0<\/span><\/div>\n<\/div>\n<div class=\"\" data-block=\"true\" data-editor=\"3r34j\" data-offset-key=\"36h8l-0-0\">\n<div class=\"_1mf _1mj\" data-offset-key=\"36h8l-0-0\"><span data-offset-key=\"36h8l-0-0\">Kommt und seid dabei!<\/span><\/div>\n<\/div>\n<div class=\"\" data-block=\"true\" data-editor=\"3r34j\" data-offset-key=\"c4vhp-0-0\">\n<div class=\"_1mf _1mj\" data-offset-key=\"c4vhp-0-0\"><span data-offset-key=\"c4vhp-0-0\">\ud83d\ude00<\/span><\/div>\n<\/div>\n","protected":false},"excerpt":{"rendered":"<p>STAYTION &#8211; Der Jugendtreff am Sonntag l\u00e4dt ein: \u00a0 11. Juni 2017 17 &#8211; 20 Uhr: Treffpunkt f\u00fcr Jugendliche ab 12 Jahre zum Spielen, Quatschen, Musik h\u00f6ren, Spa\u00df haben und&#8230; <\/p>\n<div class=\"link-more\"><a href=\"https:\/\/www.gemeinsame-jugendarbeit.de\/wordpress\/2017\/05\/31\/staytion-mit-gottesdienst\/\">Weiterlesen<\/a><\/div>\n","protected":false},"author":1,"featured_media":516,"comment_status":"closed","ping_status":"closed","sticky":false,"template":"","format":"standard","meta":{"ngg_post_thumbnail":0,"_jetpack_newsletter_access":""},"categories":[4],"tags":[],"jetpack_featured_media_url":"https:\/\/i0.wp.com\/www.gemeinsame-jugendarbeit.de\/wordpress\/wp-content\/uploads\/2017\/05\/staytion_170611_rand.jpg?fit=1651%2C2133&ssl=1","jetpack_sharing_enabled":true,"jetpack_shortlink":"https:\/\/wp.me\/p8sCNj-8m","jetpack-related-posts":[{"id":329,"url":"https:\/\/www.gemeinsame-jugendarbeit.de\/wordpress\/2017\/03\/20\/oekum-jugengottesdienst\/","url_meta":{"origin":518,"position":0},"title":"Artikel zum \u00f6kum. Jugengottesdienst","author":"schwarze","date":"20. M\u00e4rz 2017","format":"image","excerpt":"\u00d6kumenischer Jugendgottesdienst \"Rufe mich an in der Not\u201c Finden Gottesdienste immer nur in der Kirche statt? Nicht, wenn zum \u00f6kumenischen Jugendgottesdienst eingeladen wird. Nach Gottesdiensten in der Trauerhalle Kramer und dem Fitnessstudio Pro Vita+, fand am 26. M\u00e4rz ein gemeinsamer Jugendgottesdienst der Evangelischen Jugend Bad Salzuflen, dem katholischen Pastoralverbund Bad\u2026","rel":"","context":"In &quot;Archiv&quot;","block_context":{"text":"Archiv","link":"https:\/\/www.gemeinsame-jugendarbeit.de\/wordpress\/category\/archiv\/"},"img":{"alt_text":"","src":"https:\/\/i0.wp.com\/www.gemeinsame-jugendarbeit.de\/wordpress\/wp-content\/uploads\/2017\/03\/jugo2017Plakat_klein.jpg?fit=1200%2C848&ssl=1&resize=350%2C200","width":350,"height":200,"srcset":"https:\/\/i0.wp.com\/www.gemeinsame-jugendarbeit.de\/wordpress\/wp-content\/uploads\/2017\/03\/jugo2017Plakat_klein.jpg?fit=1200%2C848&ssl=1&resize=350%2C200 1x, https:\/\/i0.wp.com\/www.gemeinsame-jugendarbeit.de\/wordpress\/wp-content\/uploads\/2017\/03\/jugo2017Plakat_klein.jpg?fit=1200%2C848&ssl=1&resize=525%2C300 1.5x, https:\/\/i0.wp.com\/www.gemeinsame-jugendarbeit.de\/wordpress\/wp-content\/uploads\/2017\/03\/jugo2017Plakat_klein.jpg?fit=1200%2C848&ssl=1&resize=700%2C400 2x, https:\/\/i0.wp.com\/www.gemeinsame-jugendarbeit.de\/wordpress\/wp-content\/uploads\/2017\/03\/jugo2017Plakat_klein.jpg?fit=1200%2C848&ssl=1&resize=1050%2C600 3x"},"classes":[]},{"id":609,"url":"https:\/\/www.gemeinsame-jugendarbeit.de\/wordpress\/2017\/09\/14\/churchnight-2017\/","url_meta":{"origin":518,"position":1},"title":"CHURCHNIGHT 2017 &#8211; Das war&#8217;s!","author":"schwarze","date":"14. September 2017","format":false,"excerpt":"Reformation einmal anders: Glaube und Kirche \u2013 modern, jugendlich und f\u00fcr jeden geeignet! Das war die Churchnight 2017! \u00a0Wie kann man Jugendliche und (junge) Erwachsene f\u00fcr das 500 Jahre alte Thema der Reformation interessieren oder sogar begeistern? Dieser Aufgabe haben sich Mitarbeitende der Gemeinsamen Jugendarbeit in Sylbach und Sch\u00f6tmar und\u2026","rel":"","context":"In &quot;Allgemein&quot;","block_context":{"text":"Allgemein","link":"https:\/\/www.gemeinsame-jugendarbeit.de\/wordpress\/category\/allgemein\/"},"img":{"alt_text":"","src":"https:\/\/i0.wp.com\/www.gemeinsame-jugendarbeit.de\/wordpress\/wp-content\/uploads\/2017\/10\/IMG_1506.jpg?fit=1200%2C800&ssl=1&resize=350%2C200","width":350,"height":200,"srcset":"https:\/\/i0.wp.com\/www.gemeinsame-jugendarbeit.de\/wordpress\/wp-content\/uploads\/2017\/10\/IMG_1506.jpg?fit=1200%2C800&ssl=1&resize=350%2C200 1x, https:\/\/i0.wp.com\/www.gemeinsame-jugendarbeit.de\/wordpress\/wp-content\/uploads\/2017\/10\/IMG_1506.jpg?fit=1200%2C800&ssl=1&resize=525%2C300 1.5x, https:\/\/i0.wp.com\/www.gemeinsame-jugendarbeit.de\/wordpress\/wp-content\/uploads\/2017\/10\/IMG_1506.jpg?fit=1200%2C800&ssl=1&resize=700%2C400 2x, https:\/\/i0.wp.com\/www.gemeinsame-jugendarbeit.de\/wordpress\/wp-content\/uploads\/2017\/10\/IMG_1506.jpg?fit=1200%2C800&ssl=1&resize=1050%2C600 3x"},"classes":[]}],"publishpress_future_action":{"enabled":false,"date":"2026-05-05 20:19:01","action":"change-status","newStatus":"draft","terms":[],"taxonomy":"category"},"publishpress_future_workflow_manual_trigger":{"enabledWorkflows":[]},"_links":{"self":[{"href":"https:\/\/www.gemeinsame-jugendarbeit.de\/wordpress\/wp-json\/wp\/v2\/posts\/518"}],"collection":[{"href":"https:\/\/www.gemeinsame-jugendarbeit.de\/wordpress\/wp-json\/wp\/v2\/posts"}],"about":[{"href":"https:\/\/www.gemeinsame-jugendarbeit.de\/wordpress\/wp-json\/wp\/v2\/types\/post"}],"author":[{"embeddable":true,"href":"https:\/\/www.gemeinsame-jugendarbeit.de\/wordpress\/wp-json\/wp\/v2\/users\/1"}],"replies":[{"embeddable":true,"href":"https:\/\/www.gemeinsame-jugendarbeit.de\/wordpress\/wp-json\/wp\/v2\/comments?post=518"}],"version-history":[{"count":1,"href":"https:\/\/www.gemeinsame-jugendarbeit.de\/wordpress\/wp-json\/wp\/v2\/posts\/518\/revisions"}],"predecessor-version":[{"id":519,"href":"https:\/\/www.gemeinsame-jugendarbeit.de\/wordpress\/wp-json\/wp\/v2\/posts\/518\/revisions\/519"}],"wp:featuredmedia":[{"embeddable":true,"href":"https:\/\/www.gemeinsame-jugendarbeit.de\/wordpress\/wp-json\/wp\/v2\/media\/516"}],"wp:attachment":[{"href":"https:\/\/www.gemeinsame-jugendarbeit.de\/wordpress\/wp-json\/wp\/v2\/media?parent=518"}],"wp:term":[{"taxonomy":"category","embeddable":true,"href":"https:\/\/www.gemeinsame-jugendarbeit.de\/wordpress\/wp-json\/wp\/v2\/categories?post=518"},{"taxonomy":"post_tag","embeddable":true,"href":"https:\/\/www.gemeinsame-jugendarbeit.de\/wordpress\/wp-json\/wp\/v2\/tags?post=518"}],"curies":[{"name":"wp","href":"https:\/\/api.w.org\/{rel}","templated":true}]}}