{"id":609,"date":"2017-09-14T12:09:53","date_gmt":"2017-09-14T10:09:53","guid":{"rendered":"http:\/\/www.gemeinsame-jugendarbeit.de\/wordpress\/?p=609"},"modified":"2017-10-30T12:06:33","modified_gmt":"2017-10-30T11:06:33","slug":"churchnight-2017","status":"publish","type":"post","link":"https:\/\/www.gemeinsame-jugendarbeit.de\/wordpress\/2017\/09\/14\/churchnight-2017\/","title":{"rendered":"CHURCHNIGHT 2017 &#8211; Das war&#8217;s!"},"content":{"rendered":"<p><strong>Reformation einmal anders: Glaube und Kirche \u2013 modern, jugendlich und f\u00fcr jeden geeignet! Das war die Churchnight 2017!<\/strong><\/p>\n<p><strong>\u00a0<\/strong>Wie kann man Jugendliche und (junge) Erwachsene f\u00fcr das 500 Jahre alte Thema der Reformation interessieren oder sogar begeistern? Dieser Aufgabe haben sich Mitarbeitende der Gemeinsamen Jugendarbeit in Sylbach und Sch\u00f6tmar und der Kirchengemeinden Retzen und Talle gestellt. <!--more-->Das Ergebnis war die \u201eChurchnight 2017\u201c, die am 14. Oktober in der Trinitatiskirche stattfand.<\/p>\n<p>Die \u00fcber 100 G\u00e4ste erwartete ein vielf\u00e4ltiger Abend mit kreativen, besinnlichen und kulinarischen Angeboten rund um die Reformation, Martin Luther, die Kirche und den Glauben. Die Bands Lightness (Sch\u00f6tmar) und Staytion (Sylbach) begeisterten das Publikum, das sich zum Mitsingen einladen lie\u00df. Des weiteren erkl\u00e4rten Videoclips auf moderne Art die Geschichte und die Auswirkungen der Reformation und der Jugendkreis aus Retzen hatte extra f\u00fcr die Churchnight eine Umfrage zur Bekanntheit des Themas gemacht. Am Ende des Abends wurde die eigens f\u00fcr die Churchnight gebackene Geburtstagtorte verspeist.<br \/>\n<strong>Dank der Kreativit\u00e4t und des tollen Einsatzes der vielen Mita<\/strong><strong>rbeiterinnen und Mitarbeiter kann man abschlie\u00dfend feststellen &#8211; auch ein altes Thema kann junge Menschen erreichen und begeistern!<\/strong><\/p>\n<p>&nbsp;<\/p>\n<p>&nbsp;<\/p>\n<p><a href=\"https:\/\/i0.wp.com\/www.gemeinsame-jugendarbeit.de\/wordpress\/wp-content\/uploads\/2017\/10\/DSC0736.jpg?ssl=1\"><img data-attachment-id=\"625\" data-permalink=\"https:\/\/www.gemeinsame-jugendarbeit.de\/wordpress\/2017\/09\/14\/churchnight-2017\/_dsc0736\/\" data-orig-file=\"https:\/\/i0.wp.com\/www.gemeinsame-jugendarbeit.de\/wordpress\/wp-content\/uploads\/2017\/10\/DSC0736.jpg?fit=4928%2C3264&amp;ssl=1\" data-orig-size=\"4928,3264\" data-comments-opened=\"0\" data-image-meta=\"{&quot;aperture&quot;:&quot;5&quot;,&quot;credit&quot;:&quot;&quot;,&quot;camera&quot;:&quot;NIKON D5100&quot;,&quot;caption&quot;:&quot;&quot;,&quot;created_timestamp&quot;:&quot;1508093762&quot;,&quot;copyright&quot;:&quot;&quot;,&quot;focal_length&quot;:&quot;50&quot;,&quot;iso&quot;:&quot;2000&quot;,&quot;shutter_speed&quot;:&quot;0.033333333333333&quot;,&quot;title&quot;:&quot;&quot;,&quot;orientation&quot;:&quot;1&quot;}\" data-image-title=\"_DSC0736\" data-image-description=\"\" data-image-caption=\"\" data-medium-file=\"https:\/\/i0.wp.com\/www.gemeinsame-jugendarbeit.de\/wordpress\/wp-content\/uploads\/2017\/10\/DSC0736.jpg?fit=300%2C199&amp;ssl=1\" data-large-file=\"https:\/\/i0.wp.com\/www.gemeinsame-jugendarbeit.de\/wordpress\/wp-content\/uploads\/2017\/10\/DSC0736.jpg?fit=1000%2C662&amp;ssl=1\" fetchpriority=\"high\" decoding=\"async\" class=\"alignnone size-medium wp-image-625\" src=\"https:\/\/i0.wp.com\/www.gemeinsame-jugendarbeit.de\/wordpress\/wp-content\/uploads\/2017\/10\/DSC0736.jpg?resize=300%2C199&#038;ssl=1\" alt=\"\" width=\"300\" height=\"199\" srcset=\"https:\/\/i0.wp.com\/www.gemeinsame-jugendarbeit.de\/wordpress\/wp-content\/uploads\/2017\/10\/DSC0736.jpg?resize=300%2C199&amp;ssl=1 300w, https:\/\/i0.wp.com\/www.gemeinsame-jugendarbeit.de\/wordpress\/wp-content\/uploads\/2017\/10\/DSC0736.jpg?resize=768%2C509&amp;ssl=1 768w, https:\/\/i0.wp.com\/www.gemeinsame-jugendarbeit.de\/wordpress\/wp-content\/uploads\/2017\/10\/DSC0736.jpg?resize=1024%2C678&amp;ssl=1 1024w, https:\/\/i0.wp.com\/www.gemeinsame-jugendarbeit.de\/wordpress\/wp-content\/uploads\/2017\/10\/DSC0736.jpg?resize=960%2C640&amp;ssl=1 960w, https:\/\/i0.wp.com\/www.gemeinsame-jugendarbeit.de\/wordpress\/wp-content\/uploads\/2017\/10\/DSC0736.jpg?resize=453%2C300&amp;ssl=1 453w, https:\/\/i0.wp.com\/www.gemeinsame-jugendarbeit.de\/wordpress\/wp-content\/uploads\/2017\/10\/DSC0736.jpg?w=2000&amp;ssl=1 2000w, https:\/\/i0.wp.com\/www.gemeinsame-jugendarbeit.de\/wordpress\/wp-content\/uploads\/2017\/10\/DSC0736.jpg?w=3000&amp;ssl=1 3000w\" sizes=\"(max-width: 300px) 100vw, 300px\" data-recalc-dims=\"1\" \/><\/a> <a href=\"https:\/\/i0.wp.com\/www.gemeinsame-jugendarbeit.de\/wordpress\/wp-content\/uploads\/2017\/10\/DSC0741.jpg?ssl=1\"><img data-attachment-id=\"626\" data-permalink=\"https:\/\/www.gemeinsame-jugendarbeit.de\/wordpress\/2017\/09\/14\/churchnight-2017\/_dsc0741\/\" data-orig-file=\"https:\/\/i0.wp.com\/www.gemeinsame-jugendarbeit.de\/wordpress\/wp-content\/uploads\/2017\/10\/DSC0741.jpg?fit=4928%2C3264&amp;ssl=1\" data-orig-size=\"4928,3264\" data-comments-opened=\"0\" data-image-meta=\"{&quot;aperture&quot;:&quot;4.2&quot;,&quot;credit&quot;:&quot;&quot;,&quot;camera&quot;:&quot;NIKON D5100&quot;,&quot;caption&quot;:&quot;&quot;,&quot;created_timestamp&quot;:&quot;1508093903&quot;,&quot;copyright&quot;:&quot;&quot;,&quot;focal_length&quot;:&quot;30&quot;,&quot;iso&quot;:&quot;800&quot;,&quot;shutter_speed&quot;:&quot;0.022222222222222&quot;,&quot;title&quot;:&quot;&quot;,&quot;orientation&quot;:&quot;1&quot;}\" data-image-title=\"_DSC0741\" data-image-description=\"\" data-image-caption=\"\" data-medium-file=\"https:\/\/i0.wp.com\/www.gemeinsame-jugendarbeit.de\/wordpress\/wp-content\/uploads\/2017\/10\/DSC0741.jpg?fit=300%2C199&amp;ssl=1\" data-large-file=\"https:\/\/i0.wp.com\/www.gemeinsame-jugendarbeit.de\/wordpress\/wp-content\/uploads\/2017\/10\/DSC0741.jpg?fit=1000%2C662&amp;ssl=1\" decoding=\"async\" class=\"alignnone size-medium wp-image-626\" src=\"https:\/\/i0.wp.com\/www.gemeinsame-jugendarbeit.de\/wordpress\/wp-content\/uploads\/2017\/10\/DSC0741.jpg?resize=300%2C199&#038;ssl=1\" alt=\"\" width=\"300\" height=\"199\" srcset=\"https:\/\/i0.wp.com\/www.gemeinsame-jugendarbeit.de\/wordpress\/wp-content\/uploads\/2017\/10\/DSC0741.jpg?resize=300%2C199&amp;ssl=1 300w, https:\/\/i0.wp.com\/www.gemeinsame-jugendarbeit.de\/wordpress\/wp-content\/uploads\/2017\/10\/DSC0741.jpg?resize=768%2C509&amp;ssl=1 768w, https:\/\/i0.wp.com\/www.gemeinsame-jugendarbeit.de\/wordpress\/wp-content\/uploads\/2017\/10\/DSC0741.jpg?resize=1024%2C678&amp;ssl=1 1024w, https:\/\/i0.wp.com\/www.gemeinsame-jugendarbeit.de\/wordpress\/wp-content\/uploads\/2017\/10\/DSC0741.jpg?resize=960%2C640&amp;ssl=1 960w, https:\/\/i0.wp.com\/www.gemeinsame-jugendarbeit.de\/wordpress\/wp-content\/uploads\/2017\/10\/DSC0741.jpg?resize=453%2C300&amp;ssl=1 453w, https:\/\/i0.wp.com\/www.gemeinsame-jugendarbeit.de\/wordpress\/wp-content\/uploads\/2017\/10\/DSC0741.jpg?w=2000&amp;ssl=1 2000w, https:\/\/i0.wp.com\/www.gemeinsame-jugendarbeit.de\/wordpress\/wp-content\/uploads\/2017\/10\/DSC0741.jpg?w=3000&amp;ssl=1 3000w\" sizes=\"(max-width: 300px) 100vw, 300px\" data-recalc-dims=\"1\" \/><\/a><\/p>\n<p><a href=\"https:\/\/i0.wp.com\/www.gemeinsame-jugendarbeit.de\/wordpress\/wp-content\/uploads\/2017\/10\/WhatsApp-Image-2017-10-16-at-07.22.37.jpeg?ssl=1\"><img data-attachment-id=\"631\" data-permalink=\"https:\/\/www.gemeinsame-jugendarbeit.de\/wordpress\/2017\/09\/14\/churchnight-2017\/whatsapp-image-2017-10-16-at-07-22-37\/\" data-orig-file=\"https:\/\/i0.wp.com\/www.gemeinsame-jugendarbeit.de\/wordpress\/wp-content\/uploads\/2017\/10\/WhatsApp-Image-2017-10-16-at-07.22.37.jpeg?fit=1280%2C720&amp;ssl=1\" data-orig-size=\"1280,720\" data-comments-opened=\"0\" data-image-meta=\"{&quot;aperture&quot;:&quot;0&quot;,&quot;credit&quot;:&quot;&quot;,&quot;camera&quot;:&quot;&quot;,&quot;caption&quot;:&quot;&quot;,&quot;created_timestamp&quot;:&quot;0&quot;,&quot;copyright&quot;:&quot;&quot;,&quot;focal_length&quot;:&quot;0&quot;,&quot;iso&quot;:&quot;0&quot;,&quot;shutter_speed&quot;:&quot;0&quot;,&quot;title&quot;:&quot;&quot;,&quot;orientation&quot;:&quot;0&quot;}\" data-image-title=\"WhatsApp Image 2017-10-16 at 07.22.37\" data-image-description=\"\" data-image-caption=\"\" data-medium-file=\"https:\/\/i0.wp.com\/www.gemeinsame-jugendarbeit.de\/wordpress\/wp-content\/uploads\/2017\/10\/WhatsApp-Image-2017-10-16-at-07.22.37.jpeg?fit=300%2C169&amp;ssl=1\" data-large-file=\"https:\/\/i0.wp.com\/www.gemeinsame-jugendarbeit.de\/wordpress\/wp-content\/uploads\/2017\/10\/WhatsApp-Image-2017-10-16-at-07.22.37.jpeg?fit=1000%2C563&amp;ssl=1\" decoding=\"async\" class=\"alignnone wp-image-631\" src=\"https:\/\/i0.wp.com\/www.gemeinsame-jugendarbeit.de\/wordpress\/wp-content\/uploads\/2017\/10\/WhatsApp-Image-2017-10-16-at-07.22.37.jpeg?resize=353%2C199&#038;ssl=1\" alt=\"\" width=\"353\" height=\"199\" srcset=\"https:\/\/i0.wp.com\/www.gemeinsame-jugendarbeit.de\/wordpress\/wp-content\/uploads\/2017\/10\/WhatsApp-Image-2017-10-16-at-07.22.37.jpeg?resize=300%2C169&amp;ssl=1 300w, https:\/\/i0.wp.com\/www.gemeinsame-jugendarbeit.de\/wordpress\/wp-content\/uploads\/2017\/10\/WhatsApp-Image-2017-10-16-at-07.22.37.jpeg?resize=768%2C432&amp;ssl=1 768w, https:\/\/i0.wp.com\/www.gemeinsame-jugendarbeit.de\/wordpress\/wp-content\/uploads\/2017\/10\/WhatsApp-Image-2017-10-16-at-07.22.37.jpeg?resize=1024%2C576&amp;ssl=1 1024w, https:\/\/i0.wp.com\/www.gemeinsame-jugendarbeit.de\/wordpress\/wp-content\/uploads\/2017\/10\/WhatsApp-Image-2017-10-16-at-07.22.37.jpeg?w=1280&amp;ssl=1 1280w, https:\/\/i0.wp.com\/www.gemeinsame-jugendarbeit.de\/wordpress\/wp-content\/uploads\/2017\/10\/WhatsApp-Image-2017-10-16-at-07.22.37.jpeg?resize=533%2C300&amp;ssl=1 533w\" sizes=\"(max-width: 353px) 100vw, 353px\" data-recalc-dims=\"1\" \/><\/a> <a href=\"https:\/\/i0.wp.com\/www.gemeinsame-jugendarbeit.de\/wordpress\/wp-content\/uploads\/2017\/10\/IMG_1559.jpg?ssl=1\"><img data-attachment-id=\"629\" data-permalink=\"https:\/\/www.gemeinsame-jugendarbeit.de\/wordpress\/2017\/09\/14\/churchnight-2017\/img_1559\/\" data-orig-file=\"https:\/\/i0.wp.com\/www.gemeinsame-jugendarbeit.de\/wordpress\/wp-content\/uploads\/2017\/10\/IMG_1559-e1509361330939.jpg?fit=3456%2C5184&amp;ssl=1\" data-orig-size=\"3456,5184\" data-comments-opened=\"0\" data-image-meta=\"{&quot;aperture&quot;:&quot;4&quot;,&quot;credit&quot;:&quot;&quot;,&quot;camera&quot;:&quot;Canon EOS 1300D&quot;,&quot;caption&quot;:&quot;&quot;,&quot;created_timestamp&quot;:&quot;1508011828&quot;,&quot;copyright&quot;:&quot;&quot;,&quot;focal_length&quot;:&quot;18&quot;,&quot;iso&quot;:&quot;800&quot;,&quot;shutter_speed&quot;:&quot;0.016666666666667&quot;,&quot;title&quot;:&quot;&quot;,&quot;orientation&quot;:&quot;6&quot;}\" data-image-title=\"IMG_1559\" data-image-description=\"\" data-image-caption=\"\" data-medium-file=\"https:\/\/i0.wp.com\/www.gemeinsame-jugendarbeit.de\/wordpress\/wp-content\/uploads\/2017\/10\/IMG_1559-e1509361330939.jpg?fit=200%2C300&amp;ssl=1\" data-large-file=\"https:\/\/i0.wp.com\/www.gemeinsame-jugendarbeit.de\/wordpress\/wp-content\/uploads\/2017\/10\/IMG_1559-e1509361330939.jpg?fit=683%2C1024&amp;ssl=1\" loading=\"lazy\" decoding=\"async\" class=\"alignnone wp-image-629 size-medium\" src=\"https:\/\/i0.wp.com\/www.gemeinsame-jugendarbeit.de\/wordpress\/wp-content\/uploads\/2017\/10\/IMG_1559-e1509361330939-200x300.jpg?resize=200%2C300&#038;ssl=1\" alt=\"\" width=\"200\" height=\"300\" srcset=\"https:\/\/i0.wp.com\/www.gemeinsame-jugendarbeit.de\/wordpress\/wp-content\/uploads\/2017\/10\/IMG_1559-e1509361330939.jpg?resize=200%2C300&amp;ssl=1 200w, https:\/\/i0.wp.com\/www.gemeinsame-jugendarbeit.de\/wordpress\/wp-content\/uploads\/2017\/10\/IMG_1559-e1509361330939.jpg?resize=768%2C1152&amp;ssl=1 768w, https:\/\/i0.wp.com\/www.gemeinsame-jugendarbeit.de\/wordpress\/wp-content\/uploads\/2017\/10\/IMG_1559-e1509361330939.jpg?resize=683%2C1024&amp;ssl=1 683w, https:\/\/i0.wp.com\/www.gemeinsame-jugendarbeit.de\/wordpress\/wp-content\/uploads\/2017\/10\/IMG_1559-e1509361330939.jpg?w=2000&amp;ssl=1 2000w, https:\/\/i0.wp.com\/www.gemeinsame-jugendarbeit.de\/wordpress\/wp-content\/uploads\/2017\/10\/IMG_1559-e1509361330939.jpg?w=3000&amp;ssl=1 3000w\" sizes=\"(max-width: 200px) 100vw, 200px\" data-recalc-dims=\"1\" \/><\/a><\/p>\n<p><a href=\"https:\/\/i0.wp.com\/www.gemeinsame-jugendarbeit.de\/wordpress\/wp-content\/uploads\/2017\/10\/IMG_1558.jpg?ssl=1\"><img data-attachment-id=\"628\" data-permalink=\"https:\/\/www.gemeinsame-jugendarbeit.de\/wordpress\/2017\/09\/14\/churchnight-2017\/img_1558\/\" data-orig-file=\"https:\/\/i0.wp.com\/www.gemeinsame-jugendarbeit.de\/wordpress\/wp-content\/uploads\/2017\/10\/IMG_1558-e1509361356254.jpg?fit=3456%2C5184&amp;ssl=1\" data-orig-size=\"3456,5184\" data-comments-opened=\"0\" data-image-meta=\"{&quot;aperture&quot;:&quot;4&quot;,&quot;credit&quot;:&quot;&quot;,&quot;camera&quot;:&quot;Canon EOS 1300D&quot;,&quot;caption&quot;:&quot;&quot;,&quot;created_timestamp&quot;:&quot;1508011798&quot;,&quot;copyright&quot;:&quot;&quot;,&quot;focal_length&quot;:&quot;28&quot;,&quot;iso&quot;:&quot;800&quot;,&quot;shutter_speed&quot;:&quot;0.016666666666667&quot;,&quot;title&quot;:&quot;&quot;,&quot;orientation&quot;:&quot;6&quot;}\" data-image-title=\"IMG_1558\" data-image-description=\"\" data-image-caption=\"\" data-medium-file=\"https:\/\/i0.wp.com\/www.gemeinsame-jugendarbeit.de\/wordpress\/wp-content\/uploads\/2017\/10\/IMG_1558-e1509361356254.jpg?fit=200%2C300&amp;ssl=1\" data-large-file=\"https:\/\/i0.wp.com\/www.gemeinsame-jugendarbeit.de\/wordpress\/wp-content\/uploads\/2017\/10\/IMG_1558-e1509361356254.jpg?fit=683%2C1024&amp;ssl=1\" loading=\"lazy\" decoding=\"async\" class=\"alignnone wp-image-628 size-medium\" src=\"https:\/\/i0.wp.com\/www.gemeinsame-jugendarbeit.de\/wordpress\/wp-content\/uploads\/2017\/10\/IMG_1558-e1509361356254-200x300.jpg?resize=200%2C300&#038;ssl=1\" alt=\"\" width=\"200\" height=\"300\" srcset=\"https:\/\/i0.wp.com\/www.gemeinsame-jugendarbeit.de\/wordpress\/wp-content\/uploads\/2017\/10\/IMG_1558-e1509361356254.jpg?resize=200%2C300&amp;ssl=1 200w, https:\/\/i0.wp.com\/www.gemeinsame-jugendarbeit.de\/wordpress\/wp-content\/uploads\/2017\/10\/IMG_1558-e1509361356254.jpg?resize=768%2C1152&amp;ssl=1 768w, https:\/\/i0.wp.com\/www.gemeinsame-jugendarbeit.de\/wordpress\/wp-content\/uploads\/2017\/10\/IMG_1558-e1509361356254.jpg?resize=683%2C1024&amp;ssl=1 683w, https:\/\/i0.wp.com\/www.gemeinsame-jugendarbeit.de\/wordpress\/wp-content\/uploads\/2017\/10\/IMG_1558-e1509361356254.jpg?w=2000&amp;ssl=1 2000w, https:\/\/i0.wp.com\/www.gemeinsame-jugendarbeit.de\/wordpress\/wp-content\/uploads\/2017\/10\/IMG_1558-e1509361356254.jpg?w=3000&amp;ssl=1 3000w\" sizes=\"(max-width: 200px) 100vw, 200px\" data-recalc-dims=\"1\" \/><\/a> <a href=\"https:\/\/i0.wp.com\/www.gemeinsame-jugendarbeit.de\/wordpress\/wp-content\/uploads\/2017\/10\/20171014_221831.jpg?ssl=1\"><img data-attachment-id=\"627\" data-permalink=\"https:\/\/www.gemeinsame-jugendarbeit.de\/wordpress\/2017\/09\/14\/churchnight-2017\/20171014_221831\/\" data-orig-file=\"https:\/\/i0.wp.com\/www.gemeinsame-jugendarbeit.de\/wordpress\/wp-content\/uploads\/2017\/10\/20171014_221831-e1509361393916.jpg?fit=3024%2C4032&amp;ssl=1\" data-orig-size=\"3024,4032\" data-comments-opened=\"0\" data-image-meta=\"{&quot;aperture&quot;:&quot;1.7&quot;,&quot;credit&quot;:&quot;&quot;,&quot;camera&quot;:&quot;SM-G930F&quot;,&quot;caption&quot;:&quot;&quot;,&quot;created_timestamp&quot;:&quot;1508019511&quot;,&quot;copyright&quot;:&quot;&quot;,&quot;focal_length&quot;:&quot;4.2&quot;,&quot;iso&quot;:&quot;800&quot;,&quot;shutter_speed&quot;:&quot;0.03030303030303&quot;,&quot;title&quot;:&quot;&quot;,&quot;orientation&quot;:&quot;6&quot;}\" data-image-title=\"20171014_221831\" data-image-description=\"\" data-image-caption=\"\" data-medium-file=\"https:\/\/i0.wp.com\/www.gemeinsame-jugendarbeit.de\/wordpress\/wp-content\/uploads\/2017\/10\/20171014_221831-e1509361393916.jpg?fit=225%2C300&amp;ssl=1\" data-large-file=\"https:\/\/i0.wp.com\/www.gemeinsame-jugendarbeit.de\/wordpress\/wp-content\/uploads\/2017\/10\/20171014_221831-e1509361393916.jpg?fit=768%2C1024&amp;ssl=1\" loading=\"lazy\" decoding=\"async\" class=\"alignnone wp-image-627 size-medium\" src=\"https:\/\/i0.wp.com\/www.gemeinsame-jugendarbeit.de\/wordpress\/wp-content\/uploads\/2017\/10\/20171014_221831-e1509361393916-225x300.jpg?resize=225%2C300&#038;ssl=1\" alt=\"\" width=\"225\" height=\"300\" srcset=\"https:\/\/i0.wp.com\/www.gemeinsame-jugendarbeit.de\/wordpress\/wp-content\/uploads\/2017\/10\/20171014_221831-e1509361393916.jpg?resize=225%2C300&amp;ssl=1 225w, https:\/\/i0.wp.com\/www.gemeinsame-jugendarbeit.de\/wordpress\/wp-content\/uploads\/2017\/10\/20171014_221831-e1509361393916.jpg?resize=768%2C1024&amp;ssl=1 768w, https:\/\/i0.wp.com\/www.gemeinsame-jugendarbeit.de\/wordpress\/wp-content\/uploads\/2017\/10\/20171014_221831-e1509361393916.jpg?resize=630%2C840&amp;ssl=1 630w, https:\/\/i0.wp.com\/www.gemeinsame-jugendarbeit.de\/wordpress\/wp-content\/uploads\/2017\/10\/20171014_221831-e1509361393916.jpg?resize=960%2C1280&amp;ssl=1 960w, https:\/\/i0.wp.com\/www.gemeinsame-jugendarbeit.de\/wordpress\/wp-content\/uploads\/2017\/10\/20171014_221831-e1509361393916.jpg?w=2000&amp;ssl=1 2000w, https:\/\/i0.wp.com\/www.gemeinsame-jugendarbeit.de\/wordpress\/wp-content\/uploads\/2017\/10\/20171014_221831-e1509361393916.jpg?w=3000&amp;ssl=1 3000w\" sizes=\"(max-width: 225px) 100vw, 225px\" data-recalc-dims=\"1\" \/><\/a><\/p>\n<p><a href=\"https:\/\/i0.wp.com\/www.gemeinsame-jugendarbeit.de\/wordpress\/wp-content\/uploads\/2017\/10\/IMG_1590.jpg?ssl=1\"><img data-attachment-id=\"630\" data-permalink=\"https:\/\/www.gemeinsame-jugendarbeit.de\/wordpress\/2017\/09\/14\/churchnight-2017\/img_1590\/\" data-orig-file=\"https:\/\/i0.wp.com\/www.gemeinsame-jugendarbeit.de\/wordpress\/wp-content\/uploads\/2017\/10\/IMG_1590.jpg?fit=5184%2C3456&amp;ssl=1\" data-orig-size=\"5184,3456\" data-comments-opened=\"0\" data-image-meta=\"{&quot;aperture&quot;:&quot;5&quot;,&quot;credit&quot;:&quot;&quot;,&quot;camera&quot;:&quot;Canon EOS 1300D&quot;,&quot;caption&quot;:&quot;&quot;,&quot;created_timestamp&quot;:&quot;1508016578&quot;,&quot;copyright&quot;:&quot;&quot;,&quot;focal_length&quot;:&quot;47&quot;,&quot;iso&quot;:&quot;320&quot;,&quot;shutter_speed&quot;:&quot;0.0125&quot;,&quot;title&quot;:&quot;&quot;,&quot;orientation&quot;:&quot;1&quot;}\" data-image-title=\"IMG_1590\" data-image-description=\"\" data-image-caption=\"\" data-medium-file=\"https:\/\/i0.wp.com\/www.gemeinsame-jugendarbeit.de\/wordpress\/wp-content\/uploads\/2017\/10\/IMG_1590.jpg?fit=300%2C200&amp;ssl=1\" data-large-file=\"https:\/\/i0.wp.com\/www.gemeinsame-jugendarbeit.de\/wordpress\/wp-content\/uploads\/2017\/10\/IMG_1590.jpg?fit=1000%2C667&amp;ssl=1\" loading=\"lazy\" decoding=\"async\" class=\"alignnone size-medium wp-image-630\" src=\"https:\/\/i0.wp.com\/www.gemeinsame-jugendarbeit.de\/wordpress\/wp-content\/uploads\/2017\/10\/IMG_1590.jpg?resize=300%2C200&#038;ssl=1\" alt=\"\" width=\"300\" height=\"200\" srcset=\"https:\/\/i0.wp.com\/www.gemeinsame-jugendarbeit.de\/wordpress\/wp-content\/uploads\/2017\/10\/IMG_1590.jpg?resize=300%2C200&amp;ssl=1 300w, https:\/\/i0.wp.com\/www.gemeinsame-jugendarbeit.de\/wordpress\/wp-content\/uploads\/2017\/10\/IMG_1590.jpg?resize=768%2C512&amp;ssl=1 768w, https:\/\/i0.wp.com\/www.gemeinsame-jugendarbeit.de\/wordpress\/wp-content\/uploads\/2017\/10\/IMG_1590.jpg?resize=1024%2C683&amp;ssl=1 1024w, https:\/\/i0.wp.com\/www.gemeinsame-jugendarbeit.de\/wordpress\/wp-content\/uploads\/2017\/10\/IMG_1590.jpg?resize=960%2C640&amp;ssl=1 960w, https:\/\/i0.wp.com\/www.gemeinsame-jugendarbeit.de\/wordpress\/wp-content\/uploads\/2017\/10\/IMG_1590.jpg?resize=450%2C300&amp;ssl=1 450w, https:\/\/i0.wp.com\/www.gemeinsame-jugendarbeit.de\/wordpress\/wp-content\/uploads\/2017\/10\/IMG_1590.jpg?w=2000&amp;ssl=1 2000w, https:\/\/i0.wp.com\/www.gemeinsame-jugendarbeit.de\/wordpress\/wp-content\/uploads\/2017\/10\/IMG_1590.jpg?w=3000&amp;ssl=1 3000w\" sizes=\"(max-width: 300px) 100vw, 300px\" data-recalc-dims=\"1\" \/><\/a> <a href=\"https:\/\/i0.wp.com\/www.gemeinsame-jugendarbeit.de\/wordpress\/wp-content\/uploads\/2017\/10\/IMG_1506.jpg?ssl=1\"><img data-attachment-id=\"632\" data-permalink=\"https:\/\/www.gemeinsame-jugendarbeit.de\/wordpress\/2017\/09\/14\/churchnight-2017\/img_1506\/\" data-orig-file=\"https:\/\/i0.wp.com\/www.gemeinsame-jugendarbeit.de\/wordpress\/wp-content\/uploads\/2017\/10\/IMG_1506.jpg?fit=5184%2C3456&amp;ssl=1\" data-orig-size=\"5184,3456\" data-comments-opened=\"0\" data-image-meta=\"{&quot;aperture&quot;:&quot;5&quot;,&quot;credit&quot;:&quot;&quot;,&quot;camera&quot;:&quot;Canon EOS 1300D&quot;,&quot;caption&quot;:&quot;&quot;,&quot;created_timestamp&quot;:&quot;1508004986&quot;,&quot;copyright&quot;:&quot;&quot;,&quot;focal_length&quot;:&quot;60&quot;,&quot;iso&quot;:&quot;800&quot;,&quot;shutter_speed&quot;:&quot;0.016666666666667&quot;,&quot;title&quot;:&quot;&quot;,&quot;orientation&quot;:&quot;1&quot;}\" data-image-title=\"IMG_1506\" data-image-description=\"\" data-image-caption=\"\" data-medium-file=\"https:\/\/i0.wp.com\/www.gemeinsame-jugendarbeit.de\/wordpress\/wp-content\/uploads\/2017\/10\/IMG_1506.jpg?fit=300%2C200&amp;ssl=1\" data-large-file=\"https:\/\/i0.wp.com\/www.gemeinsame-jugendarbeit.de\/wordpress\/wp-content\/uploads\/2017\/10\/IMG_1506.jpg?fit=1000%2C667&amp;ssl=1\" loading=\"lazy\" decoding=\"async\" class=\"alignnone size-medium wp-image-632\" src=\"https:\/\/i0.wp.com\/www.gemeinsame-jugendarbeit.de\/wordpress\/wp-content\/uploads\/2017\/10\/IMG_1506.jpg?resize=300%2C200&#038;ssl=1\" alt=\"\" width=\"300\" height=\"200\" srcset=\"https:\/\/i0.wp.com\/www.gemeinsame-jugendarbeit.de\/wordpress\/wp-content\/uploads\/2017\/10\/IMG_1506.jpg?resize=300%2C200&amp;ssl=1 300w, https:\/\/i0.wp.com\/www.gemeinsame-jugendarbeit.de\/wordpress\/wp-content\/uploads\/2017\/10\/IMG_1506.jpg?resize=768%2C512&amp;ssl=1 768w, https:\/\/i0.wp.com\/www.gemeinsame-jugendarbeit.de\/wordpress\/wp-content\/uploads\/2017\/10\/IMG_1506.jpg?resize=1024%2C683&amp;ssl=1 1024w, https:\/\/i0.wp.com\/www.gemeinsame-jugendarbeit.de\/wordpress\/wp-content\/uploads\/2017\/10\/IMG_1506.jpg?resize=960%2C640&amp;ssl=1 960w, https:\/\/i0.wp.com\/www.gemeinsame-jugendarbeit.de\/wordpress\/wp-content\/uploads\/2017\/10\/IMG_1506.jpg?resize=450%2C300&amp;ssl=1 450w, https:\/\/i0.wp.com\/www.gemeinsame-jugendarbeit.de\/wordpress\/wp-content\/uploads\/2017\/10\/IMG_1506.jpg?w=2000&amp;ssl=1 2000w, https:\/\/i0.wp.com\/www.gemeinsame-jugendarbeit.de\/wordpress\/wp-content\/uploads\/2017\/10\/IMG_1506.jpg?w=3000&amp;ssl=1 3000w\" sizes=\"(max-width: 300px) 100vw, 300px\" data-recalc-dims=\"1\" \/><\/a><\/p>\n<p>&nbsp;<\/p>\n","protected":false},"excerpt":{"rendered":"<p>Reformation einmal anders: Glaube und Kirche \u2013 modern, jugendlich und f\u00fcr jeden geeignet! Das war die Churchnight 2017! \u00a0Wie kann man Jugendliche und (junge) Erwachsene f\u00fcr das 500 Jahre alte&#8230; <\/p>\n<div class=\"link-more\"><a href=\"https:\/\/www.gemeinsame-jugendarbeit.de\/wordpress\/2017\/09\/14\/churchnight-2017\/\">Weiterlesen<\/a><\/div>\n","protected":false},"author":1,"featured_media":632,"comment_status":"closed","ping_status":"closed","sticky":false,"template":"","format":"standard","meta":{"ngg_post_thumbnail":0,"_jetpack_newsletter_access":""},"categories":[1],"tags":[],"jetpack_featured_media_url":"https:\/\/i0.wp.com\/www.gemeinsame-jugendarbeit.de\/wordpress\/wp-content\/uploads\/2017\/10\/IMG_1506.jpg?fit=5184%2C3456&ssl=1","jetpack_sharing_enabled":true,"jetpack_shortlink":"https:\/\/wp.me\/p8sCNj-9P","jetpack-related-posts":[{"id":1448,"url":"https:\/\/www.gemeinsame-jugendarbeit.de\/wordpress\/2019\/09\/09\/lippischer-jungschartag-2019-in-sylbach\/","url_meta":{"origin":609,"position":0},"title":"Lippischer Jungschartag 2019 in Sylbach","author":"schwarze","date":"9. September 2019","format":false,"excerpt":"Das Feuer knistert leise in der Feuerschale vor sich hin, dar\u00fcber drehen sich vorsichtig Stockbrotteige, die langsam goldbraun backen. Man h\u00f6rt vielstimmiges Singen von Kindern, Jugendlichen und Erwachsenen und ab und zu das Tropfen eines Regenschauers. So gem\u00fctlich ging \u00a0der Jungschartag im Garten des Vereinshauses Sylbach zu Ende. Happy birthday,\u2026","rel":"","context":"In &quot;Allgemein&quot;","block_context":{"text":"Allgemein","link":"https:\/\/www.gemeinsame-jugendarbeit.de\/wordpress\/category\/allgemein\/"},"img":{"alt_text":"","src":"https:\/\/i0.wp.com\/www.gemeinsame-jugendarbeit.de\/wordpress\/wp-content\/uploads\/2019\/09\/20190907_132836-Kopie.jpg?fit=1200%2C900&ssl=1&resize=350%2C200","width":350,"height":200,"srcset":"https:\/\/i0.wp.com\/www.gemeinsame-jugendarbeit.de\/wordpress\/wp-content\/uploads\/2019\/09\/20190907_132836-Kopie.jpg?fit=1200%2C900&ssl=1&resize=350%2C200 1x, https:\/\/i0.wp.com\/www.gemeinsame-jugendarbeit.de\/wordpress\/wp-content\/uploads\/2019\/09\/20190907_132836-Kopie.jpg?fit=1200%2C900&ssl=1&resize=525%2C300 1.5x, https:\/\/i0.wp.com\/www.gemeinsame-jugendarbeit.de\/wordpress\/wp-content\/uploads\/2019\/09\/20190907_132836-Kopie.jpg?fit=1200%2C900&ssl=1&resize=700%2C400 2x, https:\/\/i0.wp.com\/www.gemeinsame-jugendarbeit.de\/wordpress\/wp-content\/uploads\/2019\/09\/20190907_132836-Kopie.jpg?fit=1200%2C900&ssl=1&resize=1050%2C600 3x"},"classes":[]},{"id":1202,"url":"https:\/\/www.gemeinsame-jugendarbeit.de\/wordpress\/2018\/12\/03\/churchnight-2018-2\/","url_meta":{"origin":609,"position":1},"title":"Churchnight 2018","author":"schwarze","date":"3. Dezember 2018","format":false,"excerpt":"Mister Joy verzaubert die Kilianskirche F\u00fcr die Churchnight 2018 hat sich das Team rund um Axel Schwarze (Gemeinsame Jugendarbeit Sch\u00f6tmar und Sylbach) und Kerstin Lobenstein (ev. Kirchengemeinden Talle und Retzen) dieses Jahr etwas ganz Zauberhaftes ausgedacht: Der Zauberer und Kleink\u00fcnstler Mr. Joy hat in der Kilianskirche auf seine ganz eigene\u2026","rel":"","context":"In &quot;Allgemein&quot;","block_context":{"text":"Allgemein","link":"https:\/\/www.gemeinsame-jugendarbeit.de\/wordpress\/category\/allgemein\/"},"img":{"alt_text":"","src":"https:\/\/i0.wp.com\/www.gemeinsame-jugendarbeit.de\/wordpress\/wp-content\/uploads\/2018\/12\/DSC2909.jpg?fit=1200%2C795&ssl=1&resize=350%2C200","width":350,"height":200,"srcset":"https:\/\/i0.wp.com\/www.gemeinsame-jugendarbeit.de\/wordpress\/wp-content\/uploads\/2018\/12\/DSC2909.jpg?fit=1200%2C795&ssl=1&resize=350%2C200 1x, https:\/\/i0.wp.com\/www.gemeinsame-jugendarbeit.de\/wordpress\/wp-content\/uploads\/2018\/12\/DSC2909.jpg?fit=1200%2C795&ssl=1&resize=525%2C300 1.5x, https:\/\/i0.wp.com\/www.gemeinsame-jugendarbeit.de\/wordpress\/wp-content\/uploads\/2018\/12\/DSC2909.jpg?fit=1200%2C795&ssl=1&resize=700%2C400 2x, https:\/\/i0.wp.com\/www.gemeinsame-jugendarbeit.de\/wordpress\/wp-content\/uploads\/2018\/12\/DSC2909.jpg?fit=1200%2C795&ssl=1&resize=1050%2C600 3x"},"classes":[]},{"id":329,"url":"https:\/\/www.gemeinsame-jugendarbeit.de\/wordpress\/2017\/03\/20\/oekum-jugengottesdienst\/","url_meta":{"origin":609,"position":2},"title":"Artikel zum \u00f6kum. Jugengottesdienst","author":"schwarze","date":"20. M\u00e4rz 2017","format":"image","excerpt":"\u00d6kumenischer Jugendgottesdienst \"Rufe mich an in der Not\u201c Finden Gottesdienste immer nur in der Kirche statt? Nicht, wenn zum \u00f6kumenischen Jugendgottesdienst eingeladen wird. Nach Gottesdiensten in der Trauerhalle Kramer und dem Fitnessstudio Pro Vita+, fand am 26. M\u00e4rz ein gemeinsamer Jugendgottesdienst der Evangelischen Jugend Bad Salzuflen, dem katholischen Pastoralverbund Bad\u2026","rel":"","context":"In &quot;Archiv&quot;","block_context":{"text":"Archiv","link":"https:\/\/www.gemeinsame-jugendarbeit.de\/wordpress\/category\/archiv\/"},"img":{"alt_text":"","src":"https:\/\/i0.wp.com\/www.gemeinsame-jugendarbeit.de\/wordpress\/wp-content\/uploads\/2017\/03\/jugo2017Plakat_klein.jpg?fit=1200%2C848&ssl=1&resize=350%2C200","width":350,"height":200,"srcset":"https:\/\/i0.wp.com\/www.gemeinsame-jugendarbeit.de\/wordpress\/wp-content\/uploads\/2017\/03\/jugo2017Plakat_klein.jpg?fit=1200%2C848&ssl=1&resize=350%2C200 1x, https:\/\/i0.wp.com\/www.gemeinsame-jugendarbeit.de\/wordpress\/wp-content\/uploads\/2017\/03\/jugo2017Plakat_klein.jpg?fit=1200%2C848&ssl=1&resize=525%2C300 1.5x, https:\/\/i0.wp.com\/www.gemeinsame-jugendarbeit.de\/wordpress\/wp-content\/uploads\/2017\/03\/jugo2017Plakat_klein.jpg?fit=1200%2C848&ssl=1&resize=700%2C400 2x, https:\/\/i0.wp.com\/www.gemeinsame-jugendarbeit.de\/wordpress\/wp-content\/uploads\/2017\/03\/jugo2017Plakat_klein.jpg?fit=1200%2C848&ssl=1&resize=1050%2C600 3x"},"classes":[]},{"id":4102,"url":"https:\/\/www.gemeinsame-jugendarbeit.de\/wordpress\/2023\/09\/01\/das-war-das-kinderzeltlager-in-sylbach\/","url_meta":{"origin":609,"position":3},"title":"Das war das Kinderzeltlager in Sylbach","author":"schwarze","date":"1. September 2023","format":false,"excerpt":"Sylbacher Kinderzeltlager ist ein gro\u00dfer Spa\u00df f\u00fcr 63 Jungen und M\u00e4dchen. Ende August hat unter der Leitung von Gemeindep\u00e4dagoge Axel Schwarze das diesj\u00e4hrige Sylbacher Kinderzeltlager stattgefunden. Dazu braucht es einige Zutaten, wie Pfarrer Dirk M\u00f6lling sagt: \u201eMan nehme 63 Kinder, 21 jugendliche Mitarbeitende, 16 Eltern und ein gro\u00dfartiges Cateringteam um\u2026","rel":"","context":"In &quot;Allgemein&quot;","block_context":{"text":"Allgemein","link":"https:\/\/www.gemeinsame-jugendarbeit.de\/wordpress\/category\/allgemein\/"},"img":{"alt_text":"","src":"https:\/\/i0.wp.com\/www.gemeinsame-jugendarbeit.de\/wordpress\/wp-content\/uploads\/2023\/09\/20230826_163747-scaled.jpg?fit=675%2C1200&ssl=1&resize=350%2C200","width":350,"height":200,"srcset":"https:\/\/i0.wp.com\/www.gemeinsame-jugendarbeit.de\/wordpress\/wp-content\/uploads\/2023\/09\/20230826_163747-scaled.jpg?fit=675%2C1200&ssl=1&resize=350%2C200 1x, https:\/\/i0.wp.com\/www.gemeinsame-jugendarbeit.de\/wordpress\/wp-content\/uploads\/2023\/09\/20230826_163747-scaled.jpg?fit=675%2C1200&ssl=1&resize=525%2C300 1.5x"},"classes":[]},{"id":1343,"url":"https:\/\/www.gemeinsame-jugendarbeit.de\/wordpress\/2019\/05\/01\/das-war-die-kinderbibelwoche-2019\/","url_meta":{"origin":609,"position":4},"title":"Das war die Kinderbibelwoche 2019","author":"schwarze","date":"1. Mai 2019","format":false,"excerpt":"Eine Woche rund um das Labyrinth von Susa und die mutige K\u00f6nigin Esther - Die gemeinsame Jugendarbeit der evangelischen Kirchengemeinden in Sch\u00f6tmar und Sylbach hatte wieder ein starkes Programm organisiert. Ein Team aus 15 Ehrenamtlichen unter Leitung von Diakon Axel Schwarze und Pfr. Matthias Schmidt hatte f\u00fcr \u00fcber 60 Kinder\u2026","rel":"","context":"In &quot;Allgemein&quot;","block_context":{"text":"Allgemein","link":"https:\/\/www.gemeinsame-jugendarbeit.de\/wordpress\/category\/allgemein\/"},"img":{"alt_text":"","src":"https:\/\/i0.wp.com\/www.gemeinsame-jugendarbeit.de\/wordpress\/wp-content\/uploads\/2019\/02\/kbw2019_plakat.jpg?fit=855%2C1200&ssl=1&resize=350%2C200","width":350,"height":200,"srcset":"https:\/\/i0.wp.com\/www.gemeinsame-jugendarbeit.de\/wordpress\/wp-content\/uploads\/2019\/02\/kbw2019_plakat.jpg?fit=855%2C1200&ssl=1&resize=350%2C200 1x, https:\/\/i0.wp.com\/www.gemeinsame-jugendarbeit.de\/wordpress\/wp-content\/uploads\/2019\/02\/kbw2019_plakat.jpg?fit=855%2C1200&ssl=1&resize=525%2C300 1.5x, https:\/\/i0.wp.com\/www.gemeinsame-jugendarbeit.de\/wordpress\/wp-content\/uploads\/2019\/02\/kbw2019_plakat.jpg?fit=855%2C1200&ssl=1&resize=700%2C400 2x"},"classes":[]},{"id":346,"url":"https:\/\/www.gemeinsame-jugendarbeit.de\/wordpress\/2017\/03\/20\/hallo-und-guten-tag\/","url_meta":{"origin":609,"position":5},"title":"Hallo und guten Tag!","author":"schwarze","date":"20. M\u00e4rz 2017","format":false,"excerpt":"Du bist auf der Homepage der Gemeinsamen Jugendarbeit der ev. Kirchengemeinden in Sch\u00f6tmar und Sylbach gelandet. Die ev.-ref. Kirchengemeinde Sch\u00f6tmar, die ev.-ltuh. Kirchengemeinde Sch\u00f6tmar, die ev.-ref. Kirchengemeinde Sylbach und der CVJM Sylbach e.V. arbeiten im Bereich der Arbeit mit Kindern und Jugendlichen seit einigen Jahren eng zusammen. Egal, ob f\u00fcr\u2026","rel":"","context":"In &quot;Allgemein&quot;","block_context":{"text":"Allgemein","link":"https:\/\/www.gemeinsame-jugendarbeit.de\/wordpress\/category\/allgemein\/"},"img":{"alt_text":"","src":"https:\/\/i0.wp.com\/www.gemeinsame-jugendarbeit.de\/wordpress\/wp-content\/uploads\/2020\/08\/gja_logo_2020_web.jpg?fit=614%2C521&ssl=1&resize=350%2C200","width":350,"height":200,"srcset":"https:\/\/i0.wp.com\/www.gemeinsame-jugendarbeit.de\/wordpress\/wp-content\/uploads\/2020\/08\/gja_logo_2020_web.jpg?fit=614%2C521&ssl=1&resize=350%2C200 1x, https:\/\/i0.wp.com\/www.gemeinsame-jugendarbeit.de\/wordpress\/wp-content\/uploads\/2020\/08\/gja_logo_2020_web.jpg?fit=614%2C521&ssl=1&resize=525%2C300 1.5x"},"classes":[]}],"publishpress_future_action":{"enabled":false,"date":"2026-05-05 09:59:41","action":"change-status","newStatus":"draft","terms":[],"taxonomy":"category"},"publishpress_future_workflow_manual_trigger":{"enabledWorkflows":[]},"_links":{"self":[{"href":"https:\/\/www.gemeinsame-jugendarbeit.de\/wordpress\/wp-json\/wp\/v2\/posts\/609"}],"collection":[{"href":"https:\/\/www.gemeinsame-jugendarbeit.de\/wordpress\/wp-json\/wp\/v2\/posts"}],"about":[{"href":"https:\/\/www.gemeinsame-jugendarbeit.de\/wordpress\/wp-json\/wp\/v2\/types\/post"}],"author":[{"embeddable":true,"href":"https:\/\/www.gemeinsame-jugendarbeit.de\/wordpress\/wp-json\/wp\/v2\/users\/1"}],"replies":[{"embeddable":true,"href":"https:\/\/www.gemeinsame-jugendarbeit.de\/wordpress\/wp-json\/wp\/v2\/comments?post=609"}],"version-history":[{"count":9,"href":"https:\/\/www.gemeinsame-jugendarbeit.de\/wordpress\/wp-json\/wp\/v2\/posts\/609\/revisions"}],"predecessor-version":[{"id":635,"href":"https:\/\/www.gemeinsame-jugendarbeit.de\/wordpress\/wp-json\/wp\/v2\/posts\/609\/revisions\/635"}],"wp:featuredmedia":[{"embeddable":true,"href":"https:\/\/www.gemeinsame-jugendarbeit.de\/wordpress\/wp-json\/wp\/v2\/media\/632"}],"wp:attachment":[{"href":"https:\/\/www.gemeinsame-jugendarbeit.de\/wordpress\/wp-json\/wp\/v2\/media?parent=609"}],"wp:term":[{"taxonomy":"category","embeddable":true,"href":"https:\/\/www.gemeinsame-jugendarbeit.de\/wordpress\/wp-json\/wp\/v2\/categories?post=609"},{"taxonomy":"post_tag","embeddable":true,"href":"https:\/\/www.gemeinsame-jugendarbeit.de\/wordpress\/wp-json\/wp\/v2\/tags?post=609"}],"curies":[{"name":"wp","href":"https:\/\/api.w.org\/{rel}","templated":true}]}}