{"id":611,"date":"2017-09-14T12:17:55","date_gmt":"2017-09-14T10:17:55","guid":{"rendered":"http:\/\/www.gemeinsame-jugendarbeit.de\/wordpress\/?p=611"},"modified":"2017-09-14T12:17:55","modified_gmt":"2017-09-14T10:17:55","slug":"sommerfest-2017-rueckblick","status":"publish","type":"post","link":"https:\/\/www.gemeinsame-jugendarbeit.de\/wordpress\/2017\/09\/14\/sommerfest-2017-rueckblick\/","title":{"rendered":"Sommerfest 2017 &#8211; R\u00fcckblick"},"content":{"rendered":"<p>Am 8. September fand das Sommerfest des CVJM Sylbach statt.<br \/>\nDa das regnerische Wetter jedoch an Herbst erinnerte, fand die Veranstaltung im Vereinshaus statt. Es kamen <span id=\"more-573\" tabindex=\"-1\"><\/span>\u00fcber 60 Mitglieder und Freunde des Vereins und h\u00f6rten zu Beginn eine Andacht von Dirk M\u00f6lling.<br \/>\nZu den obligatorischen Bratw\u00fcrstchen gab es wieder ein reichhaltiges Salatbuffet. Danach war Zeit f\u00fcr Gespr\u00e4che, es konnten Cocktails probiert werden oder viele Fotos von den Gruppen und Veranstaltungen des Vereins der letzten 15 Jahre betrachtet werden. Anschlie\u00dfend wurde noch gemeinsam der Film \u201eMein Blind Date mit dem Leben\u201c in der Kirche geschaut. Es war ein sch\u00f6ner Abschluss eines angenehmen Abends f\u00fcr G\u00e4ste und Vorstand.<\/p>\n<p>Kai Wehmeier<\/p>\n<p><a href=\"https:\/\/i0.wp.com\/www.gemeinsame-jugendarbeit.de\/wordpress\/wp-content\/uploads\/2017\/09\/20170908_184400.jpg?ssl=1\"><img data-attachment-id=\"604\" data-permalink=\"https:\/\/www.gemeinsame-jugendarbeit.de\/wordpress\/2017\/09\/14\/sommerfest-2017-rueckblick\/20170908_184400\/\" data-orig-file=\"https:\/\/i0.wp.com\/www.gemeinsame-jugendarbeit.de\/wordpress\/wp-content\/uploads\/2017\/09\/20170908_184400.jpg?fit=4032%2C3024&amp;ssl=1\" data-orig-size=\"4032,3024\" data-comments-opened=\"0\" data-image-meta=\"{&quot;aperture&quot;:&quot;1.7&quot;,&quot;credit&quot;:&quot;&quot;,&quot;camera&quot;:&quot;SM-G930F&quot;,&quot;caption&quot;:&quot;&quot;,&quot;created_timestamp&quot;:&quot;1504896239&quot;,&quot;copyright&quot;:&quot;&quot;,&quot;focal_length&quot;:&quot;4.2&quot;,&quot;iso&quot;:&quot;160&quot;,&quot;shutter_speed&quot;:&quot;0.02&quot;,&quot;title&quot;:&quot;&quot;,&quot;orientation&quot;:&quot;1&quot;}\" data-image-title=\"20170908_184400\" data-image-description=\"\" data-image-caption=\"\" data-medium-file=\"https:\/\/i0.wp.com\/www.gemeinsame-jugendarbeit.de\/wordpress\/wp-content\/uploads\/2017\/09\/20170908_184400.jpg?fit=300%2C225&amp;ssl=1\" data-large-file=\"https:\/\/i0.wp.com\/www.gemeinsame-jugendarbeit.de\/wordpress\/wp-content\/uploads\/2017\/09\/20170908_184400.jpg?fit=1000%2C750&amp;ssl=1\" fetchpriority=\"high\" decoding=\"async\" class=\"alignnone size-medium wp-image-604\" src=\"https:\/\/i0.wp.com\/www.gemeinsame-jugendarbeit.de\/wordpress\/wp-content\/uploads\/2017\/09\/20170908_184400.jpg?resize=300%2C225&#038;ssl=1\" alt=\"\" width=\"300\" height=\"225\" srcset=\"https:\/\/i0.wp.com\/www.gemeinsame-jugendarbeit.de\/wordpress\/wp-content\/uploads\/2017\/09\/20170908_184400.jpg?resize=300%2C225&amp;ssl=1 300w, https:\/\/i0.wp.com\/www.gemeinsame-jugendarbeit.de\/wordpress\/wp-content\/uploads\/2017\/09\/20170908_184400.jpg?resize=768%2C576&amp;ssl=1 768w, https:\/\/i0.wp.com\/www.gemeinsame-jugendarbeit.de\/wordpress\/wp-content\/uploads\/2017\/09\/20170908_184400.jpg?resize=1024%2C768&amp;ssl=1 1024w, https:\/\/i0.wp.com\/www.gemeinsame-jugendarbeit.de\/wordpress\/wp-content\/uploads\/2017\/09\/20170908_184400.jpg?resize=400%2C300&amp;ssl=1 400w, https:\/\/i0.wp.com\/www.gemeinsame-jugendarbeit.de\/wordpress\/wp-content\/uploads\/2017\/09\/20170908_184400.jpg?w=2000&amp;ssl=1 2000w, https:\/\/i0.wp.com\/www.gemeinsame-jugendarbeit.de\/wordpress\/wp-content\/uploads\/2017\/09\/20170908_184400.jpg?w=3000&amp;ssl=1 3000w\" sizes=\"(max-width: 300px) 100vw, 300px\" data-recalc-dims=\"1\" \/><\/a> <a href=\"https:\/\/i0.wp.com\/www.gemeinsame-jugendarbeit.de\/wordpress\/wp-content\/uploads\/2017\/09\/20170908_185822.jpg?ssl=1\"><img data-attachment-id=\"605\" data-permalink=\"https:\/\/www.gemeinsame-jugendarbeit.de\/wordpress\/2017\/09\/14\/sommerfest-2017-rueckblick\/20170908_185822\/\" data-orig-file=\"https:\/\/i0.wp.com\/www.gemeinsame-jugendarbeit.de\/wordpress\/wp-content\/uploads\/2017\/09\/20170908_185822.jpg?fit=4032%2C3024&amp;ssl=1\" data-orig-size=\"4032,3024\" data-comments-opened=\"0\" data-image-meta=\"{&quot;aperture&quot;:&quot;1.7&quot;,&quot;credit&quot;:&quot;&quot;,&quot;camera&quot;:&quot;SM-G930F&quot;,&quot;caption&quot;:&quot;&quot;,&quot;created_timestamp&quot;:&quot;1504897102&quot;,&quot;copyright&quot;:&quot;&quot;,&quot;focal_length&quot;:&quot;4.2&quot;,&quot;iso&quot;:&quot;200&quot;,&quot;shutter_speed&quot;:&quot;0.02&quot;,&quot;title&quot;:&quot;&quot;,&quot;orientation&quot;:&quot;1&quot;}\" data-image-title=\"20170908_185822\" data-image-description=\"\" data-image-caption=\"\" data-medium-file=\"https:\/\/i0.wp.com\/www.gemeinsame-jugendarbeit.de\/wordpress\/wp-content\/uploads\/2017\/09\/20170908_185822.jpg?fit=300%2C225&amp;ssl=1\" data-large-file=\"https:\/\/i0.wp.com\/www.gemeinsame-jugendarbeit.de\/wordpress\/wp-content\/uploads\/2017\/09\/20170908_185822.jpg?fit=1000%2C750&amp;ssl=1\" decoding=\"async\" class=\"alignnone size-medium wp-image-605\" src=\"https:\/\/i0.wp.com\/www.gemeinsame-jugendarbeit.de\/wordpress\/wp-content\/uploads\/2017\/09\/20170908_185822.jpg?resize=300%2C225&#038;ssl=1\" alt=\"\" width=\"300\" height=\"225\" srcset=\"https:\/\/i0.wp.com\/www.gemeinsame-jugendarbeit.de\/wordpress\/wp-content\/uploads\/2017\/09\/20170908_185822.jpg?resize=300%2C225&amp;ssl=1 300w, https:\/\/i0.wp.com\/www.gemeinsame-jugendarbeit.de\/wordpress\/wp-content\/uploads\/2017\/09\/20170908_185822.jpg?resize=768%2C576&amp;ssl=1 768w, https:\/\/i0.wp.com\/www.gemeinsame-jugendarbeit.de\/wordpress\/wp-content\/uploads\/2017\/09\/20170908_185822.jpg?resize=1024%2C768&amp;ssl=1 1024w, https:\/\/i0.wp.com\/www.gemeinsame-jugendarbeit.de\/wordpress\/wp-content\/uploads\/2017\/09\/20170908_185822.jpg?resize=400%2C300&amp;ssl=1 400w, https:\/\/i0.wp.com\/www.gemeinsame-jugendarbeit.de\/wordpress\/wp-content\/uploads\/2017\/09\/20170908_185822.jpg?w=2000&amp;ssl=1 2000w, https:\/\/i0.wp.com\/www.gemeinsame-jugendarbeit.de\/wordpress\/wp-content\/uploads\/2017\/09\/20170908_185822.jpg?w=3000&amp;ssl=1 3000w\" sizes=\"(max-width: 300px) 100vw, 300px\" data-recalc-dims=\"1\" \/><\/a> <a href=\"https:\/\/i0.wp.com\/www.gemeinsame-jugendarbeit.de\/wordpress\/wp-content\/uploads\/2017\/09\/20170908_195201.jpg?ssl=1\"><img data-attachment-id=\"606\" data-permalink=\"https:\/\/www.gemeinsame-jugendarbeit.de\/wordpress\/2017\/09\/14\/sommerfest-2017-rueckblick\/20170908_195201\/\" data-orig-file=\"https:\/\/i0.wp.com\/www.gemeinsame-jugendarbeit.de\/wordpress\/wp-content\/uploads\/2017\/09\/20170908_195201.jpg?fit=4032%2C3024&amp;ssl=1\" data-orig-size=\"4032,3024\" data-comments-opened=\"0\" data-image-meta=\"{&quot;aperture&quot;:&quot;1.7&quot;,&quot;credit&quot;:&quot;&quot;,&quot;camera&quot;:&quot;SM-G930F&quot;,&quot;caption&quot;:&quot;&quot;,&quot;created_timestamp&quot;:&quot;1504900321&quot;,&quot;copyright&quot;:&quot;&quot;,&quot;focal_length&quot;:&quot;4.2&quot;,&quot;iso&quot;:&quot;250&quot;,&quot;shutter_speed&quot;:&quot;0.04&quot;,&quot;title&quot;:&quot;&quot;,&quot;orientation&quot;:&quot;1&quot;}\" data-image-title=\"20170908_195201\" data-image-description=\"\" data-image-caption=\"\" data-medium-file=\"https:\/\/i0.wp.com\/www.gemeinsame-jugendarbeit.de\/wordpress\/wp-content\/uploads\/2017\/09\/20170908_195201.jpg?fit=300%2C225&amp;ssl=1\" data-large-file=\"https:\/\/i0.wp.com\/www.gemeinsame-jugendarbeit.de\/wordpress\/wp-content\/uploads\/2017\/09\/20170908_195201.jpg?fit=1000%2C750&amp;ssl=1\" decoding=\"async\" class=\"alignnone size-medium wp-image-606\" src=\"https:\/\/i0.wp.com\/www.gemeinsame-jugendarbeit.de\/wordpress\/wp-content\/uploads\/2017\/09\/20170908_195201.jpg?resize=300%2C225&#038;ssl=1\" alt=\"\" width=\"300\" height=\"225\" srcset=\"https:\/\/i0.wp.com\/www.gemeinsame-jugendarbeit.de\/wordpress\/wp-content\/uploads\/2017\/09\/20170908_195201.jpg?resize=300%2C225&amp;ssl=1 300w, https:\/\/i0.wp.com\/www.gemeinsame-jugendarbeit.de\/wordpress\/wp-content\/uploads\/2017\/09\/20170908_195201.jpg?resize=768%2C576&amp;ssl=1 768w, https:\/\/i0.wp.com\/www.gemeinsame-jugendarbeit.de\/wordpress\/wp-content\/uploads\/2017\/09\/20170908_195201.jpg?resize=1024%2C768&amp;ssl=1 1024w, https:\/\/i0.wp.com\/www.gemeinsame-jugendarbeit.de\/wordpress\/wp-content\/uploads\/2017\/09\/20170908_195201.jpg?resize=400%2C300&amp;ssl=1 400w, https:\/\/i0.wp.com\/www.gemeinsame-jugendarbeit.de\/wordpress\/wp-content\/uploads\/2017\/09\/20170908_195201.jpg?w=2000&amp;ssl=1 2000w, https:\/\/i0.wp.com\/www.gemeinsame-jugendarbeit.de\/wordpress\/wp-content\/uploads\/2017\/09\/20170908_195201.jpg?w=3000&amp;ssl=1 3000w\" sizes=\"(max-width: 300px) 100vw, 300px\" data-recalc-dims=\"1\" \/><\/a> <a href=\"https:\/\/i0.wp.com\/www.gemeinsame-jugendarbeit.de\/wordpress\/wp-content\/uploads\/2017\/09\/20170908_195336.jpg?ssl=1\"><img data-attachment-id=\"607\" data-permalink=\"https:\/\/www.gemeinsame-jugendarbeit.de\/wordpress\/2017\/09\/14\/sommerfest-2017-rueckblick\/20170908_195336\/\" data-orig-file=\"https:\/\/i0.wp.com\/www.gemeinsame-jugendarbeit.de\/wordpress\/wp-content\/uploads\/2017\/09\/20170908_195336.jpg?fit=4032%2C3024&amp;ssl=1\" data-orig-size=\"4032,3024\" data-comments-opened=\"0\" data-image-meta=\"{&quot;aperture&quot;:&quot;1.7&quot;,&quot;credit&quot;:&quot;&quot;,&quot;camera&quot;:&quot;SM-G930F&quot;,&quot;caption&quot;:&quot;&quot;,&quot;created_timestamp&quot;:&quot;1504900416&quot;,&quot;copyright&quot;:&quot;&quot;,&quot;focal_length&quot;:&quot;4.2&quot;,&quot;iso&quot;:&quot;250&quot;,&quot;shutter_speed&quot;:&quot;0.05&quot;,&quot;title&quot;:&quot;&quot;,&quot;orientation&quot;:&quot;6&quot;}\" data-image-title=\"20170908_195336\" data-image-description=\"\" data-image-caption=\"\" data-medium-file=\"https:\/\/i0.wp.com\/www.gemeinsame-jugendarbeit.de\/wordpress\/wp-content\/uploads\/2017\/09\/20170908_195336.jpg?fit=300%2C225&amp;ssl=1\" data-large-file=\"https:\/\/i0.wp.com\/www.gemeinsame-jugendarbeit.de\/wordpress\/wp-content\/uploads\/2017\/09\/20170908_195336.jpg?fit=1000%2C750&amp;ssl=1\" loading=\"lazy\" decoding=\"async\" class=\"alignnone size-medium wp-image-607\" src=\"https:\/\/i0.wp.com\/www.gemeinsame-jugendarbeit.de\/wordpress\/wp-content\/uploads\/2017\/09\/20170908_195336.jpg?resize=300%2C225&#038;ssl=1\" alt=\"\" width=\"300\" height=\"225\" srcset=\"https:\/\/i0.wp.com\/www.gemeinsame-jugendarbeit.de\/wordpress\/wp-content\/uploads\/2017\/09\/20170908_195336.jpg?resize=300%2C225&amp;ssl=1 300w, https:\/\/i0.wp.com\/www.gemeinsame-jugendarbeit.de\/wordpress\/wp-content\/uploads\/2017\/09\/20170908_195336.jpg?resize=768%2C576&amp;ssl=1 768w, https:\/\/i0.wp.com\/www.gemeinsame-jugendarbeit.de\/wordpress\/wp-content\/uploads\/2017\/09\/20170908_195336.jpg?resize=1024%2C768&amp;ssl=1 1024w, https:\/\/i0.wp.com\/www.gemeinsame-jugendarbeit.de\/wordpress\/wp-content\/uploads\/2017\/09\/20170908_195336.jpg?resize=400%2C300&amp;ssl=1 400w, https:\/\/i0.wp.com\/www.gemeinsame-jugendarbeit.de\/wordpress\/wp-content\/uploads\/2017\/09\/20170908_195336.jpg?w=2000&amp;ssl=1 2000w, https:\/\/i0.wp.com\/www.gemeinsame-jugendarbeit.de\/wordpress\/wp-content\/uploads\/2017\/09\/20170908_195336.jpg?w=3000&amp;ssl=1 3000w\" sizes=\"(max-width: 300px) 100vw, 300px\" data-recalc-dims=\"1\" \/><\/a> <a href=\"https:\/\/i0.wp.com\/www.gemeinsame-jugendarbeit.de\/wordpress\/wp-content\/uploads\/2017\/09\/20170908_195704.jpg?ssl=1\"><img data-attachment-id=\"608\" data-permalink=\"https:\/\/www.gemeinsame-jugendarbeit.de\/wordpress\/2017\/09\/14\/sommerfest-2017-rueckblick\/20170908_195704\/\" data-orig-file=\"https:\/\/i0.wp.com\/www.gemeinsame-jugendarbeit.de\/wordpress\/wp-content\/uploads\/2017\/09\/20170908_195704.jpg?fit=4032%2C3024&amp;ssl=1\" data-orig-size=\"4032,3024\" data-comments-opened=\"0\" data-image-meta=\"{&quot;aperture&quot;:&quot;1.7&quot;,&quot;credit&quot;:&quot;&quot;,&quot;camera&quot;:&quot;SM-G930F&quot;,&quot;caption&quot;:&quot;&quot;,&quot;created_timestamp&quot;:&quot;1504900624&quot;,&quot;copyright&quot;:&quot;&quot;,&quot;focal_length&quot;:&quot;4.2&quot;,&quot;iso&quot;:&quot;160&quot;,&quot;shutter_speed&quot;:&quot;0.02&quot;,&quot;title&quot;:&quot;&quot;,&quot;orientation&quot;:&quot;1&quot;}\" data-image-title=\"20170908_195704\" data-image-description=\"\" data-image-caption=\"\" data-medium-file=\"https:\/\/i0.wp.com\/www.gemeinsame-jugendarbeit.de\/wordpress\/wp-content\/uploads\/2017\/09\/20170908_195704.jpg?fit=300%2C225&amp;ssl=1\" data-large-file=\"https:\/\/i0.wp.com\/www.gemeinsame-jugendarbeit.de\/wordpress\/wp-content\/uploads\/2017\/09\/20170908_195704.jpg?fit=1000%2C750&amp;ssl=1\" loading=\"lazy\" decoding=\"async\" class=\"alignnone size-medium wp-image-608\" src=\"https:\/\/i0.wp.com\/www.gemeinsame-jugendarbeit.de\/wordpress\/wp-content\/uploads\/2017\/09\/20170908_195704.jpg?resize=300%2C225&#038;ssl=1\" alt=\"\" width=\"300\" height=\"225\" srcset=\"https:\/\/i0.wp.com\/www.gemeinsame-jugendarbeit.de\/wordpress\/wp-content\/uploads\/2017\/09\/20170908_195704.jpg?resize=300%2C225&amp;ssl=1 300w, https:\/\/i0.wp.com\/www.gemeinsame-jugendarbeit.de\/wordpress\/wp-content\/uploads\/2017\/09\/20170908_195704.jpg?resize=768%2C576&amp;ssl=1 768w, https:\/\/i0.wp.com\/www.gemeinsame-jugendarbeit.de\/wordpress\/wp-content\/uploads\/2017\/09\/20170908_195704.jpg?resize=1024%2C768&amp;ssl=1 1024w, https:\/\/i0.wp.com\/www.gemeinsame-jugendarbeit.de\/wordpress\/wp-content\/uploads\/2017\/09\/20170908_195704.jpg?resize=400%2C300&amp;ssl=1 400w, https:\/\/i0.wp.com\/www.gemeinsame-jugendarbeit.de\/wordpress\/wp-content\/uploads\/2017\/09\/20170908_195704.jpg?w=2000&amp;ssl=1 2000w, https:\/\/i0.wp.com\/www.gemeinsame-jugendarbeit.de\/wordpress\/wp-content\/uploads\/2017\/09\/20170908_195704.jpg?w=3000&amp;ssl=1 3000w\" sizes=\"(max-width: 300px) 100vw, 300px\" data-recalc-dims=\"1\" \/><\/a><\/p>\n","protected":false},"excerpt":{"rendered":"<p>Am 8. September fand das Sommerfest des CVJM Sylbach statt. Da das regnerische Wetter jedoch an Herbst erinnerte, fand die Veranstaltung im Vereinshaus statt. Es kamen \u00fcber 60 Mitglieder und&#8230; <\/p>\n<div class=\"link-more\"><a href=\"https:\/\/www.gemeinsame-jugendarbeit.de\/wordpress\/2017\/09\/14\/sommerfest-2017-rueckblick\/\">Weiterlesen<\/a><\/div>\n","protected":false},"author":1,"featured_media":606,"comment_status":"closed","ping_status":"closed","sticky":false,"template":"","format":"standard","meta":{"ngg_post_thumbnail":0,"_jetpack_newsletter_access":""},"categories":[1],"tags":[],"jetpack_featured_media_url":"https:\/\/i0.wp.com\/www.gemeinsame-jugendarbeit.de\/wordpress\/wp-content\/uploads\/2017\/09\/20170908_195201.jpg?fit=4032%2C3024&ssl=1","jetpack_sharing_enabled":true,"jetpack_shortlink":"https:\/\/wp.me\/p8sCNj-9R","jetpack-related-posts":[{"id":1460,"url":"https:\/\/www.gemeinsame-jugendarbeit.de\/wordpress\/2019\/09\/11\/queensgarden-gewinnt-sunnys\/","url_meta":{"origin":611,"position":0},"title":"Queensgarden gewinnt Sunnys","author":"schwarze","date":"11. September 2019","format":false,"excerpt":"Im Juni hatte die B\u00e4ckerei Lechtermann \/ Pollmeier einen Promotion-Wettbewerb ausgeschrieben, bei dem sich Gruppen kreativ vorstellen konnten. Der sch\u00f6tmaraner M\u00e4dchenkreis Queensgarden hat es als Anlass genommen, ein Werbevideo \u00fcber ihre Gruppe zu drehen. Es wurde gefilmt, fotografiert, geschnitten, abgestimmt und neu geschnitten - und dann war es fertig. Das\u2026","rel":"","context":"In &quot;Allgemein&quot;","block_context":{"text":"Allgemein","link":"https:\/\/www.gemeinsame-jugendarbeit.de\/wordpress\/category\/allgemein\/"},"img":{"alt_text":"","src":"https:\/\/i0.wp.com\/www.gemeinsame-jugendarbeit.de\/wordpress\/wp-content\/uploads\/2019\/09\/WhatsApp-Image-2019-09-11-at-21.37.221-e1568231000456.jpeg?fit=900%2C1200&ssl=1&resize=350%2C200","width":350,"height":200,"srcset":"https:\/\/i0.wp.com\/www.gemeinsame-jugendarbeit.de\/wordpress\/wp-content\/uploads\/2019\/09\/WhatsApp-Image-2019-09-11-at-21.37.221-e1568231000456.jpeg?fit=900%2C1200&ssl=1&resize=350%2C200 1x, https:\/\/i0.wp.com\/www.gemeinsame-jugendarbeit.de\/wordpress\/wp-content\/uploads\/2019\/09\/WhatsApp-Image-2019-09-11-at-21.37.221-e1568231000456.jpeg?fit=900%2C1200&ssl=1&resize=525%2C300 1.5x, https:\/\/i0.wp.com\/www.gemeinsame-jugendarbeit.de\/wordpress\/wp-content\/uploads\/2019\/09\/WhatsApp-Image-2019-09-11-at-21.37.221-e1568231000456.jpeg?fit=900%2C1200&ssl=1&resize=700%2C400 2x"},"classes":[]},{"id":3539,"url":"https:\/\/www.gemeinsame-jugendarbeit.de\/wordpress\/2022\/05\/03\/3539\/","url_meta":{"origin":611,"position":1},"title":"Kinderbibelwoche 2022 &#8211; ein R\u00fcckblick","author":"schwarze","date":"3. Mai 2022","format":false,"excerpt":"Wie k\u00f6nnen Kinder heutzutage Jesus erleben? Nat\u00fcrlich in der Kinderbibelwoche! \u201eJesus erleben!\u201c lautete der Titel der diesj\u00e4hrigen Kinderbibelwoche in der Woche nach Ostern in Sch\u00f6tmar. Aber was haben die Geschichten vom verlorenen Schaf, die Stillung des Sturms oder das gro\u00dfe Festmahl mit den Menschen von heute zu tun? Zusammen mit\u2026","rel":"","context":"In &quot;Allgemein&quot;","block_context":{"text":"Allgemein","link":"https:\/\/www.gemeinsame-jugendarbeit.de\/wordpress\/category\/allgemein\/"},"img":{"alt_text":"","src":"https:\/\/i0.wp.com\/www.gemeinsame-jugendarbeit.de\/wordpress\/wp-content\/uploads\/2022\/05\/20220422_121414-scaled.jpg?fit=1200%2C675&ssl=1&resize=350%2C200","width":350,"height":200,"srcset":"https:\/\/i0.wp.com\/www.gemeinsame-jugendarbeit.de\/wordpress\/wp-content\/uploads\/2022\/05\/20220422_121414-scaled.jpg?fit=1200%2C675&ssl=1&resize=350%2C200 1x, https:\/\/i0.wp.com\/www.gemeinsame-jugendarbeit.de\/wordpress\/wp-content\/uploads\/2022\/05\/20220422_121414-scaled.jpg?fit=1200%2C675&ssl=1&resize=525%2C300 1.5x, https:\/\/i0.wp.com\/www.gemeinsame-jugendarbeit.de\/wordpress\/wp-content\/uploads\/2022\/05\/20220422_121414-scaled.jpg?fit=1200%2C675&ssl=1&resize=700%2C400 2x, https:\/\/i0.wp.com\/www.gemeinsame-jugendarbeit.de\/wordpress\/wp-content\/uploads\/2022\/05\/20220422_121414-scaled.jpg?fit=1200%2C675&ssl=1&resize=1050%2C600 3x"},"classes":[]},{"id":329,"url":"https:\/\/www.gemeinsame-jugendarbeit.de\/wordpress\/2017\/03\/20\/oekum-jugengottesdienst\/","url_meta":{"origin":611,"position":2},"title":"Artikel zum \u00f6kum. Jugengottesdienst","author":"schwarze","date":"20. M\u00e4rz 2017","format":"image","excerpt":"\u00d6kumenischer Jugendgottesdienst \"Rufe mich an in der Not\u201c Finden Gottesdienste immer nur in der Kirche statt? Nicht, wenn zum \u00f6kumenischen Jugendgottesdienst eingeladen wird. Nach Gottesdiensten in der Trauerhalle Kramer und dem Fitnessstudio Pro Vita+, fand am 26. M\u00e4rz ein gemeinsamer Jugendgottesdienst der Evangelischen Jugend Bad Salzuflen, dem katholischen Pastoralverbund Bad\u2026","rel":"","context":"In &quot;Archiv&quot;","block_context":{"text":"Archiv","link":"https:\/\/www.gemeinsame-jugendarbeit.de\/wordpress\/category\/archiv\/"},"img":{"alt_text":"","src":"https:\/\/i0.wp.com\/www.gemeinsame-jugendarbeit.de\/wordpress\/wp-content\/uploads\/2017\/03\/jugo2017Plakat_klein.jpg?fit=1200%2C848&ssl=1&resize=350%2C200","width":350,"height":200,"srcset":"https:\/\/i0.wp.com\/www.gemeinsame-jugendarbeit.de\/wordpress\/wp-content\/uploads\/2017\/03\/jugo2017Plakat_klein.jpg?fit=1200%2C848&ssl=1&resize=350%2C200 1x, https:\/\/i0.wp.com\/www.gemeinsame-jugendarbeit.de\/wordpress\/wp-content\/uploads\/2017\/03\/jugo2017Plakat_klein.jpg?fit=1200%2C848&ssl=1&resize=525%2C300 1.5x, https:\/\/i0.wp.com\/www.gemeinsame-jugendarbeit.de\/wordpress\/wp-content\/uploads\/2017\/03\/jugo2017Plakat_klein.jpg?fit=1200%2C848&ssl=1&resize=700%2C400 2x, https:\/\/i0.wp.com\/www.gemeinsame-jugendarbeit.de\/wordpress\/wp-content\/uploads\/2017\/03\/jugo2017Plakat_klein.jpg?fit=1200%2C848&ssl=1&resize=1050%2C600 3x"},"classes":[]},{"id":1489,"url":"https:\/\/www.gemeinsame-jugendarbeit.de\/wordpress\/2024\/11\/04\/oekum-martinsumzug-2019\/","url_meta":{"origin":611,"position":3},"title":"\u00d6kumenischer Martinsumzug 2024","author":"schwarze","date":"4. November 2024","format":false,"excerpt":"Auch in diesem Jahr laden die drei christlichen Kirchengemeinden in Sch\u00f6tmar herzlich zum \u00f6kumenischen Martinsumzug ein. Der Laternenumzug findet am Samstag, den 16. November 2024, statt und beginnt um 17:00 Uhr auf dem Parkplatz gegen\u00fcber der evangelisch-lutherischen Trinitatiskirche in der Eduard-Wolff-Stra\u00dfe 17, Bad Salzuflen. Angef\u00fchrt wird der Umzug von einem\u2026","rel":"","context":"In &quot;Allgemein&quot;","block_context":{"text":"Allgemein","link":"https:\/\/www.gemeinsame-jugendarbeit.de\/wordpress\/category\/allgemein\/"},"img":{"alt_text":"","src":"https:\/\/i0.wp.com\/www.gemeinsame-jugendarbeit.de\/wordpress\/wp-content\/uploads\/2024\/11\/Martinsumzug-2024-EiS.jpg?fit=840%2C1200&ssl=1&resize=350%2C200","width":350,"height":200,"srcset":"https:\/\/i0.wp.com\/www.gemeinsame-jugendarbeit.de\/wordpress\/wp-content\/uploads\/2024\/11\/Martinsumzug-2024-EiS.jpg?fit=840%2C1200&ssl=1&resize=350%2C200 1x, https:\/\/i0.wp.com\/www.gemeinsame-jugendarbeit.de\/wordpress\/wp-content\/uploads\/2024\/11\/Martinsumzug-2024-EiS.jpg?fit=840%2C1200&ssl=1&resize=525%2C300 1.5x, https:\/\/i0.wp.com\/www.gemeinsame-jugendarbeit.de\/wordpress\/wp-content\/uploads\/2024\/11\/Martinsumzug-2024-EiS.jpg?fit=840%2C1200&ssl=1&resize=700%2C400 2x"},"classes":[]},{"id":4457,"url":"https:\/\/www.gemeinsame-jugendarbeit.de\/wordpress\/2024\/05\/18\/ku37-neuer-konfiunterricht-der-ev-kirchengemeinden-in-schoetmar\/","url_meta":{"origin":611,"position":4},"title":"KU3+7 &#8211; Neuer Konfiunterricht der ev. Kirchengemeinden in Sch\u00f6tmar","author":"schwarze","date":"18. Mai 2024","format":false,"excerpt":"Liebe Familien!Bisher besuchen die Jugendlichen in der 6. und 7. Klasse den Konfiunterricht und werden zum Abschluss in der Kirche konfirmiert.Auf dem Weg zur Konfirmation gibt es etwas Neues in den evangelisch reformierten und lutherischen Kirchengemeinden in Sch\u00f6tmar.\u201eKonfi 3+7\" - der zweigeteilte Konfiunterricht in der Zeit der 3. und der\u2026","rel":"","context":"In &quot;Allgemein&quot;","block_context":{"text":"Allgemein","link":"https:\/\/www.gemeinsame-jugendarbeit.de\/wordpress\/category\/allgemein\/"},"img":{"alt_text":"","src":"https:\/\/i0.wp.com\/www.gemeinsame-jugendarbeit.de\/wordpress\/wp-content\/uploads\/2024\/05\/AdobeStock_104875527-1024x684.jpeg?resize=350%2C200","width":350,"height":200,"srcset":"https:\/\/i0.wp.com\/www.gemeinsame-jugendarbeit.de\/wordpress\/wp-content\/uploads\/2024\/05\/AdobeStock_104875527-1024x684.jpeg?resize=350%2C200 1x, https:\/\/i0.wp.com\/www.gemeinsame-jugendarbeit.de\/wordpress\/wp-content\/uploads\/2024\/05\/AdobeStock_104875527-1024x684.jpeg?resize=525%2C300 1.5x, https:\/\/i0.wp.com\/www.gemeinsame-jugendarbeit.de\/wordpress\/wp-content\/uploads\/2024\/05\/AdobeStock_104875527-1024x684.jpeg?resize=700%2C400 2x"},"classes":[]},{"id":549,"url":"https:\/\/www.gemeinsame-jugendarbeit.de\/wordpress\/2017\/06\/23\/jugend-kanu-ausflug-nach-pfingsten\/","url_meta":{"origin":611,"position":5},"title":"Jugend-Kanu-Ausflug nach Pfingsten","author":"schwarze","date":"23. Juni 2017","format":false,"excerpt":"Mit Pastor Honermeyer begaben sich am 06.06. 15 Jugendliche und drei Erwachsene auf eine spannende Kanufahrt auf Bega und Werre. Nach einer kundigen Einf\u00fchrung in die Kanuregeln und Warnung vorm wuchernden \"B\u00e4renklau\" durch \"Tom\" von der Firma \"Rio Negro\" an der Ladestra\u00dfe ging es los. Erste Aufgabe: Die bunte Gruppe\u2026","rel":"","context":"In &quot;Allgemein&quot;","block_context":{"text":"Allgemein","link":"https:\/\/www.gemeinsame-jugendarbeit.de\/wordpress\/category\/allgemein\/"},"img":{"alt_text":"","src":"https:\/\/i0.wp.com\/www.gemeinsame-jugendarbeit.de\/wordpress\/wp-content\/uploads\/2017\/06\/20160702_141302.jpg?fit=1200%2C675&ssl=1&resize=350%2C200","width":350,"height":200,"srcset":"https:\/\/i0.wp.com\/www.gemeinsame-jugendarbeit.de\/wordpress\/wp-content\/uploads\/2017\/06\/20160702_141302.jpg?fit=1200%2C675&ssl=1&resize=350%2C200 1x, https:\/\/i0.wp.com\/www.gemeinsame-jugendarbeit.de\/wordpress\/wp-content\/uploads\/2017\/06\/20160702_141302.jpg?fit=1200%2C675&ssl=1&resize=525%2C300 1.5x, https:\/\/i0.wp.com\/www.gemeinsame-jugendarbeit.de\/wordpress\/wp-content\/uploads\/2017\/06\/20160702_141302.jpg?fit=1200%2C675&ssl=1&resize=700%2C400 2x, https:\/\/i0.wp.com\/www.gemeinsame-jugendarbeit.de\/wordpress\/wp-content\/uploads\/2017\/06\/20160702_141302.jpg?fit=1200%2C675&ssl=1&resize=1050%2C600 3x"},"classes":[]}],"publishpress_future_action":{"enabled":false,"date":"2026-05-05 08:03:11","action":"change-status","newStatus":"draft","terms":[],"taxonomy":"category"},"publishpress_future_workflow_manual_trigger":{"enabledWorkflows":[]},"_links":{"self":[{"href":"https:\/\/www.gemeinsame-jugendarbeit.de\/wordpress\/wp-json\/wp\/v2\/posts\/611"}],"collection":[{"href":"https:\/\/www.gemeinsame-jugendarbeit.de\/wordpress\/wp-json\/wp\/v2\/posts"}],"about":[{"href":"https:\/\/www.gemeinsame-jugendarbeit.de\/wordpress\/wp-json\/wp\/v2\/types\/post"}],"author":[{"embeddable":true,"href":"https:\/\/www.gemeinsame-jugendarbeit.de\/wordpress\/wp-json\/wp\/v2\/users\/1"}],"replies":[{"embeddable":true,"href":"https:\/\/www.gemeinsame-jugendarbeit.de\/wordpress\/wp-json\/wp\/v2\/comments?post=611"}],"version-history":[{"count":1,"href":"https:\/\/www.gemeinsame-jugendarbeit.de\/wordpress\/wp-json\/wp\/v2\/posts\/611\/revisions"}],"predecessor-version":[{"id":613,"href":"https:\/\/www.gemeinsame-jugendarbeit.de\/wordpress\/wp-json\/wp\/v2\/posts\/611\/revisions\/613"}],"wp:featuredmedia":[{"embeddable":true,"href":"https:\/\/www.gemeinsame-jugendarbeit.de\/wordpress\/wp-json\/wp\/v2\/media\/606"}],"wp:attachment":[{"href":"https:\/\/www.gemeinsame-jugendarbeit.de\/wordpress\/wp-json\/wp\/v2\/media?parent=611"}],"wp:term":[{"taxonomy":"category","embeddable":true,"href":"https:\/\/www.gemeinsame-jugendarbeit.de\/wordpress\/wp-json\/wp\/v2\/categories?post=611"},{"taxonomy":"post_tag","embeddable":true,"href":"https:\/\/www.gemeinsame-jugendarbeit.de\/wordpress\/wp-json\/wp\/v2\/tags?post=611"}],"curies":[{"name":"wp","href":"https:\/\/api.w.org\/{rel}","templated":true}]}}