{"id":911,"date":"2018-04-17T14:49:04","date_gmt":"2018-04-17T12:49:04","guid":{"rendered":"http:\/\/www.gemeinsame-jugendarbeit.de\/wordpress\/?p=911"},"modified":"2018-04-17T15:01:20","modified_gmt":"2018-04-17T13:01:20","slug":"bilder-der-kibiwo-2018","status":"publish","type":"post","link":"https:\/\/www.gemeinsame-jugendarbeit.de\/wordpress\/2018\/04\/17\/bilder-der-kibiwo-2018\/","title":{"rendered":"Bilder der Kibiwo 2018"},"content":{"rendered":"<p>Es gab bei der Kinderbibelwoche 2018 in Sch\u00f6tmar viel zu erleben.<br \/>\nHier sind einige Eindr\u00fccke:<\/p>\nngg_shortcode_0_placeholder\n","protected":false},"excerpt":{"rendered":"<p>Es gab bei der Kinderbibelwoche 2018 in Sch\u00f6tmar viel zu erleben. Hier sind einige Eindr\u00fccke:<\/p>\n","protected":false},"author":1,"featured_media":666,"comment_status":"closed","ping_status":"closed","sticky":false,"template":"","format":"image","meta":{"ngg_post_thumbnail":0,"_jetpack_newsletter_access":""},"categories":[1,4],"tags":[],"jetpack_featured_media_url":"https:\/\/i0.wp.com\/www.gemeinsame-jugendarbeit.de\/wordpress\/wp-content\/uploads\/2018\/02\/Zeitreise_Grafik_Titel_neu.jpg?fit=2366%2C3091&ssl=1","jetpack_sharing_enabled":true,"jetpack_shortlink":"https:\/\/wp.me\/p8sCNj-eH","jetpack-related-posts":[{"id":3627,"url":"https:\/\/www.gemeinsame-jugendarbeit.de\/wordpress\/2022\/06\/03\/niemand-moechte-krieg\/","url_meta":{"origin":911,"position":0},"title":"Niemand m\u00f6chte Krieg!","author":"schwarze","date":"3. Juni 2022","format":false,"excerpt":"Der Vorstellungsgottesdienst der diesj\u00e4hrigen Konfirmandengruppe der Kilianskirche hat sich mit dem Thema \u201eKrieg in der Ukraine\u201c besch\u00e4ftigt. Der Konfirmand Milian Gr\u00f6\u00dfchen (13 Jahre) hat seine Gedanken dazu in einem Text zusammengefasst, der als Grundlage der Predigt diente. Seine jugendlichen Gedanken stimmen nachdenklich.","rel":"","context":"In &quot;Allgemein&quot;","block_context":{"text":"Allgemein","link":"https:\/\/www.gemeinsame-jugendarbeit.de\/wordpress\/category\/allgemein\/"},"img":{"alt_text":"","src":"https:\/\/i0.wp.com\/www.gemeinsame-jugendarbeit.de\/wordpress\/wp-content\/uploads\/2022\/07\/EIS_Ausgabe-229_final.jpg?fit=1200%2C851&ssl=1&resize=350%2C200","width":350,"height":200,"srcset":"https:\/\/i0.wp.com\/www.gemeinsame-jugendarbeit.de\/wordpress\/wp-content\/uploads\/2022\/07\/EIS_Ausgabe-229_final.jpg?fit=1200%2C851&ssl=1&resize=350%2C200 1x, https:\/\/i0.wp.com\/www.gemeinsame-jugendarbeit.de\/wordpress\/wp-content\/uploads\/2022\/07\/EIS_Ausgabe-229_final.jpg?fit=1200%2C851&ssl=1&resize=525%2C300 1.5x, https:\/\/i0.wp.com\/www.gemeinsame-jugendarbeit.de\/wordpress\/wp-content\/uploads\/2022\/07\/EIS_Ausgabe-229_final.jpg?fit=1200%2C851&ssl=1&resize=700%2C400 2x, https:\/\/i0.wp.com\/www.gemeinsame-jugendarbeit.de\/wordpress\/wp-content\/uploads\/2022\/07\/EIS_Ausgabe-229_final.jpg?fit=1200%2C851&ssl=1&resize=1050%2C600 3x"},"classes":[]},{"id":4457,"url":"https:\/\/www.gemeinsame-jugendarbeit.de\/wordpress\/2024\/05\/18\/ku37-neuer-konfiunterricht-der-ev-kirchengemeinden-in-schoetmar\/","url_meta":{"origin":911,"position":1},"title":"KU3+7 &#8211; Neuer Konfiunterricht der ev. Kirchengemeinden in Sch\u00f6tmar","author":"schwarze","date":"18. Mai 2024","format":false,"excerpt":"Liebe Familien!Bisher besuchen die Jugendlichen in der 6. und 7. Klasse den Konfiunterricht und werden zum Abschluss in der Kirche konfirmiert.Auf dem Weg zur Konfirmation gibt es etwas Neues in den evangelisch reformierten und lutherischen Kirchengemeinden in Sch\u00f6tmar.\u201eKonfi 3+7\" - der zweigeteilte Konfiunterricht in der Zeit der 3. und der\u2026","rel":"","context":"In &quot;Allgemein&quot;","block_context":{"text":"Allgemein","link":"https:\/\/www.gemeinsame-jugendarbeit.de\/wordpress\/category\/allgemein\/"},"img":{"alt_text":"","src":"https:\/\/i0.wp.com\/www.gemeinsame-jugendarbeit.de\/wordpress\/wp-content\/uploads\/2024\/05\/AdobeStock_104875527-1024x684.jpeg?resize=350%2C200","width":350,"height":200,"srcset":"https:\/\/i0.wp.com\/www.gemeinsame-jugendarbeit.de\/wordpress\/wp-content\/uploads\/2024\/05\/AdobeStock_104875527-1024x684.jpeg?resize=350%2C200 1x, https:\/\/i0.wp.com\/www.gemeinsame-jugendarbeit.de\/wordpress\/wp-content\/uploads\/2024\/05\/AdobeStock_104875527-1024x684.jpeg?resize=525%2C300 1.5x, https:\/\/i0.wp.com\/www.gemeinsame-jugendarbeit.de\/wordpress\/wp-content\/uploads\/2024\/05\/AdobeStock_104875527-1024x684.jpeg?resize=700%2C400 2x"},"classes":[]},{"id":4841,"url":"https:\/\/www.gemeinsame-jugendarbeit.de\/wordpress\/2025\/04\/30\/kikiki-am-18-mai-2025\/","url_meta":{"origin":911,"position":2},"title":"KiKiKi am 18. Mai 2025","author":"schwarze","date":"30. April 2025","format":false,"excerpt":"Wie viele Kinder und Familien wissen, findet an jeden 3. Sonntag im Monat KiKiKi \u2013 der Kindergottesdienst der Kilianskirche statt. Am 18. Mai wird dieser als Familiengottesdienst im Rahmen des Abschlusses des ersten Jahrgangs des KU3+7 *), der KiKoKi (KiliansKonfiKids) gefeiert. Ganz herzliche Einladung! *) Der KU3+7 ist ein neuer\u2026","rel":"","context":"In &quot;Allgemein&quot;","block_context":{"text":"Allgemein","link":"https:\/\/www.gemeinsame-jugendarbeit.de\/wordpress\/category\/allgemein\/"},"img":{"alt_text":"","src":"https:\/\/i0.wp.com\/www.gemeinsame-jugendarbeit.de\/wordpress\/wp-content\/uploads\/2025\/04\/Kikiki_250518.jpg?fit=835%2C1200&ssl=1&resize=350%2C200","width":350,"height":200,"srcset":"https:\/\/i0.wp.com\/www.gemeinsame-jugendarbeit.de\/wordpress\/wp-content\/uploads\/2025\/04\/Kikiki_250518.jpg?fit=835%2C1200&ssl=1&resize=350%2C200 1x, https:\/\/i0.wp.com\/www.gemeinsame-jugendarbeit.de\/wordpress\/wp-content\/uploads\/2025\/04\/Kikiki_250518.jpg?fit=835%2C1200&ssl=1&resize=525%2C300 1.5x, https:\/\/i0.wp.com\/www.gemeinsame-jugendarbeit.de\/wordpress\/wp-content\/uploads\/2025\/04\/Kikiki_250518.jpg?fit=835%2C1200&ssl=1&resize=700%2C400 2x"},"classes":[]},{"id":1143,"url":"https:\/\/www.gemeinsame-jugendarbeit.de\/wordpress\/2018\/05\/09\/ausflug-der-katechumenen-der-kilianskirche-ins-kloster-loccum-steinhuder-meer\/","url_meta":{"origin":911,"position":3},"title":"Ausflug der Katechumenen  der Kilianskirche ins Kloster Loccum\/Steinhuder Meer","author":"schwarze","date":"9. Mai 2018","format":false,"excerpt":"In der ev. ref. Kirchengemeinde Sch\u00f6tmar bereiten sich zur Zeit achtzehn Katechumenen, neun M\u00e4dchen und neun Jungs, auf ihre Konfirmation im n\u00e4chsten Jahr vor. Gemeinsam hei\u00dft es alle vier Wochen samst\u00e4glich die Kirchengemeinde kennenzulernen, Glaubensinhalten nachzugehen und Lieder zu singen. Anfang Mai konnten die Katechumenen dabei zusammen mit einigen Elternteilen\u2026","rel":"","context":"In &quot;Allgemein&quot;","block_context":{"text":"Allgemein","link":"https:\/\/www.gemeinsame-jugendarbeit.de\/wordpress\/category\/allgemein\/"},"img":{"alt_text":"","src":"","width":0,"height":0},"classes":[]},{"id":329,"url":"https:\/\/www.gemeinsame-jugendarbeit.de\/wordpress\/2017\/03\/20\/oekum-jugengottesdienst\/","url_meta":{"origin":911,"position":4},"title":"Artikel zum \u00f6kum. Jugengottesdienst","author":"schwarze","date":"20. M\u00e4rz 2017","format":"image","excerpt":"\u00d6kumenischer Jugendgottesdienst \"Rufe mich an in der Not\u201c Finden Gottesdienste immer nur in der Kirche statt? Nicht, wenn zum \u00f6kumenischen Jugendgottesdienst eingeladen wird. Nach Gottesdiensten in der Trauerhalle Kramer und dem Fitnessstudio Pro Vita+, fand am 26. M\u00e4rz ein gemeinsamer Jugendgottesdienst der Evangelischen Jugend Bad Salzuflen, dem katholischen Pastoralverbund Bad\u2026","rel":"","context":"In &quot;Archiv&quot;","block_context":{"text":"Archiv","link":"https:\/\/www.gemeinsame-jugendarbeit.de\/wordpress\/category\/archiv\/"},"img":{"alt_text":"","src":"https:\/\/i0.wp.com\/www.gemeinsame-jugendarbeit.de\/wordpress\/wp-content\/uploads\/2017\/03\/jugo2017Plakat_klein.jpg?fit=1200%2C848&ssl=1&resize=350%2C200","width":350,"height":200,"srcset":"https:\/\/i0.wp.com\/www.gemeinsame-jugendarbeit.de\/wordpress\/wp-content\/uploads\/2017\/03\/jugo2017Plakat_klein.jpg?fit=1200%2C848&ssl=1&resize=350%2C200 1x, https:\/\/i0.wp.com\/www.gemeinsame-jugendarbeit.de\/wordpress\/wp-content\/uploads\/2017\/03\/jugo2017Plakat_klein.jpg?fit=1200%2C848&ssl=1&resize=525%2C300 1.5x, https:\/\/i0.wp.com\/www.gemeinsame-jugendarbeit.de\/wordpress\/wp-content\/uploads\/2017\/03\/jugo2017Plakat_klein.jpg?fit=1200%2C848&ssl=1&resize=700%2C400 2x, https:\/\/i0.wp.com\/www.gemeinsame-jugendarbeit.de\/wordpress\/wp-content\/uploads\/2017\/03\/jugo2017Plakat_klein.jpg?fit=1200%2C848&ssl=1&resize=1050%2C600 3x"},"classes":[]},{"id":5058,"url":"https:\/\/www.gemeinsame-jugendarbeit.de\/wordpress\/2025\/11\/26\/kilians-filmabend-bach-am-27-12-2025\/","url_meta":{"origin":911,"position":5},"title":"KILIANS FILMABEND \u2013 Bach \u2013 Am 27.12.2025","author":"schwarze","date":"26. November 2025","format":false,"excerpt":"KILIANS FILMABEND \u2013 Mehr als NUR Filme gucken. Die ev.-ref. Kirchengemeinde Sch\u00f6tmar l\u00e4dt herzlich ein zu unserer Veranstaltungsreihe: KILIANS-FILMABEND. Unter diesem Namen pr\u00e4sentieren wir Filme, die auf besondere Weise christliche oder ethische Themen ansprechen und zum Nachdenken anregen. Dabei steht nicht nur das gemeinsame Filmerlebnis im Mittelpunkt, sondern auch der\u2026","rel":"","context":"In &quot;Allgemein&quot;","block_context":{"text":"Allgemein","link":"https:\/\/www.gemeinsame-jugendarbeit.de\/wordpress\/category\/allgemein\/"},"img":{"alt_text":"","src":"https:\/\/i0.wp.com\/www.gemeinsame-jugendarbeit.de\/wordpress\/wp-content\/uploads\/2025\/11\/Plakat-Kilians-Filmabend.jpg?fit=731%2C1008&ssl=1&resize=350%2C200","width":350,"height":200,"srcset":"https:\/\/i0.wp.com\/www.gemeinsame-jugendarbeit.de\/wordpress\/wp-content\/uploads\/2025\/11\/Plakat-Kilians-Filmabend.jpg?fit=731%2C1008&ssl=1&resize=350%2C200 1x, https:\/\/i0.wp.com\/www.gemeinsame-jugendarbeit.de\/wordpress\/wp-content\/uploads\/2025\/11\/Plakat-Kilians-Filmabend.jpg?fit=731%2C1008&ssl=1&resize=525%2C300 1.5x, https:\/\/i0.wp.com\/www.gemeinsame-jugendarbeit.de\/wordpress\/wp-content\/uploads\/2025\/11\/Plakat-Kilians-Filmabend.jpg?fit=731%2C1008&ssl=1&resize=700%2C400 2x"},"classes":[]}],"publishpress_future_action":{"enabled":false,"date":"2026-05-05 06:05:04","action":"change-status","newStatus":"draft","terms":[],"taxonomy":"category"},"publishpress_future_workflow_manual_trigger":{"enabledWorkflows":[]},"_links":{"self":[{"href":"https:\/\/www.gemeinsame-jugendarbeit.de\/wordpress\/wp-json\/wp\/v2\/posts\/911"}],"collection":[{"href":"https:\/\/www.gemeinsame-jugendarbeit.de\/wordpress\/wp-json\/wp\/v2\/posts"}],"about":[{"href":"https:\/\/www.gemeinsame-jugendarbeit.de\/wordpress\/wp-json\/wp\/v2\/types\/post"}],"author":[{"embeddable":true,"href":"https:\/\/www.gemeinsame-jugendarbeit.de\/wordpress\/wp-json\/wp\/v2\/users\/1"}],"replies":[{"embeddable":true,"href":"https:\/\/www.gemeinsame-jugendarbeit.de\/wordpress\/wp-json\/wp\/v2\/comments?post=911"}],"version-history":[{"count":8,"href":"https:\/\/www.gemeinsame-jugendarbeit.de\/wordpress\/wp-json\/wp\/v2\/posts\/911\/revisions"}],"predecessor-version":[{"id":919,"href":"https:\/\/www.gemeinsame-jugendarbeit.de\/wordpress\/wp-json\/wp\/v2\/posts\/911\/revisions\/919"}],"wp:featuredmedia":[{"embeddable":true,"href":"https:\/\/www.gemeinsame-jugendarbeit.de\/wordpress\/wp-json\/wp\/v2\/media\/666"}],"wp:attachment":[{"href":"https:\/\/www.gemeinsame-jugendarbeit.de\/wordpress\/wp-json\/wp\/v2\/media?parent=911"}],"wp:term":[{"taxonomy":"category","embeddable":true,"href":"https:\/\/www.gemeinsame-jugendarbeit.de\/wordpress\/wp-json\/wp\/v2\/categories?post=911"},{"taxonomy":"post_tag","embeddable":true,"href":"https:\/\/www.gemeinsame-jugendarbeit.de\/wordpress\/wp-json\/wp\/v2\/tags?post=911"}],"curies":[{"name":"wp","href":"https:\/\/api.w.org\/{rel}","templated":true}]}}